{"id":24833,"date":"2023-01-31T11:10:55","date_gmt":"2023-01-31T09:10:55","guid":{"rendered":"https:\/\/bisbalpenedes.com\/web\/?p=24833"},"modified":"2023-01-31T11:11:34","modified_gmt":"2023-01-31T09:11:34","slug":"ja-podeu-accedir-al-servei-comarcal-treball-a-les-comarques","status":"publish","type":"post","link":"https:\/\/bisbalpenedes.com\/web\/2023\/01\/31\/ja-podeu-accedir-al-servei-comarcal-treball-a-les-comarques\/","title":{"rendered":"Ja podeu accedir al servei comarcal &#8220;Treball a les comarques&#8221;"},"content":{"rendered":"\n<p>Recentment s&#8217;ha presentat el programa &#8216;Treball a les Comarques&#8217;, que ha rebut la subvenci\u00f3 del SOC. Es tracta d&#8217;un nou servei per orientar els baixpenedesencs en la cerca de feina i en la possibilitat de formar-se. Al cartell adjunt podeu trobar m\u00e9s informaci\u00f3 sobre com contactar amb el servei.<\/p>\n\n\n\n<hr class=\"wp-block-separator has-alpha-channel-opacity\"\/>\n\n\n\n<p>Recientemente se ha presentado el programa &#8216;Treball a les Comarques&#8217;, que ha recibido la subvenci\u00f3n del SOC. Se trata de un nuevo servicio para orientar a los baixpenedesencs en la b\u00fasqueda de trabajo y en la posibilidad de formarse. El cartel adjunto pod\u00e9is encontrar m\u00e1s informaci\u00f3n sobre como contratar con el servicio.<\/p>\n","protected":false},"excerpt":{"rendered":"<p>Recentment s&#8217;ha presentat el programa &#8216;Treball a les Comarques&#8217;, que ha rebut la subvenci\u00f3 del SOC. Es tracta d&#8217;un nou servei per orientar els baixpenedesencs en la cerca de feina &hellip; <a href=\"https:\/\/bisbalpenedes.com\/web\/2023\/01\/31\/ja-podeu-accedir-al-servei-comarcal-treball-a-les-comarques\/\" class=\"more-link\">Read More<\/a><\/p>\n","protected":false},"author":4,"featured_media":24834,"comment_status":"closed","ping_status":"closed","sticky":false,"template":"","format":"standard","meta":[],"categories":[8],"tags":[459,12,5802,263,5797],"_links":{"self":[{"href":"https:\/\/bisbalpenedes.com\/web\/wp-json\/wp\/v2\/posts\/24833"}],"collection":[{"href":"https:\/\/bisbalpenedes.com\/web\/wp-json\/wp\/v2\/posts"}],"about":[{"href":"https:\/\/bisbalpenedes.com\/web\/wp-json\/wp\/v2\/types\/post"}],"author":[{"embeddable":true,"href":"https:\/\/bisbalpenedes.com\/web\/wp-json\/wp\/v2\/users\/4"}],"replies":[{"embeddable":true,"href":"https:\/\/bisbalpenedes.com\/web\/wp-json\/wp\/v2\/comments?post=24833"}],"version-history":[{"count":1,"href":"https:\/\/bisbalpenedes.com\/web\/wp-json\/wp\/v2\/posts\/24833\/revisions"}],"predecessor-version":[{"id":24835,"href":"https:\/\/bisbalpenedes.com\/web\/wp-json\/wp\/v2\/posts\/24833\/revisions\/24835"}],"wp:featuredmedia":[{"embeddable":true,"href":"https:\/\/bisbalpenedes.com\/web\/wp-json\/wp\/v2\/media\/24834"}],"wp:attachment":[{"href":"https:\/\/bisbalpenedes.com\/web\/wp-json\/wp\/v2\/media?parent=24833"}],"wp:term":[{"taxonomy":"category","embeddable":true,"href":"https:\/\/bisbalpenedes.com\/web\/wp-json\/wp\/v2\/categories?post=24833"},{"taxonomy":"post_tag","embeddable":true,"href":"https:\/\/bisbalpenedes.com\/web\/wp-json\/wp\/v2\/tags?post=24833"}],"curies":[{"name":"wp","href":"https:\/\/api.w.org\/{rel}","templated":true}]}}