{"id":2483,"date":"2017-05-24T22:52:50","date_gmt":"2017-05-24T16:52:50","guid":{"rendered":"http:\/\/bisbalpenedes.com\/web\/?p=2483"},"modified":"2017-05-24T23:34:57","modified_gmt":"2017-05-24T17:34:57","slug":"aquest-dissabte-hi-haura-punt-informatiu-de-la-recollida-selectiva-al-priorat-de-la-bisbal","status":"publish","type":"post","link":"https:\/\/bisbalpenedes.com\/web\/2017\/05\/24\/aquest-dissabte-hi-haura-punt-informatiu-de-la-recollida-selectiva-al-priorat-de-la-bisbal\/","title":{"rendered":"Aquest dissabte hi haur\u00e0 punt informatiu de la recollida selectiva al Priorat de la Bisbal"},"content":{"rendered":"<p><a href=\"http:\/\/bisbalpenedes.com\/web\/wp-content\/uploads\/2017\/05\/PUNT_RECOLLIDA_PRIORAT.jpg\"><img loading=\"lazy\" class=\"aligncenter size-medium wp-image-2484\" title=\"PUNT_RECOLLIDA_PRIORAT\" src=\"http:\/\/bisbalpenedes.com\/web\/wp-content\/uploads\/2017\/05\/PUNT_RECOLLIDA_PRIORAT-300x212.jpg\" alt=\"\" width=\"300\" height=\"212\" srcset=\"https:\/\/bisbalpenedes.com\/web\/wp-content\/uploads\/2017\/05\/PUNT_RECOLLIDA_PRIORAT-300x212.jpg 300w, https:\/\/bisbalpenedes.com\/web\/wp-content\/uploads\/2017\/05\/PUNT_RECOLLIDA_PRIORAT-600x424.jpg 600w, https:\/\/bisbalpenedes.com\/web\/wp-content\/uploads\/2017\/05\/PUNT_RECOLLIDA_PRIORAT-1024x723.jpg 1024w, https:\/\/bisbalpenedes.com\/web\/wp-content\/uploads\/2017\/05\/PUNT_RECOLLIDA_PRIORAT.jpg 1754w\" sizes=\"(max-width: 300px) 100vw, 300px\" \/><\/a><\/p>\n<p>La Regidoria de Medi Ambient de l\u2019Ajuntament de La Bisbal del Pened\u00e8s ha dut a terme, durant les darreres setmanes, una campanya informativa amb la finalitat de conscienciar la ciutadania sobre la import\u00e0ncia de la recollida selectiva i el reciclatge en algunes urbanitzacions del municipi. Durant els dissabtes del mes de maig s&#8217;han dut a terme accions informatives a La Miralba, L&#8217;Esplai i Can Gordei. La darrera acci\u00f3 informativa d&#8217;aquesta campanya es dur\u00e0 a terme al<strong> local social del Priorat de la Bisbal<\/strong> aquest <strong>dissabte 27 de maig des de les 10 del mat\u00ed i fins a les 13h del migdia.<\/strong> Com en les altres urbanitzacions, hi haur\u00e0 dos educadors ambientals que resoldran els dubtes dels bisbalencs i les bisbalenques quant a recollida selectiva perqu\u00e8 &#8220;La Bisbal neta, \u00e9s cosa de tots&#8221;.<\/p>\n<p>&nbsp;<\/p>\n","protected":false},"excerpt":{"rendered":"<p>La Regidoria de Medi Ambient de l\u2019Ajuntament de La Bisbal del Pened\u00e8s ha dut a terme, durant les darreres setmanes, una campanya informativa amb la finalitat de conscienciar la ciutadania &hellip; <a href=\"https:\/\/bisbalpenedes.com\/web\/2017\/05\/24\/aquest-dissabte-hi-haura-punt-informatiu-de-la-recollida-selectiva-al-priorat-de-la-bisbal\/\" class=\"more-link\">Read More<\/a><\/p>\n","protected":false},"author":4,"featured_media":2484,"comment_status":"closed","ping_status":"closed","sticky":false,"template":"","format":"standard","meta":[],"categories":[32],"tags":[393,247,220,424,357],"_links":{"self":[{"href":"https:\/\/bisbalpenedes.com\/web\/wp-json\/wp\/v2\/posts\/2483"}],"collection":[{"href":"https:\/\/bisbalpenedes.com\/web\/wp-json\/wp\/v2\/posts"}],"about":[{"href":"https:\/\/bisbalpenedes.com\/web\/wp-json\/wp\/v2\/types\/post"}],"author":[{"embeddable":true,"href":"https:\/\/bisbalpenedes.com\/web\/wp-json\/wp\/v2\/users\/4"}],"replies":[{"embeddable":true,"href":"https:\/\/bisbalpenedes.com\/web\/wp-json\/wp\/v2\/comments?post=2483"}],"version-history":[{"count":3,"href":"https:\/\/bisbalpenedes.com\/web\/wp-json\/wp\/v2\/posts\/2483\/revisions"}],"predecessor-version":[{"id":2486,"href":"https:\/\/bisbalpenedes.com\/web\/wp-json\/wp\/v2\/posts\/2483\/revisions\/2486"}],"wp:featuredmedia":[{"embeddable":true,"href":"https:\/\/bisbalpenedes.com\/web\/wp-json\/wp\/v2\/media\/2484"}],"wp:attachment":[{"href":"https:\/\/bisbalpenedes.com\/web\/wp-json\/wp\/v2\/media?parent=2483"}],"wp:term":[{"taxonomy":"category","embeddable":true,"href":"https:\/\/bisbalpenedes.com\/web\/wp-json\/wp\/v2\/categories?post=2483"},{"taxonomy":"post_tag","embeddable":true,"href":"https:\/\/bisbalpenedes.com\/web\/wp-json\/wp\/v2\/tags?post=2483"}],"curies":[{"name":"wp","href":"https:\/\/api.w.org\/{rel}","templated":true}]}}