{"id":24829,"date":"2023-01-31T11:02:42","date_gmt":"2023-01-31T09:02:42","guid":{"rendered":"https:\/\/bisbalpenedes.com\/web\/?p=24829"},"modified":"2023-01-31T11:02:42","modified_gmt":"2023-01-31T09:02:42","slug":"els-dies-14-de-febrer-i-14-de-marc-soferiran-assessoraments-academics-per-als-joves-i-les-seves-families","status":"publish","type":"post","link":"https:\/\/bisbalpenedes.com\/web\/2023\/01\/31\/els-dies-14-de-febrer-i-14-de-marc-soferiran-assessoraments-academics-per-als-joves-i-les-seves-families\/","title":{"rendered":"Els dies 14 de febrer i 14 de mar\u00e7 s&#8217;oferiran assessoraments acad\u00e8mics per als joves i les seves fam\u00edlies"},"content":{"rendered":"\n<p>L&#8217;Oficina Jove del Baix Pened\u00e8s es traslladar\u00e0 a la Bisbal del Pened\u00e8s els dies 14 de febrer i 14 de mar\u00e7 perqu\u00e8 els joves i les seves fam\u00edlies pugueu accedir als assessoraments acad\u00e8mics que ofereixen.<br>Podeu demanar cita contactant amb el correu electr\u00f2nic ocupacio@bisbalpenedes.com o trucant al 977 68 84 38.<\/p>\n\n\n\n<hr class=\"wp-block-separator has-alpha-channel-opacity\"\/>\n\n\n\n<p>La Oficina Jove del Baix Pened\u00e8s se trasladar\u00e1 a la Bisbal del Pened\u00e8s los d\u00edas 14 de febrero y 14 de marzo para que los j\u00f3venes y sus familias pod\u00e1is acceder a los asesoramientos acad\u00e9micos que ofrecen.<br>Pod\u00e9is solicitar cita contactando con el correo electr\u00f3nico ocupacio@bisbalpenedes.com o llamando al 977 68 84 38.<\/p>\n","protected":false},"excerpt":{"rendered":"<p>L&#8217;Oficina Jove del Baix Pened\u00e8s es traslladar\u00e0 a la Bisbal del Pened\u00e8s els dies 14 de febrer i 14 de mar\u00e7 perqu\u00e8 els joves i les seves fam\u00edlies pugueu accedir &hellip; <a href=\"https:\/\/bisbalpenedes.com\/web\/2023\/01\/31\/els-dies-14-de-febrer-i-14-de-marc-soferiran-assessoraments-academics-per-als-joves-i-les-seves-families\/\" class=\"more-link\">Read More<\/a><\/p>\n","protected":false},"author":4,"featured_media":24830,"comment_status":"closed","ping_status":"closed","sticky":false,"template":"","format":"standard","meta":[],"categories":[8],"tags":[5103,3495,41,12,505,393],"_links":{"self":[{"href":"https:\/\/bisbalpenedes.com\/web\/wp-json\/wp\/v2\/posts\/24829"}],"collection":[{"href":"https:\/\/bisbalpenedes.com\/web\/wp-json\/wp\/v2\/posts"}],"about":[{"href":"https:\/\/bisbalpenedes.com\/web\/wp-json\/wp\/v2\/types\/post"}],"author":[{"embeddable":true,"href":"https:\/\/bisbalpenedes.com\/web\/wp-json\/wp\/v2\/users\/4"}],"replies":[{"embeddable":true,"href":"https:\/\/bisbalpenedes.com\/web\/wp-json\/wp\/v2\/comments?post=24829"}],"version-history":[{"count":1,"href":"https:\/\/bisbalpenedes.com\/web\/wp-json\/wp\/v2\/posts\/24829\/revisions"}],"predecessor-version":[{"id":24831,"href":"https:\/\/bisbalpenedes.com\/web\/wp-json\/wp\/v2\/posts\/24829\/revisions\/24831"}],"wp:featuredmedia":[{"embeddable":true,"href":"https:\/\/bisbalpenedes.com\/web\/wp-json\/wp\/v2\/media\/24830"}],"wp:attachment":[{"href":"https:\/\/bisbalpenedes.com\/web\/wp-json\/wp\/v2\/media?parent=24829"}],"wp:term":[{"taxonomy":"category","embeddable":true,"href":"https:\/\/bisbalpenedes.com\/web\/wp-json\/wp\/v2\/categories?post=24829"},{"taxonomy":"post_tag","embeddable":true,"href":"https:\/\/bisbalpenedes.com\/web\/wp-json\/wp\/v2\/tags?post=24829"}],"curies":[{"name":"wp","href":"https:\/\/api.w.org\/{rel}","templated":true}]}}