{"id":24825,"date":"2023-01-30T21:02:01","date_gmt":"2023-01-30T19:02:01","guid":{"rendered":"https:\/\/bisbalpenedes.com\/web\/?p=24825"},"modified":"2023-01-30T21:02:01","modified_gmt":"2023-01-30T19:02:01","slug":"capsules-formatives-per-a-entitats-esportives-del-baix-penedes","status":"publish","type":"post","link":"https:\/\/bisbalpenedes.com\/web\/2023\/01\/30\/capsules-formatives-per-a-entitats-esportives-del-baix-penedes\/","title":{"rendered":"<strong>C\u00e0psules formatives per a entitats esportives del Baix Pened\u00e8s<\/strong>"},"content":{"rendered":"\n<p>Del 9 de febrer al 18 de maig, de 19h a 21h, el Centre C\u00edvic l\u2019Estaci\u00f3 del Vendrell acollir\u00e0 diverses classes per a entitats esportives, adre\u00e7ades a directius i gestors. Les sessions seran presencials i les impartiran persones expertes amb una llarga experi\u00e8ncia en el suport i l\u2019assessorament a les entitats del tercer sector. Us adjuntem un cartell informatiu amb totes les sessions previstes.<\/p>\n\n\n\n<p>Per a m\u00e9s informaci\u00f3 us podeu adre\u00e7ar al correu electr\u00f2nic: <a href=\"mailto:cebaixpenedes@gmail.com\">cebaixpenedes@gmail.com<\/a>.<\/p>\n\n\n\n<p>Les inscripcions es poden fer a <a href=\"https:\/\/forms.gle\/uS8XzR2Bjc9AepJ9A\">https:\/\/forms.gle\/uS8XzR2Bjc9AepJ9A<\/a><\/p>\n\n\n\n<figure class=\"wp-block-image size-large\"><img loading=\"lazy\" width=\"724\" height=\"1024\" src=\"https:\/\/bisbalpenedes.com\/web\/wp-content\/uploads\/2023\/01\/formacio\u0301-per-a-entitats_page-0002-724x1024.jpg\" alt=\"\" class=\"wp-image-24826\" srcset=\"https:\/\/bisbalpenedes.com\/web\/wp-content\/uploads\/2023\/01\/formacio\u0301-per-a-entitats_page-0002-724x1024.jpg 724w, https:\/\/bisbalpenedes.com\/web\/wp-content\/uploads\/2023\/01\/formacio\u0301-per-a-entitats_page-0002-212x300.jpg 212w, https:\/\/bisbalpenedes.com\/web\/wp-content\/uploads\/2023\/01\/formacio\u0301-per-a-entitats_page-0002-768x1086.jpg 768w, https:\/\/bisbalpenedes.com\/web\/wp-content\/uploads\/2023\/01\/formacio\u0301-per-a-entitats_page-0002-1086x1536.jpg 1086w, https:\/\/bisbalpenedes.com\/web\/wp-content\/uploads\/2023\/01\/formacio\u0301-per-a-entitats_page-0002-1448x2048.jpg 1448w, https:\/\/bisbalpenedes.com\/web\/wp-content\/uploads\/2023\/01\/formacio\u0301-per-a-entitats_page-0002-600x849.jpg 600w, https:\/\/bisbalpenedes.com\/web\/wp-content\/uploads\/2023\/01\/formacio\u0301-per-a-entitats_page-0002-scaled.jpg 1810w\" sizes=\"(max-width: 724px) 100vw, 724px\" \/><\/figure>\n\n\n\n<hr class=\"wp-block-separator has-alpha-channel-opacity\"\/>\n\n\n\n<p><strong>CASTELLANO |<\/strong> Del 9 de febrero al 18 de mayo, de 19h a 21h, el Centre C\u00edvic l\u2019Estaci\u00f3 del Vendrell acoger\u00e1 varias clases para entidades deportivas, dirigidas a directivos y gestores. Las sesiones ser\u00e1n presenciales y las impartir\u00e1n personas expertas con una larga experiencia en el apoyo y la asesor\u00eda a las entidades del tercer sector. Os adjuntamos un cartel informativo con todas las sesiones previstas.<\/p>\n\n\n\n<p>Para m\u00e1s informaci\u00f3n os pod\u00e9is dirigir al correo electr\u00f3nico: <a href=\"mailto:cebaixpenedes@gmail.com\">cebaixpenedes@gmail.com<\/a><\/p>\n\n\n\n<p>Las inscripciones se pueden hacer en <a href=\"https:\/\/forms.gle\/uS8XzR2Bjc9AepJ9A\">https:\/\/forms.gle\/uS8XzR2Bjc9AepJ9A<\/a><\/p>\n","protected":false},"excerpt":{"rendered":"<p>Del 9 de febrer al 18 de maig, de 19h a 21h, el Centre C\u00edvic l\u2019Estaci\u00f3 del Vendrell acollir\u00e0 diverses classes per a entitats esportives, adre\u00e7ades a directius i gestors. &hellip; <a href=\"https:\/\/bisbalpenedes.com\/web\/2023\/01\/30\/capsules-formatives-per-a-entitats-esportives-del-baix-penedes\/\" class=\"more-link\">Read More<\/a><\/p>\n","protected":false},"author":4,"featured_media":24827,"comment_status":"closed","ping_status":"closed","sticky":false,"template":"","format":"standard","meta":[],"categories":[19,8],"tags":[459,5800,1416,62,382,5801,368,12],"_links":{"self":[{"href":"https:\/\/bisbalpenedes.com\/web\/wp-json\/wp\/v2\/posts\/24825"}],"collection":[{"href":"https:\/\/bisbalpenedes.com\/web\/wp-json\/wp\/v2\/posts"}],"about":[{"href":"https:\/\/bisbalpenedes.com\/web\/wp-json\/wp\/v2\/types\/post"}],"author":[{"embeddable":true,"href":"https:\/\/bisbalpenedes.com\/web\/wp-json\/wp\/v2\/users\/4"}],"replies":[{"embeddable":true,"href":"https:\/\/bisbalpenedes.com\/web\/wp-json\/wp\/v2\/comments?post=24825"}],"version-history":[{"count":1,"href":"https:\/\/bisbalpenedes.com\/web\/wp-json\/wp\/v2\/posts\/24825\/revisions"}],"predecessor-version":[{"id":24828,"href":"https:\/\/bisbalpenedes.com\/web\/wp-json\/wp\/v2\/posts\/24825\/revisions\/24828"}],"wp:featuredmedia":[{"embeddable":true,"href":"https:\/\/bisbalpenedes.com\/web\/wp-json\/wp\/v2\/media\/24827"}],"wp:attachment":[{"href":"https:\/\/bisbalpenedes.com\/web\/wp-json\/wp\/v2\/media?parent=24825"}],"wp:term":[{"taxonomy":"category","embeddable":true,"href":"https:\/\/bisbalpenedes.com\/web\/wp-json\/wp\/v2\/categories?post=24825"},{"taxonomy":"post_tag","embeddable":true,"href":"https:\/\/bisbalpenedes.com\/web\/wp-json\/wp\/v2\/tags?post=24825"}],"curies":[{"name":"wp","href":"https:\/\/api.w.org\/{rel}","templated":true}]}}