{"id":24813,"date":"2023-01-27T16:08:57","date_gmt":"2023-01-27T14:08:57","guid":{"rendered":"https:\/\/bisbalpenedes.com\/web\/?p=24813"},"modified":"2023-01-27T16:08:57","modified_gmt":"2023-01-27T14:08:57","slug":"el-baix-penedes-rep-una-subvencio-del-soc-per-impulsar-politiques-ocupacionals-i-de-promocio-economica-amb-el-programa-treball-a-les-comarques","status":"publish","type":"post","link":"https:\/\/bisbalpenedes.com\/web\/2023\/01\/27\/el-baix-penedes-rep-una-subvencio-del-soc-per-impulsar-politiques-ocupacionals-i-de-promocio-economica-amb-el-programa-treball-a-les-comarques\/","title":{"rendered":"<strong>El Baix Pened\u00e8s rep una subvenci\u00f3 del SOC per impulsar pol\u00edtiques ocupacionals i de promoci\u00f3 econ\u00f2mica amb el programa \u201cTreball a les comarques\u201d<\/strong>"},"content":{"rendered":"\n<p>Aquest dimarts, les depend\u00e8ncies de l\u2019EINA han acollit un acte amb motiu del fet que ha estat atorgada una subvenci\u00f3 en el marc del programa \u201cTreball a les comarques\u201d per part del Servei d\u2019Ocupaci\u00f3 de Catalunya (SOC). Aquesta subvenci\u00f3 t\u00e9 l\u2019objectiu de potenciar i dinamitzar l\u2019activitat i les pol\u00edtiques d\u2019ocupaci\u00f3 per reduir l\u2019atur.<\/p>\n\n\n\n<p>La subvenci\u00f3 atorgada pel SOC en l\u2019actual convocat\u00f2ria \u00e9s d\u2019un total de 233.755,20\u20ac per al projecte \u201cPla de Dinamitzaci\u00f3 Ocupacional Comarcal del Baix Pened\u00e8s. Treball a les comarques 2022\u201d i t\u00e9 dues l\u00ednies d\u2019actuaci\u00f3 principals:<\/p>\n\n\n\n<ul><li>Governan\u00e7a i coordinaci\u00f3: que inclou la gesti\u00f3 del projecte, el control dels indicadors, la identificaci\u00f3 d\u2019experi\u00e8ncies de cooperaci\u00f3 territorial i la reflexi\u00f3 al voltant de les futures pol\u00edtiques d\u2019ocupaci\u00f3.<\/li><li>El programa espec\u00edfic de car\u00e0cter experimental i innovador per afavorir la inserci\u00f3 sociolaboral de col\u00b7lectius amb dificultats d\u2019inserci\u00f3. Aquesta \u00e0rea comptar\u00e0 amb dos grans pals de paller: la prospecci\u00f3 d\u2019empreses i el dispositiu d\u2019inserci\u00f3 laboral.<\/li><\/ul>\n\n\n\n<p>L\u2019Ajuntament del Vendrell, a trav\u00e9s de l\u2019EINA, ha estat l\u2019administraci\u00f3 que ha sol\u00b7licitat aquest programa de \u201cTreball a les comarques\u201d, en col\u00b7laboraci\u00f3 amb el Consell Comarcal del Baix Pened\u00e8s i l\u2019Ajuntament de Calafell i en representaci\u00f3 de la resta de municipis de la comarca, entre ells, la Bisbal del Pened\u00e8s.<\/p>\n\n\n\n<p>L\u2019alcaldessa de la Bisbal del Pened\u00e8s, Agn\u00e8s Ferr\u00e9, ha explicat que <em>\u201caquest \u00e9s un projecte que fa anys que perseguim. \u00c9s una subvenci\u00f3 per formar a persones desocupades i tamb\u00e9 per fer prospecci\u00f3 amb les empreses per facilitar la reinserci\u00f3 laboral de les persones formades. Les administracions de la comarca hem de treballar conjuntament, per\u00f2 hi ha un repte molt important a resoldre, sobretot per l&#8217;interior de la comarca: com ser\u00e0 el transport entre municipis de la comarca per poder garantir que les persones poden moure\u2019s en transport p\u00fablic per anar a treballar? Crec que cercar solucions quant a transport \u00e9s prioritari\u201d.<\/em><\/p>\n\n\n\n<figure class=\"wp-block-image size-full\"><img loading=\"lazy\" width=\"1024\" height=\"768\" src=\"https:\/\/bisbalpenedes.com\/web\/wp-content\/uploads\/2023\/01\/PHOTO-2023-01-24-13-22-41-3.jpg\" alt=\"\" class=\"wp-image-24815\" srcset=\"https:\/\/bisbalpenedes.com\/web\/wp-content\/uploads\/2023\/01\/PHOTO-2023-01-24-13-22-41-3.jpg 1024w, https:\/\/bisbalpenedes.com\/web\/wp-content\/uploads\/2023\/01\/PHOTO-2023-01-24-13-22-41-3-300x225.jpg 300w, https:\/\/bisbalpenedes.com\/web\/wp-content\/uploads\/2023\/01\/PHOTO-2023-01-24-13-22-41-3-768x576.jpg 768w, https:\/\/bisbalpenedes.com\/web\/wp-content\/uploads\/2023\/01\/PHOTO-2023-01-24-13-22-41-3-600x450.jpg 600w\" sizes=\"(max-width: 1024px) 100vw, 1024px\" \/><\/figure>\n\n\n\n<p><strong>CASTELLANO |<\/strong> Este martes, las dependencias de la EINA han acogida un acto con motivo del otorgamiento de una subvenci\u00f3n en el marco del programa \u201cTreball a les comarques\u201d por parte del Servicio de Ocupaci\u00f3n de Catalunya (SOC). Esta subvenci\u00f3n tiene el objetivo de potenciar y dinamizar la actividad y las pol\u00edticas de ocupaci\u00f3n para reducir el paro.<\/p>\n\n\n\n<p>La subvenci\u00f3n otorgada por el SOC en la actual convocatoria es de un total de 233.755,20\u20ac para el proyecto \u201cPla de Dinamitzaci\u00f3 Ocupacional Comarcal del Baix Pened\u00e8s. Treball a les comarques 2022\u201d y tiene dos l\u00edneas de actuaci\u00f3n principales:<\/p>\n\n\n\n<ul><li>Governanza y coordinaci\u00f3n: que incluye la gesti\u00f3n del proyecto, el control de los indicadores, la identificaci\u00f3n de experiencias de cooperaci\u00f3n territorial y la reflexi\u00f3n alrededor de las futuras pol\u00edticas de ocupaci\u00f3n.<\/li><li>El programa espec\u00edfico de car\u00e1cter experimental e innovador para favorecer la inserci\u00f3n sociolaboral de colectivos con dificultad de inserci\u00f3n. Esta \u00e1rea contar\u00e1 con dos grandes pilares: la prospecci\u00f3n de empresas y el dispositivo de inserci\u00f3n laboral.<\/li><\/ul>\n\n\n\n<p>El Ayuntamiento del Vendrell, a trav\u00e9s de la EINA, ha sido la administraci\u00f3n que ha solicitado este programa de \u201dTrabajo en las comarcas\u201d, en colaboraci\u00f3n con el Consell Comarcal del Baix Pened\u00e8s y el Ayuntamiento de Calafell y en representaci\u00f3n del resto de municipios de la comarca, entre ellos el de la Bisbal del Pened\u00e8s.<\/p>\n\n\n\n<p>La alcaldesa de la Bisbal del Pened\u00e8s, Agn\u00e8s Ferr\u00e9, ha explicado que<em> \u201ceste es un proyecto que hace a\u00f1os que perseguimos. Es una subvenci\u00f3n para formar a personas desocupadas y tambi\u00e9n para hacer prospecci\u00f3n con las empresas para facilitar la reinserci\u00f3n laboral de las personas formadas. Las administraciones de la comarca tenemos que trabajar conjuntamente, pero hay un reto muy importante por resolver, sobre todo en el interior de la comarca: \u00bfC\u00f3mo ser\u00e1 el transporte entre municipios de la comarca para poder garantizar que las personas se pueden mover en transporte p\u00fablico para ir a trabajar? Creo que buscar soluciones en cuanto a transporte es prioritario\u201d.<\/em><em><\/em><\/p>\n","protected":false},"excerpt":{"rendered":"<p>Aquest dimarts, les depend\u00e8ncies de l\u2019EINA han acollit un acte amb motiu del fet que ha estat atorgada una subvenci\u00f3 en el marc del programa \u201cTreball a les comarques\u201d per &hellip; <a href=\"https:\/\/bisbalpenedes.com\/web\/2023\/01\/27\/el-baix-penedes-rep-una-subvencio-del-soc-per-impulsar-politiques-ocupacionals-i-de-promocio-economica-amb-el-programa-treball-a-les-comarques\/\" class=\"more-link\">Read More<\/a><\/p>\n","protected":false},"author":4,"featured_media":24814,"comment_status":"closed","ping_status":"closed","sticky":false,"template":"","format":"standard","meta":[],"categories":[3822,8],"tags":[326,41,393,484,263,99],"_links":{"self":[{"href":"https:\/\/bisbalpenedes.com\/web\/wp-json\/wp\/v2\/posts\/24813"}],"collection":[{"href":"https:\/\/bisbalpenedes.com\/web\/wp-json\/wp\/v2\/posts"}],"about":[{"href":"https:\/\/bisbalpenedes.com\/web\/wp-json\/wp\/v2\/types\/post"}],"author":[{"embeddable":true,"href":"https:\/\/bisbalpenedes.com\/web\/wp-json\/wp\/v2\/users\/4"}],"replies":[{"embeddable":true,"href":"https:\/\/bisbalpenedes.com\/web\/wp-json\/wp\/v2\/comments?post=24813"}],"version-history":[{"count":1,"href":"https:\/\/bisbalpenedes.com\/web\/wp-json\/wp\/v2\/posts\/24813\/revisions"}],"predecessor-version":[{"id":24816,"href":"https:\/\/bisbalpenedes.com\/web\/wp-json\/wp\/v2\/posts\/24813\/revisions\/24816"}],"wp:featuredmedia":[{"embeddable":true,"href":"https:\/\/bisbalpenedes.com\/web\/wp-json\/wp\/v2\/media\/24814"}],"wp:attachment":[{"href":"https:\/\/bisbalpenedes.com\/web\/wp-json\/wp\/v2\/media?parent=24813"}],"wp:term":[{"taxonomy":"category","embeddable":true,"href":"https:\/\/bisbalpenedes.com\/web\/wp-json\/wp\/v2\/categories?post=24813"},{"taxonomy":"post_tag","embeddable":true,"href":"https:\/\/bisbalpenedes.com\/web\/wp-json\/wp\/v2\/tags?post=24813"}],"curies":[{"name":"wp","href":"https:\/\/api.w.org\/{rel}","templated":true}]}}