{"id":24805,"date":"2023-01-26T13:14:00","date_gmt":"2023-01-26T11:14:00","guid":{"rendered":"https:\/\/bisbalpenedes.com\/web\/?p=24805"},"modified":"2023-01-26T13:14:23","modified_gmt":"2023-01-26T11:14:23","slug":"el-diumenge-5-de-febrer-torna-el-cros-a-la-bisbal-del-penedes","status":"publish","type":"post","link":"https:\/\/bisbalpenedes.com\/web\/2023\/01\/26\/el-diumenge-5-de-febrer-torna-el-cros-a-la-bisbal-del-penedes\/","title":{"rendered":"El diumenge 5 de febrer torna el Cros de la Bisbal del Pened\u00e8s"},"content":{"rendered":"\n<p>Un any m\u00e9s, arriba el Cros a la Bisbal del Pened\u00e8s. Enguany tindr\u00e0 lloc el diumenge 5 de febrer, a partir de les 11.00h, des de l\u2019avda. Baix Pened\u00e8s. La cursa comptar\u00e0 amb la participaci\u00f3 d\u2019infants i joves de tota la comarca, entre els quals hi haur\u00e0 els alumnes de l\u2019Escola Ull de Vent i de l\u2019Institut Coster de la Torre.<\/p>\n\n\n\n<hr class=\"wp-block-separator has-alpha-channel-opacity\"\/>\n\n\n\n<p>Un a\u00f1o m\u00e1s, llega el Cros a la Bisbal del Pened\u00e8s. Este a\u00f1o tendr\u00e1 lugar el domingo 5 de febrero, a partir de las 11.00h, desde la avda. Baix Pened\u00e8s. La carrera contar\u00e1 con la participaci\u00f3n de ni\u00f1os y j\u00f3venes de toda la comarca, entre los cuales habr\u00e1 los alumnos de la Escola Ull de Vent y del Institut Coster de la Torre.<\/p>\n\n\n\n<p><\/p>\n","protected":false},"excerpt":{"rendered":"<p>Un any m\u00e9s, arriba el Cros a la Bisbal del Pened\u00e8s. Enguany tindr\u00e0 lloc el diumenge 5 de febrer, a partir de les 11.00h, des de l\u2019avda. Baix Pened\u00e8s. La &hellip; <a href=\"https:\/\/bisbalpenedes.com\/web\/2023\/01\/26\/el-diumenge-5-de-febrer-torna-el-cros-a-la-bisbal-del-penedes\/\" class=\"more-link\">Read More<\/a><\/p>\n","protected":false},"author":4,"featured_media":24806,"comment_status":"closed","ping_status":"closed","sticky":false,"template":"","format":"standard","meta":[],"categories":[19,8],"tags":[459,218,5205,337,1299,1475,393],"_links":{"self":[{"href":"https:\/\/bisbalpenedes.com\/web\/wp-json\/wp\/v2\/posts\/24805"}],"collection":[{"href":"https:\/\/bisbalpenedes.com\/web\/wp-json\/wp\/v2\/posts"}],"about":[{"href":"https:\/\/bisbalpenedes.com\/web\/wp-json\/wp\/v2\/types\/post"}],"author":[{"embeddable":true,"href":"https:\/\/bisbalpenedes.com\/web\/wp-json\/wp\/v2\/users\/4"}],"replies":[{"embeddable":true,"href":"https:\/\/bisbalpenedes.com\/web\/wp-json\/wp\/v2\/comments?post=24805"}],"version-history":[{"count":2,"href":"https:\/\/bisbalpenedes.com\/web\/wp-json\/wp\/v2\/posts\/24805\/revisions"}],"predecessor-version":[{"id":24808,"href":"https:\/\/bisbalpenedes.com\/web\/wp-json\/wp\/v2\/posts\/24805\/revisions\/24808"}],"wp:featuredmedia":[{"embeddable":true,"href":"https:\/\/bisbalpenedes.com\/web\/wp-json\/wp\/v2\/media\/24806"}],"wp:attachment":[{"href":"https:\/\/bisbalpenedes.com\/web\/wp-json\/wp\/v2\/media?parent=24805"}],"wp:term":[{"taxonomy":"category","embeddable":true,"href":"https:\/\/bisbalpenedes.com\/web\/wp-json\/wp\/v2\/categories?post=24805"},{"taxonomy":"post_tag","embeddable":true,"href":"https:\/\/bisbalpenedes.com\/web\/wp-json\/wp\/v2\/tags?post=24805"}],"curies":[{"name":"wp","href":"https:\/\/api.w.org\/{rel}","templated":true}]}}