{"id":24800,"date":"2023-01-25T22:15:05","date_gmt":"2023-01-25T20:15:05","guid":{"rendered":"https:\/\/bisbalpenedes.com\/web\/?p=24800"},"modified":"2023-01-25T22:15:05","modified_gmt":"2023-01-25T20:15:05","slug":"locitebp-facilita-suport-tecnic-i-assessorament-en-temes-deficiencia-energetica-a-la-bisbal-del-penedes-cada-quinze-dies","status":"publish","type":"post","link":"https:\/\/bisbalpenedes.com\/web\/2023\/01\/25\/locitebp-facilita-suport-tecnic-i-assessorament-en-temes-deficiencia-energetica-a-la-bisbal-del-penedes-cada-quinze-dies\/","title":{"rendered":"<strong>L\u2019OCITEBP facilita suport t\u00e8cnic i assessorament en temes d\u2019efici\u00e8ncia energ\u00e8tica a la Bisbal del Pened\u00e8s cada quinze dies<\/strong>"},"content":{"rendered":"\n<p>L\u2019Oficina Comarcal d\u2019Impuls a la Transici\u00f3 Energ\u00e8tica del Baix Pened\u00e8s visita a la Bisbal del Pened\u00e8s els dijous al mat\u00ed, de forma quinzenal.<\/p>\n\n\n\n<p>Aquest organisme facilita suport t\u00e8cnic i assessorament en mat\u00e8ria d\u2019efici\u00e8ncia energ\u00e8tica, com ara consultes sobre la instal\u00b7laci\u00f3 de plaques solars i altres sistemes d\u2019energia renovable als domicilis. Per accedir al servei, cal que demaneu hora per internet o adre\u00e7ant-vos a les oficines municipals.<\/p>\n\n\n\n<p>Instruccions per demanar hora per internet: <a href=\"https:\/\/bisbalpenedes.com\/web\/wp-content\/uploads\/2023\/01\/CITA-PREVIA_OK.pdf\">https:\/\/bisbalpenedes.com\/web\/wp-content\/uploads\/2023\/01\/CITA-PREVIA_OK.pdf<\/a><\/p>\n\n\n\n<p>Calendari de l\u2019OCITEBP a la Bisbal:<\/p>\n\n\n\n<figure class=\"wp-block-image size-large\"><img loading=\"lazy\" width=\"1024\" height=\"1024\" src=\"https:\/\/bisbalpenedes.com\/web\/wp-content\/uploads\/2023\/01\/PROPERES-VISITES-OFICINA-TRANSICIO\u0301-ENERGE\u0300TICA-QUA-1024x1024.png\" alt=\"\" class=\"wp-image-24801\" srcset=\"https:\/\/bisbalpenedes.com\/web\/wp-content\/uploads\/2023\/01\/PROPERES-VISITES-OFICINA-TRANSICIO\u0301-ENERGE\u0300TICA-QUA-1024x1024.png 1024w, https:\/\/bisbalpenedes.com\/web\/wp-content\/uploads\/2023\/01\/PROPERES-VISITES-OFICINA-TRANSICIO\u0301-ENERGE\u0300TICA-QUA-300x300.png 300w, https:\/\/bisbalpenedes.com\/web\/wp-content\/uploads\/2023\/01\/PROPERES-VISITES-OFICINA-TRANSICIO\u0301-ENERGE\u0300TICA-QUA-150x150.png 150w, https:\/\/bisbalpenedes.com\/web\/wp-content\/uploads\/2023\/01\/PROPERES-VISITES-OFICINA-TRANSICIO\u0301-ENERGE\u0300TICA-QUA-768x768.png 768w, https:\/\/bisbalpenedes.com\/web\/wp-content\/uploads\/2023\/01\/PROPERES-VISITES-OFICINA-TRANSICIO\u0301-ENERGE\u0300TICA-QUA-600x600.png 600w, https:\/\/bisbalpenedes.com\/web\/wp-content\/uploads\/2023\/01\/PROPERES-VISITES-OFICINA-TRANSICIO\u0301-ENERGE\u0300TICA-QUA-100x100.png 100w, https:\/\/bisbalpenedes.com\/web\/wp-content\/uploads\/2023\/01\/PROPERES-VISITES-OFICINA-TRANSICIO\u0301-ENERGE\u0300TICA-QUA.png 1080w\" sizes=\"(max-width: 1024px) 100vw, 1024px\" \/><\/figure>\n\n\n\n<p>L\u2019Ajuntament de la Bisbal del Pened\u00e8s va aprovar el conveni interadministratiu amb el Consell Comarcal del Baix Pened\u00e8s per a la creaci\u00f3 de l\u2019Oficina Comarcal d\u2019Impuls a la Transici\u00f3 Energ\u00e8tica del Baix Pened\u00e8s (OCITEBP) el 2022, amb l\u2019objectiu de prioritzar el proc\u00e9s de descarbonitzaci\u00f3 en qu\u00e8 ens trobem actualment, amb el canvi de paradigma energ\u00e8tic europeu. L\u2019OCITEBP facilitar\u00e0 suport t\u00e8cnic als ajuntaments de la comarca en mat\u00e8ria de sanejament, oficina t\u00e8cnica ambiental comarcal (OTAC), qualitat de vida animal, prevenci\u00f3 d\u2019incendis i gesti\u00f3 de residus.<\/p>\n\n\n\n<p>Aquesta oficina es finan\u00e7a amb una subvenci\u00f3 de 90.000\u20ac de l\u2019Institut Catal\u00e0 d\u2019Energia (ICAEN) -equivalent al 88,16% del pressupost del projecte- i les aportacions dels ajuntaments participants, que s\u00f3n els d\u2019Albinyana, l\u2019Arbo\u00e7, Lloren\u00e7 del Pened\u00e8s, Bellvei, Cunit, Sant Jaume dels Domenys, Maslloren\u00e7, Santa Oliva i la Bisbal del Pened\u00e8s. En el cas del nostre municipi, l\u2019aportaci\u00f3 econ\u00f2mica per a dos anualitats \u00e9s de 1.342,84\u20ac.<\/p>\n\n\n\n<hr class=\"wp-block-separator has-alpha-channel-opacity\"\/>\n\n\n\n<p><strong>CASTELLANO |<\/strong> La Oficina Comarcal de Impulso a la Transici\u00f3n Energ\u00e9tica del Baix Pened\u00e8s visita en la Bisbal del Pened\u00e8s los jueves por la ma\u00f1ana, de forma quincenal.<\/p>\n\n\n\n<p>Este organismo facilita apoyo t\u00e9cnico y asesor\u00eda en materia de eficiencia energ\u00e9tica, como por ejemplo consultas sobre la instalaci\u00f3n de placas solares y otros sistemas de energ\u00eda renovable en los domicilios. Para acceder al servicio, es necesario que solicit\u00e9is hora por internet o dirigi\u00e9ndoos a las oficinas municipales.<\/p>\n\n\n\n<p>Instrucciones para pedir hora por internet: <a href=\"https:\/\/bisbalpenedes.com\/web\/wp-content\/uploads\/2023\/01\/CITA-PREVIA_OK.pdf\">https:\/\/bisbalpenedes.com\/web\/wp-content\/uploads\/2023\/01\/CITA-PREVIA_OK.pdf<\/a><\/p>\n\n\n\n<p>Calendario de la OCITEBP en la Bisbal:<\/p>\n\n\n\n<figure class=\"wp-block-image size-large\"><img loading=\"lazy\" width=\"1024\" height=\"1024\" src=\"https:\/\/bisbalpenedes.com\/web\/wp-content\/uploads\/2023\/01\/PROPERES-VISITES-OFICINA-TRANSICIO\u0301-ENERGE\u0300TICA-QUA-1024x1024.png\" alt=\"\" class=\"wp-image-24801\" srcset=\"https:\/\/bisbalpenedes.com\/web\/wp-content\/uploads\/2023\/01\/PROPERES-VISITES-OFICINA-TRANSICIO\u0301-ENERGE\u0300TICA-QUA-1024x1024.png 1024w, https:\/\/bisbalpenedes.com\/web\/wp-content\/uploads\/2023\/01\/PROPERES-VISITES-OFICINA-TRANSICIO\u0301-ENERGE\u0300TICA-QUA-300x300.png 300w, https:\/\/bisbalpenedes.com\/web\/wp-content\/uploads\/2023\/01\/PROPERES-VISITES-OFICINA-TRANSICIO\u0301-ENERGE\u0300TICA-QUA-150x150.png 150w, https:\/\/bisbalpenedes.com\/web\/wp-content\/uploads\/2023\/01\/PROPERES-VISITES-OFICINA-TRANSICIO\u0301-ENERGE\u0300TICA-QUA-768x768.png 768w, https:\/\/bisbalpenedes.com\/web\/wp-content\/uploads\/2023\/01\/PROPERES-VISITES-OFICINA-TRANSICIO\u0301-ENERGE\u0300TICA-QUA-600x600.png 600w, https:\/\/bisbalpenedes.com\/web\/wp-content\/uploads\/2023\/01\/PROPERES-VISITES-OFICINA-TRANSICIO\u0301-ENERGE\u0300TICA-QUA-100x100.png 100w, https:\/\/bisbalpenedes.com\/web\/wp-content\/uploads\/2023\/01\/PROPERES-VISITES-OFICINA-TRANSICIO\u0301-ENERGE\u0300TICA-QUA.png 1080w\" sizes=\"(max-width: 1024px) 100vw, 1024px\" \/><\/figure>\n\n\n\n<p>El Ayuntamiento de la Bisbal del Pened\u00e8s aprob\u00f3 el convenio interadministrativo con el Consell Comarcal del Baix Pened\u00e8s para la creaci\u00f3n de la Oficina Comarcal de Impulso a la Transici\u00f3n Energ\u00e9tica del Baix Pened\u00e8s (OCITEBP) en el 2022, con el objetivo de priorizar el proceso de descarbonizaci\u00f3n en el que nos encontramos actualmente, con el cambio de paradigma energ\u00e9tico europeo. La OCITEBP facilitar\u00e1 apoyo t\u00e9cnico a los ayuntamientos de la comarca en materia de saneamiento, oficina t\u00e9cnica ambiental comarcal (OTAC), calidad de vida animal, prevenci\u00f3n de incendios y gesti\u00f3n de residuos.<\/p>\n\n\n\n<p>Esta oficina se financia con una subvenci\u00f3n de 90.000\u20ac del Institut Catal\u00e0 d\u2019Energia (ICAEN) -equivalente al 88,16% del presupuesto del proyecto- y las aportaciones de los ayuntamientos participantes, que son los de Albinyana, l\u2019Arbo\u00e7, Lloren\u00e7 del Pened\u00e8s, Bellvei, Cunit, Sant Jaume dels Domenys, Maslloren\u00e7, Santa Oliva y la Bisbal del Pened\u00e8s. En el caso de nuestro municipio, la aportaci\u00f3n econ\u00f3mica para dos anualidades es de 1.342,84\u20ac<\/p>\n\n\n\n<p><\/p>\n","protected":false},"excerpt":{"rendered":"<p>L\u2019Oficina Comarcal d\u2019Impuls a la Transici\u00f3 Energ\u00e8tica del Baix Pened\u00e8s visita a la Bisbal del Pened\u00e8s els dijous al mat\u00ed, de forma quinzenal. Aquest organisme facilita suport t\u00e8cnic i assessorament &hellip; <a href=\"https:\/\/bisbalpenedes.com\/web\/2023\/01\/25\/locitebp-facilita-suport-tecnic-i-assessorament-en-temes-deficiencia-energetica-a-la-bisbal-del-penedes-cada-quinze-dies\/\" class=\"more-link\">Read More<\/a><\/p>\n","protected":false},"author":4,"featured_media":24802,"comment_status":"closed","ping_status":"closed","sticky":false,"template":"","format":"standard","meta":[],"categories":[3215,32,8],"tags":[459,1056,2334,710,120,5795,393,5792,5594,4180,5794],"_links":{"self":[{"href":"https:\/\/bisbalpenedes.com\/web\/wp-json\/wp\/v2\/posts\/24800"}],"collection":[{"href":"https:\/\/bisbalpenedes.com\/web\/wp-json\/wp\/v2\/posts"}],"about":[{"href":"https:\/\/bisbalpenedes.com\/web\/wp-json\/wp\/v2\/types\/post"}],"author":[{"embeddable":true,"href":"https:\/\/bisbalpenedes.com\/web\/wp-json\/wp\/v2\/users\/4"}],"replies":[{"embeddable":true,"href":"https:\/\/bisbalpenedes.com\/web\/wp-json\/wp\/v2\/comments?post=24800"}],"version-history":[{"count":1,"href":"https:\/\/bisbalpenedes.com\/web\/wp-json\/wp\/v2\/posts\/24800\/revisions"}],"predecessor-version":[{"id":24803,"href":"https:\/\/bisbalpenedes.com\/web\/wp-json\/wp\/v2\/posts\/24800\/revisions\/24803"}],"wp:featuredmedia":[{"embeddable":true,"href":"https:\/\/bisbalpenedes.com\/web\/wp-json\/wp\/v2\/media\/24802"}],"wp:attachment":[{"href":"https:\/\/bisbalpenedes.com\/web\/wp-json\/wp\/v2\/media?parent=24800"}],"wp:term":[{"taxonomy":"category","embeddable":true,"href":"https:\/\/bisbalpenedes.com\/web\/wp-json\/wp\/v2\/categories?post=24800"},{"taxonomy":"post_tag","embeddable":true,"href":"https:\/\/bisbalpenedes.com\/web\/wp-json\/wp\/v2\/tags?post=24800"}],"curies":[{"name":"wp","href":"https:\/\/api.w.org\/{rel}","templated":true}]}}