{"id":24794,"date":"2023-01-25T13:44:42","date_gmt":"2023-01-25T11:44:42","guid":{"rendered":"https:\/\/bisbalpenedes.com\/web\/?p=24794"},"modified":"2023-01-25T13:48:38","modified_gmt":"2023-01-25T11:48:38","slug":"relacio-provisional-dadmesos-i-exclosos-en-el-proces-selectiu-d1-placa-doperari-a-de-custodia-dedificis-escolars-per-concurs-oposicio","status":"publish","type":"post","link":"https:\/\/bisbalpenedes.com\/web\/2023\/01\/25\/relacio-provisional-dadmesos-i-exclosos-en-el-proces-selectiu-d1-placa-doperari-a-de-custodia-dedificis-escolars-per-concurs-oposicio\/","title":{"rendered":"Relaci\u00f3 provisional d\u2019admesos i exclosos en el proc\u00e9s selectiu d\u20191 pla\u00e7a d\u2019operari\/a de cust\u00f2dia d\u2019edificis escolars, per concurs-oposici\u00f3"},"content":{"rendered":"\n<p>Avui dimecres 25 de gener ha sortit publicada al <a href=\"https:\/\/www.diputaciodetarragona.cat\/ebop\/index.php?op=anunci&amp;id=637&amp;ebop_any=2023\">BOPT<\/a> (Butllet\u00ed Oficial de la Prov\u00edncia de Tarragona) la relaci\u00f3 provisional d\u2019admesos i exclosos en el proc\u00e9s selectiu d\u20191 pla\u00e7a d\u2019operari\/a de cust\u00f2dia d\u2019edificis escolars, per concurs-oposici\u00f3. Aquesta relaci\u00f3 provisional va ser signada per l\u2019alcaldessa, mitjan\u00e7ant Decret d\u2019alcaldia, el passat 16 de gener.<\/p>\n\n\n\n<p>Un total de 14 persones es van presentar al proc\u00e9s selectiu.<\/p>\n\n\n\n<ul><li>9 candidats han quedat admesos provisionalment<\/li><li>5 persones han quedat excloses provisionalment per no presentar la documentaci\u00f3 necess\u00e0ria per avaluar els requisits i m\u00e8rits de les places<\/li><\/ul>\n\n\n\n<p>Els candidats i les candidates compten amb deu dies h\u00e0bils des de l\u2019endem\u00e0 de la publicaci\u00f3 al <a href=\"https:\/\/www.diputaciodetarragona.cat\/ebop\/index.php?op=anunci&amp;id=637&amp;ebop_any=2023\">BOPT<\/a> per formular reclamacions i\/o esmenar defectes que hagin motivat l\u2019exclusi\u00f3. Aquest termini va del dijous 26 de gener al dimecres 8 de febrer, ambd\u00f3s inclosos.<\/p>\n\n\n\n<hr class=\"wp-block-separator has-alpha-channel-opacity\"\/>\n\n\n\n<p><strong>CASTELLANO<\/strong> |\u00a0Hoy mi\u00e9rcoles 25 de enero ha salido publicada en el <a href=\"https:\/\/www.diputaciodetarragona.cat\/ebop\/index.php?op=anunci&amp;id=637&amp;ebop_any=2023\">BOPT<\/a> (Bolet\u00edn Oficial de la Provincia de Tarragona) la relaci\u00f3n provisional de admitidos y excluidos en el proceso selectivo de 1 plaza de operario\/a de custodia de edificios escolares, por concurso-oposici\u00f3n. Esta relaci\u00f3n provisional fue firmada por la alcaldesa, mediante Decreto de alcald\u00eda, el pasado 16 de enero.<\/p>\n\n\n\n<p>Un total de 14 personas se presentaron al proceso selectivo.<\/p>\n\n\n\n<ul><li>9 candidatos han quedado admitidos provisionalmente.<\/li><li>5 personas han quedado excluidas provisionalmente por no presentar la documentaci\u00f3n necesaria para evaluar los requisitos y m\u00e9ritos de las plazas<\/li><\/ul>\n\n\n\n<p>Los candidatos y las candidatas cuentan con diez d\u00edas h\u00e1biles desde el d\u00eda siguiente de la publicaci\u00f3n en el <a href=\"https:\/\/www.diputaciodetarragona.cat\/ebop\/index.php?op=anunci&amp;id=637&amp;ebop_any=2023\">BOPT<\/a> para formular reclamaciones y\/o corregir defectos que hayan motivado la exclusi\u00f3n. Este plazo va del jueves 26 de enero al mi\u00e9rcoles 8 de febrero, ambos incluidos.<\/p>\n","protected":false},"excerpt":{"rendered":"<p>Avui dimecres 25 de gener ha sortit publicada al BOPT (Butllet\u00ed Oficial de la Prov\u00edncia de Tarragona) la relaci\u00f3 provisional d\u2019admesos i exclosos en el proc\u00e9s selectiu d\u20191 pla\u00e7a d\u2019operari\/a &hellip; <a href=\"https:\/\/bisbalpenedes.com\/web\/2023\/01\/25\/relacio-provisional-dadmesos-i-exclosos-en-el-proces-selectiu-d1-placa-doperari-a-de-custodia-dedificis-escolars-per-concurs-oposicio\/\" class=\"more-link\">Read More<\/a><\/p>\n","protected":false},"author":4,"featured_media":24795,"comment_status":"closed","ping_status":"closed","sticky":false,"template":"","format":"standard","meta":[],"categories":[2402,8],"tags":[459,1126,65,393],"_links":{"self":[{"href":"https:\/\/bisbalpenedes.com\/web\/wp-json\/wp\/v2\/posts\/24794"}],"collection":[{"href":"https:\/\/bisbalpenedes.com\/web\/wp-json\/wp\/v2\/posts"}],"about":[{"href":"https:\/\/bisbalpenedes.com\/web\/wp-json\/wp\/v2\/types\/post"}],"author":[{"embeddable":true,"href":"https:\/\/bisbalpenedes.com\/web\/wp-json\/wp\/v2\/users\/4"}],"replies":[{"embeddable":true,"href":"https:\/\/bisbalpenedes.com\/web\/wp-json\/wp\/v2\/comments?post=24794"}],"version-history":[{"count":2,"href":"https:\/\/bisbalpenedes.com\/web\/wp-json\/wp\/v2\/posts\/24794\/revisions"}],"predecessor-version":[{"id":24797,"href":"https:\/\/bisbalpenedes.com\/web\/wp-json\/wp\/v2\/posts\/24794\/revisions\/24797"}],"wp:featuredmedia":[{"embeddable":true,"href":"https:\/\/bisbalpenedes.com\/web\/wp-json\/wp\/v2\/media\/24795"}],"wp:attachment":[{"href":"https:\/\/bisbalpenedes.com\/web\/wp-json\/wp\/v2\/media?parent=24794"}],"wp:term":[{"taxonomy":"category","embeddable":true,"href":"https:\/\/bisbalpenedes.com\/web\/wp-json\/wp\/v2\/categories?post=24794"},{"taxonomy":"post_tag","embeddable":true,"href":"https:\/\/bisbalpenedes.com\/web\/wp-json\/wp\/v2\/tags?post=24794"}],"curies":[{"name":"wp","href":"https:\/\/api.w.org\/{rel}","templated":true}]}}