{"id":24791,"date":"2023-01-26T07:00:00","date_gmt":"2023-01-26T05:00:00","guid":{"rendered":"https:\/\/bisbalpenedes.com\/web\/?p=24791"},"modified":"2023-01-24T21:07:19","modified_gmt":"2023-01-24T19:07:19","slug":"una-empresa-especialitzada-treballa-en-la-retirada-del-sostre-duralita-del-pavello-poliesportiu-municipal","status":"publish","type":"post","link":"https:\/\/bisbalpenedes.com\/web\/2023\/01\/26\/una-empresa-especialitzada-treballa-en-la-retirada-del-sostre-duralita-del-pavello-poliesportiu-municipal\/","title":{"rendered":"<strong>Una empresa especialitzada treballa en la retirada del sostre d\u2019uralita del pavell\u00f3 poliesportiu municipal<\/strong>"},"content":{"rendered":"\n<p>Aquesta setmana han comen\u00e7at els treballs per retirar el sostre d\u2019uralita del pavell\u00f3 del poliesportiu municipal. Aquests treballs van a c\u00e0rrec d\u2019una empresa especialitzada i, aquest, \u00e9s un dels passos previs perqu\u00e8 puguin continuar les obres del nou pavell\u00f3 i la construcci\u00f3 dels vestuaris.<\/p>\n\n\n\n<p>Les obres de la Fase 1 del poliesportiu municipal van comen\u00e7ar a mitjans d\u2019octubre i van a c\u00e0rrec de l\u2019empresa Construcciones Asensio SL. L\u2019import total de les obres d\u2019aquesta fase ascendeix a 1.217.445\u20ac (m\u00e9s IVA).<\/p>\n\n\n\n<hr class=\"wp-block-separator has-alpha-channel-opacity\"\/>\n\n\n\n<p><strong>CASTELLANO | <\/strong>Esta semana han empezado los trabajos para retirar el techo de uralita del pabell\u00f3n del polideportivo municipal. Estos trabajos van a cargo de una empresa especializada y, este, es uno de los pasos previos para que puedan seguir las obras del nuevo pabell\u00f3n y la construcci\u00f3n de los vestuarios.<\/p>\n\n\n\n<p>Las obras de la Fase 1 del polideportivo municipal empezaron a mediados de octubre y van a cargo de la empresa Construcciones Asensio SL. El importe total de las obras de esta fase asciende a 1.217.445\u20ac (m\u00e1s IVA).<\/p>\n","protected":false},"excerpt":{"rendered":"<p>Aquesta setmana han comen\u00e7at els treballs per retirar el sostre d\u2019uralita del pavell\u00f3 del poliesportiu municipal. Aquests treballs van a c\u00e0rrec d\u2019una empresa especialitzada i, aquest, \u00e9s un dels passos &hellip; <a href=\"https:\/\/bisbalpenedes.com\/web\/2023\/01\/26\/una-empresa-especialitzada-treballa-en-la-retirada-del-sostre-duralita-del-pavello-poliesportiu-municipal\/\" class=\"more-link\">Read More<\/a><\/p>\n","protected":false},"author":4,"featured_media":24792,"comment_status":"closed","ping_status":"closed","sticky":false,"template":"","format":"standard","meta":[],"categories":[19,8,15],"tags":[5791,3459,393,483,5790,5789],"_links":{"self":[{"href":"https:\/\/bisbalpenedes.com\/web\/wp-json\/wp\/v2\/posts\/24791"}],"collection":[{"href":"https:\/\/bisbalpenedes.com\/web\/wp-json\/wp\/v2\/posts"}],"about":[{"href":"https:\/\/bisbalpenedes.com\/web\/wp-json\/wp\/v2\/types\/post"}],"author":[{"embeddable":true,"href":"https:\/\/bisbalpenedes.com\/web\/wp-json\/wp\/v2\/users\/4"}],"replies":[{"embeddable":true,"href":"https:\/\/bisbalpenedes.com\/web\/wp-json\/wp\/v2\/comments?post=24791"}],"version-history":[{"count":1,"href":"https:\/\/bisbalpenedes.com\/web\/wp-json\/wp\/v2\/posts\/24791\/revisions"}],"predecessor-version":[{"id":24793,"href":"https:\/\/bisbalpenedes.com\/web\/wp-json\/wp\/v2\/posts\/24791\/revisions\/24793"}],"wp:featuredmedia":[{"embeddable":true,"href":"https:\/\/bisbalpenedes.com\/web\/wp-json\/wp\/v2\/media\/24792"}],"wp:attachment":[{"href":"https:\/\/bisbalpenedes.com\/web\/wp-json\/wp\/v2\/media?parent=24791"}],"wp:term":[{"taxonomy":"category","embeddable":true,"href":"https:\/\/bisbalpenedes.com\/web\/wp-json\/wp\/v2\/categories?post=24791"},{"taxonomy":"post_tag","embeddable":true,"href":"https:\/\/bisbalpenedes.com\/web\/wp-json\/wp\/v2\/tags?post=24791"}],"curies":[{"name":"wp","href":"https:\/\/api.w.org\/{rel}","templated":true}]}}