{"id":2478,"date":"2017-05-24T22:42:55","date_gmt":"2017-05-24T16:42:55","guid":{"rendered":"http:\/\/bisbalpenedes.com\/web\/?p=2478"},"modified":"2017-05-24T22:42:55","modified_gmt":"2017-05-24T16:42:55","slug":"dissabte-27-de-maig-a-les-18h-contacontes-a-la-bisbal","status":"publish","type":"post","link":"https:\/\/bisbalpenedes.com\/web\/2017\/05\/24\/dissabte-27-de-maig-a-les-18h-contacontes-a-la-bisbal\/","title":{"rendered":"Dissabte 27 de maig a les 18h contacontes a La Bisbal"},"content":{"rendered":"<p><a href=\"http:\/\/bisbalpenedes.com\/web\/wp-content\/uploads\/2017\/05\/contacontesmaig17.jpg\"><img loading=\"lazy\" class=\"aligncenter size-medium wp-image-2479\" title=\"contacontesmaig17\" src=\"http:\/\/bisbalpenedes.com\/web\/wp-content\/uploads\/2017\/05\/contacontesmaig17-300x229.jpg\" alt=\"\" width=\"300\" height=\"229\" srcset=\"https:\/\/bisbalpenedes.com\/web\/wp-content\/uploads\/2017\/05\/contacontesmaig17-300x229.jpg 300w, https:\/\/bisbalpenedes.com\/web\/wp-content\/uploads\/2017\/05\/contacontesmaig17-600x459.jpg 600w, https:\/\/bisbalpenedes.com\/web\/wp-content\/uploads\/2017\/05\/contacontesmaig17-1024x782.jpg 1024w\" sizes=\"(max-width: 300px) 100vw, 300px\" \/><\/a><\/p>\n<p>Aquest dissabte 27 de maig, com cada darrer dissabte de mes, tindr\u00e0 lloc un contacontes a la Biblioteca Municipal de La Bisbal del Pened\u00e8s (ubicada al CMC). L&#8217;activitat comen\u00e7ar\u00e0 a les 18h i en acabar hi haur\u00e0 berenar per a tothom (sense gluten).<\/p>\n","protected":false},"excerpt":{"rendered":"<p>Aquest dissabte 27 de maig, com cada darrer dissabte de mes, tindr\u00e0 lloc un contacontes a la Biblioteca Municipal de La Bisbal del Pened\u00e8s (ubicada al CMC). L&#8217;activitat comen\u00e7ar\u00e0 a &hellip; <a href=\"https:\/\/bisbalpenedes.com\/web\/2017\/05\/24\/dissabte-27-de-maig-a-les-18h-contacontes-a-la-bisbal\/\" class=\"more-link\">Read More<\/a><\/p>\n","protected":false},"author":4,"featured_media":2479,"comment_status":"closed","ping_status":"closed","sticky":false,"template":"","format":"standard","meta":[],"categories":[13],"tags":[226,421,318,422],"_links":{"self":[{"href":"https:\/\/bisbalpenedes.com\/web\/wp-json\/wp\/v2\/posts\/2478"}],"collection":[{"href":"https:\/\/bisbalpenedes.com\/web\/wp-json\/wp\/v2\/posts"}],"about":[{"href":"https:\/\/bisbalpenedes.com\/web\/wp-json\/wp\/v2\/types\/post"}],"author":[{"embeddable":true,"href":"https:\/\/bisbalpenedes.com\/web\/wp-json\/wp\/v2\/users\/4"}],"replies":[{"embeddable":true,"href":"https:\/\/bisbalpenedes.com\/web\/wp-json\/wp\/v2\/comments?post=2478"}],"version-history":[{"count":1,"href":"https:\/\/bisbalpenedes.com\/web\/wp-json\/wp\/v2\/posts\/2478\/revisions"}],"predecessor-version":[{"id":2480,"href":"https:\/\/bisbalpenedes.com\/web\/wp-json\/wp\/v2\/posts\/2478\/revisions\/2480"}],"wp:featuredmedia":[{"embeddable":true,"href":"https:\/\/bisbalpenedes.com\/web\/wp-json\/wp\/v2\/media\/2479"}],"wp:attachment":[{"href":"https:\/\/bisbalpenedes.com\/web\/wp-json\/wp\/v2\/media?parent=2478"}],"wp:term":[{"taxonomy":"category","embeddable":true,"href":"https:\/\/bisbalpenedes.com\/web\/wp-json\/wp\/v2\/categories?post=2478"},{"taxonomy":"post_tag","embeddable":true,"href":"https:\/\/bisbalpenedes.com\/web\/wp-json\/wp\/v2\/tags?post=2478"}],"curies":[{"name":"wp","href":"https:\/\/api.w.org\/{rel}","templated":true}]}}