{"id":24775,"date":"2023-01-25T09:00:00","date_gmt":"2023-01-25T07:00:00","guid":{"rendered":"https:\/\/bisbalpenedes.com\/web\/?p=24775"},"modified":"2023-01-24T20:49:53","modified_gmt":"2023-01-24T18:49:53","slug":"ja-shan-obert-les-inscripcions-de-le-bike-day-penedes-es-fara-el-diumenge-5-de-marc-i-els-participants-tornaran-a-dinar-a-la-bisbal-del-penedes","status":"publish","type":"post","link":"https:\/\/bisbalpenedes.com\/web\/2023\/01\/25\/ja-shan-obert-les-inscripcions-de-le-bike-day-penedes-es-fara-el-diumenge-5-de-marc-i-els-participants-tornaran-a-dinar-a-la-bisbal-del-penedes\/","title":{"rendered":"Ja s\u2019han obert les inscripcions de l\u2019E-Bike Day Pened\u00e8s &#8211; Es far\u00e0 el diumenge 5 de mar\u00e7 i els participants tornaran a dinar a La Bisbal del Pened\u00e8s"},"content":{"rendered":"\n<p><strong>El proper diumenge 5 de mar\u00e7 torna l\u2019E-Bike Day Pened\u00e8s<\/strong>, una activitat de cicloturisme, amb bicicleta el\u00e8ctrica, que t\u00e9 l\u2019objectiu donar a con\u00e8ixer els paisatges, la gastronomia i la gent del Pened\u00e8s mitjan\u00e7ant la pr\u00e0ctica de l\u2019esport.<\/p>\n\n\n\n<p>La sortida ser\u00e0 des de Cunit, a les 9h del mat\u00ed. La primera parada es far\u00e0 a Bellvei (Km. 16), on els participants faran un tast de vi blanc i formatge. <span style=\"text-decoration: underline;\">Tot seguit, arribaran a la Bisbal del Pened\u00e8s (Km. 32), on podran esmorzar\/dinar a les oliveres d\u2019Oli Torclum salsitxa i cansalada del Supermercat Jaume, pa de Forn de les Escales regat amb Oli Torclum, vi negre de Cellers Domenys i caf\u00e8s. El dinar inclou olives, refresc i, per postres, hi haur\u00e0 taronges de la Fruiteria Agro-Verd de la Bisbal.<\/span><\/p>\n\n\n\n<p>La seg\u00fcent parada ser\u00e0 l\u2019avituallament de Sant Jaume dels Domenys, on hi haur\u00e0 vi dol\u00e7 i fruits secs per als participants. L\u2019arribada ser\u00e0 a Cunit, amb un tall de coca, cava i m\u00fasica en directe.<\/p>\n\n\n\n<p>Hi ha l\u2019opci\u00f3 de fer dos recorreguts:<\/p>\n\n\n\n<ul><li>B\u00e0sic: <a href=\"https:\/\/es.wikiloc.com\/rutas-bicicleta-electrica\/e-bike-day-penedes-2023-basic-121981263\">https:\/\/es.wikiloc.com\/rutas-bicicleta-electrica\/e-bike-day-penedes-2023-basic-121981263<\/a><\/li><li>T\u00e8cnic: <a href=\"https:\/\/es.wikiloc.com\/rutas-bicicleta-electrica\/e-bike-day-penedes-2023-121718108\">https:\/\/es.wikiloc.com\/rutas-bicicleta-electrica\/e-bike-day-penedes-2023-121718108<\/a><\/li><\/ul>\n\n\n\n<p>Per a m\u00e9s informaci\u00f3 i inscripcions us podeu adre\u00e7ar al web: <a href=\"https:\/\/www.ebiketour.es\/es\/ebike-tour-160\/ebike-day-peneds\">https:\/\/www.ebiketour.es\/es\/ebike-tour-160\/ebike-day-peneds<\/a><\/p>\n\n\n\n<p>Les inscripcions inclouen els avituallaments, asseguran\u00e7a de dia i serveis sanitaris i el \u2018track\u2019 (recorregut) b\u00e0sic i el t\u00e8cnic en format digital. El m\u00e0xim de participants s\u2019ha fixat en 300.<\/p>\n\n\n\n<hr class=\"wp-block-separator has-alpha-channel-opacity\"\/>\n\n\n\n<p><strong>CASTELLANO | El pr\u00f3ximo domingo 5 de marzo vuelve el E-Bike Day Pened\u00e8s<\/strong>, una actividad de cicloturismo, con bicicleta el\u00e9ctrica, que tiene el objetivo dar a conocer los paisajes, la gastronom\u00eda y la gente del Pened\u00e8s mediante la pr\u00e1ctica del deporte.<\/p>\n\n\n\n<p>La salida ser\u00e1 desde Cunit, a las 9h de la ma\u00f1ana. La primera parada se har\u00e1 en Bellvei (Km. 16), donde los participantes har\u00e1n una cata de vino blanco y queso. <span style=\"text-decoration: underline;\">A continuaci\u00f3n, llegar\u00e1n a la Bisbal del Pened\u00e8s (Km. 32), donde podr\u00e1n almorzar\/comer en los olivos de Oli Torclum salchicha del Supermercat Jaume, pan del Forn de les Escales regado con aceite Torclum, vino tinto de Cellers Domenys y caf\u00e9s. La comida incluye aceitunas, refresco y, de postre, naranjas de la Fruteria Agro-Verd de la Bisbal.<\/span><\/p>\n\n\n\n<p>La siguiente parada ser\u00e1 el avituallamiento de Sant Jaume dels Domenys, en el que habr\u00e1 vino dulce y frutos secos para los participantes. La llegada ser\u00e1 en Cunit, con un trozo de coca, cava y m\u00fasica en directo.<\/p>\n\n\n\n<p>Existe la opci\u00f3n de hacer dos recorridos:<\/p>\n\n\n\n<ul><li>B\u00e1sico: <a href=\"https:\/\/es.wikiloc.com\/rutas-bicicleta-electrica\/e-bike-day-penedes-2023-basic-121981263\">https:\/\/es.wikiloc.com\/rutas-bicicleta-electrica\/e-bike-day-penedes-2023-basic-121981263<\/a><\/li><li>T\u00e9cnico: <a href=\"https:\/\/www.ebiketour.es\/es\/ebike-tour-160\/ebike-day-peneds\">https:\/\/www.ebiketour.es\/es\/ebike-tour-160\/ebike-day-peneds<\/a><\/li><\/ul>\n\n\n\n<p>Para m\u00e1s informaci\u00f3n e inscripciones pod\u00e9is dirigiros a la web:<\/p>\n\n\n\n<p>Las inscripciones incluyen los avituallamientos, seguro de d\u00eda y servicios sanitarios y el \u2018track\u2019 (recorrido) b\u00e1sico y el t\u00e9cnico en formato digital. El m\u00e1ximo de participantes se ha fijado en 300.<\/p>\n\n\n\n<pre class=\"wp-block-preformatted\">Imatges d'arxiu:<\/pre>\n\n\n\n<figure class=\"wp-container-2 wp-block-gallery-1 wp-block-gallery has-nested-images columns-default is-cropped\">\n<figure class=\"wp-block-image size-large\"><img loading=\"lazy\" width=\"1024\" height=\"682\" data-id=\"24779\"  src=\"https:\/\/bisbalpenedes.com\/web\/wp-content\/uploads\/2023\/01\/AGNE\u0300S-OLIVERES-1024x682.jpeg\" alt=\"\" class=\"wp-image-24779\" srcset=\"https:\/\/bisbalpenedes.com\/web\/wp-content\/uploads\/2023\/01\/AGNE\u0300S-OLIVERES-1024x682.jpeg 1024w, https:\/\/bisbalpenedes.com\/web\/wp-content\/uploads\/2023\/01\/AGNE\u0300S-OLIVERES-300x200.jpeg 300w, https:\/\/bisbalpenedes.com\/web\/wp-content\/uploads\/2023\/01\/AGNE\u0300S-OLIVERES-768x512.jpeg 768w, https:\/\/bisbalpenedes.com\/web\/wp-content\/uploads\/2023\/01\/AGNE\u0300S-OLIVERES-1536x1023.jpeg 1536w, https:\/\/bisbalpenedes.com\/web\/wp-content\/uploads\/2023\/01\/AGNE\u0300S-OLIVERES-600x400.jpeg 600w, https:\/\/bisbalpenedes.com\/web\/wp-content\/uploads\/2023\/01\/AGNE\u0300S-OLIVERES.jpeg 2048w\" sizes=\"(max-width: 1024px) 100vw, 1024px\" \/><\/figure>\n\n\n\n<figure class=\"wp-block-image size-large\"><img loading=\"lazy\" width=\"1024\" height=\"682\" data-id=\"24780\"  src=\"https:\/\/bisbalpenedes.com\/web\/wp-content\/uploads\/2023\/01\/CICLISTES-CAMP-OLIVERSE-1024x682.jpeg\" alt=\"\" class=\"wp-image-24780\" srcset=\"https:\/\/bisbalpenedes.com\/web\/wp-content\/uploads\/2023\/01\/CICLISTES-CAMP-OLIVERSE-1024x682.jpeg 1024w, https:\/\/bisbalpenedes.com\/web\/wp-content\/uploads\/2023\/01\/CICLISTES-CAMP-OLIVERSE-300x200.jpeg 300w, https:\/\/bisbalpenedes.com\/web\/wp-content\/uploads\/2023\/01\/CICLISTES-CAMP-OLIVERSE-768x512.jpeg 768w, https:\/\/bisbalpenedes.com\/web\/wp-content\/uploads\/2023\/01\/CICLISTES-CAMP-OLIVERSE-1536x1023.jpeg 1536w, https:\/\/bisbalpenedes.com\/web\/wp-content\/uploads\/2023\/01\/CICLISTES-CAMP-OLIVERSE-600x400.jpeg 600w, https:\/\/bisbalpenedes.com\/web\/wp-content\/uploads\/2023\/01\/CICLISTES-CAMP-OLIVERSE.jpeg 2048w\" sizes=\"(max-width: 1024px) 100vw, 1024px\" \/><\/figure>\n\n\n\n<figure class=\"wp-block-image size-large\"><img loading=\"lazy\" width=\"1024\" height=\"682\" data-id=\"24778\"  src=\"https:\/\/bisbalpenedes.com\/web\/wp-content\/uploads\/2023\/01\/JORDI-LLANGONISSES-1024x682.jpeg\" alt=\"\" class=\"wp-image-24778\" srcset=\"https:\/\/bisbalpenedes.com\/web\/wp-content\/uploads\/2023\/01\/JORDI-LLANGONISSES-1024x682.jpeg 1024w, https:\/\/bisbalpenedes.com\/web\/wp-content\/uploads\/2023\/01\/JORDI-LLANGONISSES-300x200.jpeg 300w, https:\/\/bisbalpenedes.com\/web\/wp-content\/uploads\/2023\/01\/JORDI-LLANGONISSES-768x512.jpeg 768w, https:\/\/bisbalpenedes.com\/web\/wp-content\/uploads\/2023\/01\/JORDI-LLANGONISSES-1536x1023.jpeg 1536w, https:\/\/bisbalpenedes.com\/web\/wp-content\/uploads\/2023\/01\/JORDI-LLANGONISSES-600x400.jpeg 600w, https:\/\/bisbalpenedes.com\/web\/wp-content\/uploads\/2023\/01\/JORDI-LLANGONISSES.jpeg 2048w\" sizes=\"(max-width: 1024px) 100vw, 1024px\" \/><\/figure>\n<\/figure>\n\n\n\n<figure class=\"wp-container-4 wp-block-gallery-3 wp-block-gallery has-nested-images columns-default is-cropped\">\n<figure class=\"wp-block-image size-large\"><img loading=\"lazy\" width=\"2048\" height=\"1152\" data-id=\"24781\"  src=\"https:\/\/bisbalpenedes.com\/web\/wp-content\/uploads\/2023\/01\/CAMI\u0301-BISBAL.jpeg\" alt=\"\" class=\"wp-image-24781\" srcset=\"https:\/\/bisbalpenedes.com\/web\/wp-content\/uploads\/2023\/01\/CAMI\u0301-BISBAL.jpeg 2048w, https:\/\/bisbalpenedes.com\/web\/wp-content\/uploads\/2023\/01\/CAMI\u0301-BISBAL-300x169.jpeg 300w, https:\/\/bisbalpenedes.com\/web\/wp-content\/uploads\/2023\/01\/CAMI\u0301-BISBAL-1024x576.jpeg 1024w, https:\/\/bisbalpenedes.com\/web\/wp-content\/uploads\/2023\/01\/CAMI\u0301-BISBAL-768x432.jpeg 768w, https:\/\/bisbalpenedes.com\/web\/wp-content\/uploads\/2023\/01\/CAMI\u0301-BISBAL-1536x864.jpeg 1536w, https:\/\/bisbalpenedes.com\/web\/wp-content\/uploads\/2023\/01\/CAMI\u0301-BISBAL-600x338.jpeg 600w\" sizes=\"(max-width: 2048px) 100vw, 2048px\" \/><\/figure>\n\n\n\n<figure class=\"wp-block-image size-large\"><img loading=\"lazy\" width=\"2048\" height=\"1536\" data-id=\"24782\"  src=\"https:\/\/bisbalpenedes.com\/web\/wp-content\/uploads\/2023\/01\/EBIKE-DAY.jpeg\" alt=\"\" class=\"wp-image-24782\" srcset=\"https:\/\/bisbalpenedes.com\/web\/wp-content\/uploads\/2023\/01\/EBIKE-DAY.jpeg 2048w, https:\/\/bisbalpenedes.com\/web\/wp-content\/uploads\/2023\/01\/EBIKE-DAY-300x225.jpeg 300w, https:\/\/bisbalpenedes.com\/web\/wp-content\/uploads\/2023\/01\/EBIKE-DAY-1024x768.jpeg 1024w, https:\/\/bisbalpenedes.com\/web\/wp-content\/uploads\/2023\/01\/EBIKE-DAY-768x576.jpeg 768w, https:\/\/bisbalpenedes.com\/web\/wp-content\/uploads\/2023\/01\/EBIKE-DAY-1536x1152.jpeg 1536w, https:\/\/bisbalpenedes.com\/web\/wp-content\/uploads\/2023\/01\/EBIKE-DAY-600x450.jpeg 600w\" sizes=\"(max-width: 2048px) 100vw, 2048px\" \/><\/figure>\n\n\n\n<figure class=\"wp-block-image size-large\"><img loading=\"lazy\" width=\"1536\" height=\"2048\" data-id=\"24783\"  src=\"https:\/\/bisbalpenedes.com\/web\/wp-content\/uploads\/2023\/01\/AGNE\u0300S-I-LEO-ENTREPANS.jpeg\" alt=\"\" class=\"wp-image-24783\" srcset=\"https:\/\/bisbalpenedes.com\/web\/wp-content\/uploads\/2023\/01\/AGNE\u0300S-I-LEO-ENTREPANS.jpeg 1536w, https:\/\/bisbalpenedes.com\/web\/wp-content\/uploads\/2023\/01\/AGNE\u0300S-I-LEO-ENTREPANS-225x300.jpeg 225w, https:\/\/bisbalpenedes.com\/web\/wp-content\/uploads\/2023\/01\/AGNE\u0300S-I-LEO-ENTREPANS-768x1024.jpeg 768w, https:\/\/bisbalpenedes.com\/web\/wp-content\/uploads\/2023\/01\/AGNE\u0300S-I-LEO-ENTREPANS-1152x1536.jpeg 1152w, https:\/\/bisbalpenedes.com\/web\/wp-content\/uploads\/2023\/01\/AGNE\u0300S-I-LEO-ENTREPANS-600x800.jpeg 600w\" sizes=\"(max-width: 1536px) 100vw, 1536px\" \/><\/figure>\n\n\n\n<figure class=\"wp-block-image size-large\"><img loading=\"lazy\" width=\"2048\" height=\"1536\" data-id=\"24784\"  src=\"https:\/\/bisbalpenedes.com\/web\/wp-content\/uploads\/2023\/01\/EBIKE-ENTREPA\u0300.jpeg\" alt=\"\" class=\"wp-image-24784\" srcset=\"https:\/\/bisbalpenedes.com\/web\/wp-content\/uploads\/2023\/01\/EBIKE-ENTREPA\u0300.jpeg 2048w, https:\/\/bisbalpenedes.com\/web\/wp-content\/uploads\/2023\/01\/EBIKE-ENTREPA\u0300-300x225.jpeg 300w, https:\/\/bisbalpenedes.com\/web\/wp-content\/uploads\/2023\/01\/EBIKE-ENTREPA\u0300-1024x768.jpeg 1024w, https:\/\/bisbalpenedes.com\/web\/wp-content\/uploads\/2023\/01\/EBIKE-ENTREPA\u0300-768x576.jpeg 768w, https:\/\/bisbalpenedes.com\/web\/wp-content\/uploads\/2023\/01\/EBIKE-ENTREPA\u0300-1536x1152.jpeg 1536w, https:\/\/bisbalpenedes.com\/web\/wp-content\/uploads\/2023\/01\/EBIKE-ENTREPA\u0300-600x450.jpeg 600w\" sizes=\"(max-width: 2048px) 100vw, 2048px\" \/><\/figure>\n\n\n\n<figure class=\"wp-block-image size-large\"><img loading=\"lazy\" width=\"1769\" height=\"1284\" data-id=\"24785\"  src=\"https:\/\/bisbalpenedes.com\/web\/wp-content\/uploads\/2023\/01\/EBIKE-ROBERT.jpeg\" alt=\"\" class=\"wp-image-24785\" srcset=\"https:\/\/bisbalpenedes.com\/web\/wp-content\/uploads\/2023\/01\/EBIKE-ROBERT.jpeg 1769w, https:\/\/bisbalpenedes.com\/web\/wp-content\/uploads\/2023\/01\/EBIKE-ROBERT-300x218.jpeg 300w, https:\/\/bisbalpenedes.com\/web\/wp-content\/uploads\/2023\/01\/EBIKE-ROBERT-1024x743.jpeg 1024w, https:\/\/bisbalpenedes.com\/web\/wp-content\/uploads\/2023\/01\/EBIKE-ROBERT-768x557.jpeg 768w, https:\/\/bisbalpenedes.com\/web\/wp-content\/uploads\/2023\/01\/EBIKE-ROBERT-1536x1115.jpeg 1536w, https:\/\/bisbalpenedes.com\/web\/wp-content\/uploads\/2023\/01\/EBIKE-ROBERT-600x436.jpeg 600w\" sizes=\"(max-width: 1769px) 100vw, 1769px\" \/><\/figure>\n\n\n\n<figure class=\"wp-block-image size-large\"><img loading=\"lazy\" width=\"1536\" height=\"2048\" data-id=\"24786\"  src=\"https:\/\/bisbalpenedes.com\/web\/wp-content\/uploads\/2023\/01\/JUDITH-I-ESTHER-ENTREPANS.jpeg\" alt=\"\" class=\"wp-image-24786\" srcset=\"https:\/\/bisbalpenedes.com\/web\/wp-content\/uploads\/2023\/01\/JUDITH-I-ESTHER-ENTREPANS.jpeg 1536w, https:\/\/bisbalpenedes.com\/web\/wp-content\/uploads\/2023\/01\/JUDITH-I-ESTHER-ENTREPANS-225x300.jpeg 225w, https:\/\/bisbalpenedes.com\/web\/wp-content\/uploads\/2023\/01\/JUDITH-I-ESTHER-ENTREPANS-768x1024.jpeg 768w, https:\/\/bisbalpenedes.com\/web\/wp-content\/uploads\/2023\/01\/JUDITH-I-ESTHER-ENTREPANS-1152x1536.jpeg 1152w, https:\/\/bisbalpenedes.com\/web\/wp-content\/uploads\/2023\/01\/JUDITH-I-ESTHER-ENTREPANS-600x800.jpeg 600w\" sizes=\"(max-width: 1536px) 100vw, 1536px\" \/><\/figure>\n<\/figure>\n","protected":false},"excerpt":{"rendered":"<p>El proper diumenge 5 de mar\u00e7 torna l\u2019E-Bike Day Pened\u00e8s, una activitat de cicloturisme, amb bicicleta el\u00e8ctrica, que t\u00e9 l\u2019objectiu donar a con\u00e8ixer els paisatges, la gastronomia i la gent &hellip; <a href=\"https:\/\/bisbalpenedes.com\/web\/2023\/01\/25\/ja-shan-obert-les-inscripcions-de-le-bike-day-penedes-es-fara-el-diumenge-5-de-marc-i-els-participants-tornaran-a-dinar-a-la-bisbal-del-penedes\/\" class=\"more-link\">Read More<\/a><\/p>\n","protected":false},"author":4,"featured_media":24777,"comment_status":"closed","ping_status":"closed","sticky":false,"template":"","format":"standard","meta":[],"categories":[4155,8,4878],"tags":[459,5078,5786,4492,393,3127,5787,328],"_links":{"self":[{"href":"https:\/\/bisbalpenedes.com\/web\/wp-json\/wp\/v2\/posts\/24775"}],"collection":[{"href":"https:\/\/bisbalpenedes.com\/web\/wp-json\/wp\/v2\/posts"}],"about":[{"href":"https:\/\/bisbalpenedes.com\/web\/wp-json\/wp\/v2\/types\/post"}],"author":[{"embeddable":true,"href":"https:\/\/bisbalpenedes.com\/web\/wp-json\/wp\/v2\/users\/4"}],"replies":[{"embeddable":true,"href":"https:\/\/bisbalpenedes.com\/web\/wp-json\/wp\/v2\/comments?post=24775"}],"version-history":[{"count":4,"href":"https:\/\/bisbalpenedes.com\/web\/wp-json\/wp\/v2\/posts\/24775\/revisions"}],"predecessor-version":[{"id":24789,"href":"https:\/\/bisbalpenedes.com\/web\/wp-json\/wp\/v2\/posts\/24775\/revisions\/24789"}],"wp:featuredmedia":[{"embeddable":true,"href":"https:\/\/bisbalpenedes.com\/web\/wp-json\/wp\/v2\/media\/24777"}],"wp:attachment":[{"href":"https:\/\/bisbalpenedes.com\/web\/wp-json\/wp\/v2\/media?parent=24775"}],"wp:term":[{"taxonomy":"category","embeddable":true,"href":"https:\/\/bisbalpenedes.com\/web\/wp-json\/wp\/v2\/categories?post=24775"},{"taxonomy":"post_tag","embeddable":true,"href":"https:\/\/bisbalpenedes.com\/web\/wp-json\/wp\/v2\/tags?post=24775"}],"curies":[{"name":"wp","href":"https:\/\/api.w.org\/{rel}","templated":true}]}}