{"id":24765,"date":"2023-01-24T19:54:57","date_gmt":"2023-01-24T17:54:57","guid":{"rendered":"https:\/\/bisbalpenedes.com\/web\/?p=24765"},"modified":"2023-01-24T19:56:18","modified_gmt":"2023-01-24T17:56:18","slug":"lescola-contrapunt-engega-la-setmana-cultural-el-proper-dimarts-31-de-gener","status":"publish","type":"post","link":"https:\/\/bisbalpenedes.com\/web\/2023\/01\/24\/lescola-contrapunt-engega-la-setmana-cultural-el-proper-dimarts-31-de-gener\/","title":{"rendered":"L&#8217;Escola Contrapunt\u00a0engega la Setmana Cultural el proper dimarts 31 de gener"},"content":{"rendered":"\n<p>L&#8217;Escola Contrapunt&nbsp;engega la Setmana Cultural el proper dimarts.<br>Del 31 de gener al 3 de febrer es faran tallers i concerts per a tots els gustos i edats. Les activitats s\u00f3n gratu\u00eftes i els tallers requereixen una inscripci\u00f3 pr\u00e8via. Us adjuntem el programa d&#8217;activitats.<br>Trobareu m\u00e9s informaci\u00f3 a&nbsp;<a href=\"https:\/\/www.escolacontrapunt.cat\/setmana-cultural-del-31-01-al-3-02\/\">https:\/\/www.escolacontrapunt.cat\/setmana-cultural-del-31-01-al-3-02\/<\/a><\/p>\n\n\n\n<hr class=\"wp-block-separator has-alpha-channel-opacity\"\/>\n\n\n\n<p>La Escola Contrapunt arranca la Semana Cultural el pr\u00f3ximo martes.<br>Del 31 de enero al 3 de febrero se har\u00e1n talleres y conciertos para todos los gustos y edades. Las actividades son gratuitas y los talleres requieren de una inscripci\u00f3n previa. Os adjuntamos el programa de actividades.<br>Encontrar\u00e9is m\u00e1s informaci\u00f3n en&nbsp;<a href=\"https:\/\/www.escolacontrapunt.cat\/setmana-cultural-del-31-01-al-3-02\/\">https:\/\/www.escolacontrapunt.cat\/setmana-cultural-del-31-01-al-3-02\/<\/a><\/p>\n","protected":false},"excerpt":{"rendered":"<p>L&#8217;Escola Contrapunt&nbsp;engega la Setmana Cultural el proper dimarts.Del 31 de gener al 3 de febrer es faran tallers i concerts per a tots els gustos i edats. Les activitats s\u00f3n &hellip; <a href=\"https:\/\/bisbalpenedes.com\/web\/2023\/01\/24\/lescola-contrapunt-engega-la-setmana-cultural-el-proper-dimarts-31-de-gener\/\" class=\"more-link\">Read More<\/a><\/p>\n","protected":false},"author":4,"featured_media":24766,"comment_status":"closed","ping_status":"closed","sticky":false,"template":"","format":"standard","meta":[],"categories":[16,3456,8],"tags":[230,781,5783,393,508],"_links":{"self":[{"href":"https:\/\/bisbalpenedes.com\/web\/wp-json\/wp\/v2\/posts\/24765"}],"collection":[{"href":"https:\/\/bisbalpenedes.com\/web\/wp-json\/wp\/v2\/posts"}],"about":[{"href":"https:\/\/bisbalpenedes.com\/web\/wp-json\/wp\/v2\/types\/post"}],"author":[{"embeddable":true,"href":"https:\/\/bisbalpenedes.com\/web\/wp-json\/wp\/v2\/users\/4"}],"replies":[{"embeddable":true,"href":"https:\/\/bisbalpenedes.com\/web\/wp-json\/wp\/v2\/comments?post=24765"}],"version-history":[{"count":3,"href":"https:\/\/bisbalpenedes.com\/web\/wp-json\/wp\/v2\/posts\/24765\/revisions"}],"predecessor-version":[{"id":24769,"href":"https:\/\/bisbalpenedes.com\/web\/wp-json\/wp\/v2\/posts\/24765\/revisions\/24769"}],"wp:featuredmedia":[{"embeddable":true,"href":"https:\/\/bisbalpenedes.com\/web\/wp-json\/wp\/v2\/media\/24766"}],"wp:attachment":[{"href":"https:\/\/bisbalpenedes.com\/web\/wp-json\/wp\/v2\/media?parent=24765"}],"wp:term":[{"taxonomy":"category","embeddable":true,"href":"https:\/\/bisbalpenedes.com\/web\/wp-json\/wp\/v2\/categories?post=24765"},{"taxonomy":"post_tag","embeddable":true,"href":"https:\/\/bisbalpenedes.com\/web\/wp-json\/wp\/v2\/tags?post=24765"}],"curies":[{"name":"wp","href":"https:\/\/api.w.org\/{rel}","templated":true}]}}