{"id":24760,"date":"2023-01-24T19:41:33","date_gmt":"2023-01-24T17:41:33","guid":{"rendered":"https:\/\/bisbalpenedes.com\/web\/?p=24760"},"modified":"2023-01-24T19:41:33","modified_gmt":"2023-01-24T17:41:33","slug":"el-darrer-model-de-la-previsio-ja-no-indica-que-al-baix-penedes-hi-hagi-perill-per-nevades","status":"publish","type":"post","link":"https:\/\/bisbalpenedes.com\/web\/2023\/01\/24\/el-darrer-model-de-la-previsio-ja-no-indica-que-al-baix-penedes-hi-hagi-perill-per-nevades\/","title":{"rendered":"El darrer model de la previsi\u00f3 ja no indica que al Baix Pened\u00e8s hi hagi perill per nevades"},"content":{"rendered":"\n<p>El darrer model de la previsi\u00f3 de neu publicat des del Servei Meteorol\u00f2gic de Catalunya no inclou el Baix Pened\u00e8s entre les comarques en qu\u00e8 hi ha perill de nevades.<\/p>\n\n\n\n<p>No obstant aix\u00f2, tingueu precauci\u00f3 amb les possibles plaques de gel que es puguin formar en camins i carreteres i protegiu-vos de les baixes temperatures.<\/p>\n\n\n\n<hr class=\"wp-block-separator has-alpha-channel-opacity\"\/>\n\n\n\n<p><strong>CASTELLANO |<\/strong> El \u00faltimo modelo de la previsi\u00f3n de nieve publicado desde el Servicio Meteorol\u00f3gico de Catalu\u00f1a no incluye el Baix Pened\u00e8s entre las comarcas en las que hay peligro de nevadas.<\/p>\n\n\n\n<p>No obstante, tened precauci\u00f3n con las posibles placas de hielo que se puedan formar en caminos y carreteras y protegeos de las bajas temperaturas.<\/p>\n\n\n\n<figure class=\"wp-block-image size-large\"><img loading=\"lazy\" width=\"724\" height=\"1024\" src=\"https:\/\/bisbalpenedes.com\/web\/wp-content\/uploads\/2023\/01\/Cartell_OnadesFred_CAT_page-0001-724x1024.jpg\" alt=\"\" class=\"wp-image-24761\" srcset=\"https:\/\/bisbalpenedes.com\/web\/wp-content\/uploads\/2023\/01\/Cartell_OnadesFred_CAT_page-0001-724x1024.jpg 724w, https:\/\/bisbalpenedes.com\/web\/wp-content\/uploads\/2023\/01\/Cartell_OnadesFred_CAT_page-0001-212x300.jpg 212w, https:\/\/bisbalpenedes.com\/web\/wp-content\/uploads\/2023\/01\/Cartell_OnadesFred_CAT_page-0001-768x1086.jpg 768w, https:\/\/bisbalpenedes.com\/web\/wp-content\/uploads\/2023\/01\/Cartell_OnadesFred_CAT_page-0001-1086x1536.jpg 1086w, https:\/\/bisbalpenedes.com\/web\/wp-content\/uploads\/2023\/01\/Cartell_OnadesFred_CAT_page-0001-1448x2048.jpg 1448w, https:\/\/bisbalpenedes.com\/web\/wp-content\/uploads\/2023\/01\/Cartell_OnadesFred_CAT_page-0001-600x849.jpg 600w, https:\/\/bisbalpenedes.com\/web\/wp-content\/uploads\/2023\/01\/Cartell_OnadesFred_CAT_page-0001.jpg 1754w\" sizes=\"(max-width: 724px) 100vw, 724px\" \/><\/figure>\n","protected":false},"excerpt":{"rendered":"<p>El darrer model de la previsi\u00f3 de neu publicat des del Servei Meteorol\u00f2gic de Catalunya no inclou el Baix Pened\u00e8s entre les comarques en qu\u00e8 hi ha perill de nevades. &hellip; <a href=\"https:\/\/bisbalpenedes.com\/web\/2023\/01\/24\/el-darrer-model-de-la-previsio-ja-no-indica-que-al-baix-penedes-hi-hagi-perill-per-nevades\/\" class=\"more-link\">Read More<\/a><\/p>\n","protected":false},"author":4,"featured_media":24762,"comment_status":"closed","ping_status":"closed","sticky":false,"template":"","format":"standard","meta":[],"categories":[2543,8],"tags":[214,393,5782,886],"_links":{"self":[{"href":"https:\/\/bisbalpenedes.com\/web\/wp-json\/wp\/v2\/posts\/24760"}],"collection":[{"href":"https:\/\/bisbalpenedes.com\/web\/wp-json\/wp\/v2\/posts"}],"about":[{"href":"https:\/\/bisbalpenedes.com\/web\/wp-json\/wp\/v2\/types\/post"}],"author":[{"embeddable":true,"href":"https:\/\/bisbalpenedes.com\/web\/wp-json\/wp\/v2\/users\/4"}],"replies":[{"embeddable":true,"href":"https:\/\/bisbalpenedes.com\/web\/wp-json\/wp\/v2\/comments?post=24760"}],"version-history":[{"count":1,"href":"https:\/\/bisbalpenedes.com\/web\/wp-json\/wp\/v2\/posts\/24760\/revisions"}],"predecessor-version":[{"id":24763,"href":"https:\/\/bisbalpenedes.com\/web\/wp-json\/wp\/v2\/posts\/24760\/revisions\/24763"}],"wp:featuredmedia":[{"embeddable":true,"href":"https:\/\/bisbalpenedes.com\/web\/wp-json\/wp\/v2\/media\/24762"}],"wp:attachment":[{"href":"https:\/\/bisbalpenedes.com\/web\/wp-json\/wp\/v2\/media?parent=24760"}],"wp:term":[{"taxonomy":"category","embeddable":true,"href":"https:\/\/bisbalpenedes.com\/web\/wp-json\/wp\/v2\/categories?post=24760"},{"taxonomy":"post_tag","embeddable":true,"href":"https:\/\/bisbalpenedes.com\/web\/wp-json\/wp\/v2\/tags?post=24760"}],"curies":[{"name":"wp","href":"https:\/\/api.w.org\/{rel}","templated":true}]}}