{"id":24750,"date":"2023-01-24T13:50:20","date_gmt":"2023-01-24T11:50:20","guid":{"rendered":"https:\/\/bisbalpenedes.com\/web\/?p=24750"},"modified":"2023-01-24T13:50:20","modified_gmt":"2023-01-24T11:50:20","slug":"a-partir-de-l1-de-febrer-estara-prohibit-accedir-al-bus-urba-amb-vmp-vehicles-de-mobilitat-personal","status":"publish","type":"post","link":"https:\/\/bisbalpenedes.com\/web\/2023\/01\/24\/a-partir-de-l1-de-febrer-estara-prohibit-accedir-al-bus-urba-amb-vmp-vehicles-de-mobilitat-personal\/","title":{"rendered":"A partir de l&#8217;1 de febrer estar\u00e0 prohibit accedir al bus urb\u00e0 amb VMP (Vehicles de Mobilitat Personal)"},"content":{"rendered":"\n<p>Tenint en compte les instruccions de la Direcci\u00f3 General de Transports i Mobilitat de la Generalitat de Catalunya, en compliment de l&#8217;article 55.2. del Reglament de transport de viatgers per carretera mitjan\u00e7ant vehicles a Motor, Decret 319\/1990, que impedeix l&#8217;acc\u00e9s d&#8217;objectes que, pel seu volum, composici\u00f3 o altres causes impliquin perill o incomoditat per als altres viatgers o el vehicle:<\/p>\n\n\n\n<p>A partir de l&#8217;1 de febrer estar\u00e0 prohibit accedir al bus urb\u00e0 amb VMP (Vehicles de Mobilitat Personal), \u00e9s a dir: patinets, motocicletes, monopatins, overboards, segways i altres de naturalesa similar.<\/p>\n\n\n\n<p>La prohibici\u00f3 d&#8217;acc\u00e9s no afecta les cadires de rodes ni les bicicletes, ja que no es consideren VMP.<\/p>\n\n\n\n<hr class=\"wp-block-separator has-alpha-channel-opacity\"\/>\n\n\n\n<p><strong>CASTELLANO | <\/strong>Tenint en compte les instruccions de la Direcci\u00f3 General de Transports i Mobilitat de la Generalitat de Catalunya, en compliment de l&#8217;article 55.2. del Reglament de transport de viatgers per carretera mitjan\u00e7ant vehicles a Motor, Decret 319\/1990, que impedeix l&#8217;acc\u00e9s d&#8217;objectes que, pel seu volum, composici\u00f3 o altres causes impliquin perill o incomoditat per als altres viatgers o el vehicle:<\/p>\n\n\n\n<p>A partir de l&#8217;1 de febrer estar\u00e0 prohibit accedir al bus urb\u00e0 amb VMP (Vehicles de Mobilitat Personal), \u00e9s a dir: patinets, motocicletes, monopatins, overboards, segways i altres de naturalesa similar.<\/p>\n\n\n\n<p>La prohibici\u00f3 d&#8217;acc\u00e9s no afecta les cadires de rodes ni les bicicletes, ja que no es consideren VMP.<\/p>\n","protected":false},"excerpt":{"rendered":"<p>Tenint en compte les instruccions de la Direcci\u00f3 General de Transports i Mobilitat de la Generalitat de Catalunya, en compliment de l&#8217;article 55.2. del Reglament de transport de viatgers per &hellip; <a href=\"https:\/\/bisbalpenedes.com\/web\/2023\/01\/24\/a-partir-de-l1-de-febrer-estara-prohibit-accedir-al-bus-urba-amb-vmp-vehicles-de-mobilitat-personal\/\" class=\"more-link\">Read More<\/a><\/p>\n","protected":false},"author":4,"featured_media":24751,"comment_status":"closed","ping_status":"closed","sticky":false,"template":"","format":"standard","meta":[],"categories":[1628,3482,8],"tags":[787,821,5776,5778,5779,5777,2909,5780,5775,5774],"_links":{"self":[{"href":"https:\/\/bisbalpenedes.com\/web\/wp-json\/wp\/v2\/posts\/24750"}],"collection":[{"href":"https:\/\/bisbalpenedes.com\/web\/wp-json\/wp\/v2\/posts"}],"about":[{"href":"https:\/\/bisbalpenedes.com\/web\/wp-json\/wp\/v2\/types\/post"}],"author":[{"embeddable":true,"href":"https:\/\/bisbalpenedes.com\/web\/wp-json\/wp\/v2\/users\/4"}],"replies":[{"embeddable":true,"href":"https:\/\/bisbalpenedes.com\/web\/wp-json\/wp\/v2\/comments?post=24750"}],"version-history":[{"count":1,"href":"https:\/\/bisbalpenedes.com\/web\/wp-json\/wp\/v2\/posts\/24750\/revisions"}],"predecessor-version":[{"id":24752,"href":"https:\/\/bisbalpenedes.com\/web\/wp-json\/wp\/v2\/posts\/24750\/revisions\/24752"}],"wp:featuredmedia":[{"embeddable":true,"href":"https:\/\/bisbalpenedes.com\/web\/wp-json\/wp\/v2\/media\/24751"}],"wp:attachment":[{"href":"https:\/\/bisbalpenedes.com\/web\/wp-json\/wp\/v2\/media?parent=24750"}],"wp:term":[{"taxonomy":"category","embeddable":true,"href":"https:\/\/bisbalpenedes.com\/web\/wp-json\/wp\/v2\/categories?post=24750"},{"taxonomy":"post_tag","embeddable":true,"href":"https:\/\/bisbalpenedes.com\/web\/wp-json\/wp\/v2\/tags?post=24750"}],"curies":[{"name":"wp","href":"https:\/\/api.w.org\/{rel}","templated":true}]}}