{"id":24717,"date":"2023-01-23T14:04:37","date_gmt":"2023-01-23T12:04:37","guid":{"rendered":"https:\/\/bisbalpenedes.com\/web\/?p=24717"},"modified":"2023-01-23T14:04:37","modified_gmt":"2023-01-23T12:04:37","slug":"comencen-les-obres-de-pavimentacio-i-millora-de-la-placa-pau-casals","status":"publish","type":"post","link":"https:\/\/bisbalpenedes.com\/web\/2023\/01\/23\/comencen-les-obres-de-pavimentacio-i-millora-de-la-placa-pau-casals\/","title":{"rendered":"<strong>Comencen les obres de pavimentaci\u00f3 i millora de la pla\u00e7a Pau Casals<\/strong>"},"content":{"rendered":"\n<p>Avui dilluns 23 de gener han comen\u00e7at les obres de pavimentaci\u00f3 i millora de la pla\u00e7a Pau Casals. Els treballs consistiran a compactar el terreny i pavimentar amb formig\u00f3 armat, ja que el terra estava molt desgastat i tenia esquerdes. Les obres van a c\u00e0rrec de l\u2019empresa Excavacions i Transports Rovira S.A. i tindran un cost de 44.974,49\u20ac.<\/p>\n\n\n\n<p>La Junta de govern del 2 de desembre va aprovar la contractaci\u00f3 per dur a terme aquestes obres en un espai on es duen a terme molts actes municipals, hi juguen infants i hi aparquen vehicles. La setmana passada, l\u2019Ajuntament de la Bisbal del Pened\u00e8s va avisar els ve\u00efns i ve\u00efnes d\u2019aquesta zona sobre l\u2019inici de les obres, ja que durant les setmanes que durin, no es podr\u00e0 aparcar a la pla\u00e7a i s\u2019habilitaran passos de vianants per passar-hi i per entrar als habitatges.<\/p>\n\n\n\n<hr class=\"wp-block-separator has-alpha-channel-opacity\"\/>\n\n\n\n<p><strong>CASTELLANO |<\/strong> Hoy lunes 23 de enero han empezado las obras de pavimentaci\u00f3n y mejora de la plaza Pau Casals. Los trabajos consistir\u00e1n en compactar el terreno y pavimentar con hormig\u00f3n armado, ya que el suelo estaba muy desgastado y ten\u00eda grietas. Las obras van a cargo de la empresa Excavacions i Transports Rovira S.A. y tendr\u00e1n un coste de 44.974,49\u20ac.<\/p>\n\n\n\n<p>La Junta de gobierno del 2 de diciembre aprob\u00f3 la contrataci\u00f3n para llevar a cabo estas obras en un espacio en el que se llevan a cabo muchos actos municipales, juegan ni\u00f1os y aparcan veh\u00edculos. La semana pasada, el Ayuntamiento de la Bisbal del Pened\u00e8s avis\u00f3 a los vecinos y vecinas de esta zona sobre el inicio de las obras, ya que durante las semanas que duren, no se podr\u00e1 aparcar en la plaza y se habilitar\u00e1n pasos de peatones para pasar y entrar a las viviendas.<\/p>\n","protected":false},"excerpt":{"rendered":"<p>Avui dilluns 23 de gener han comen\u00e7at les obres de pavimentaci\u00f3 i millora de la pla\u00e7a Pau Casals. Els treballs consistiran a compactar el terreny i pavimentar amb formig\u00f3 armat, &hellip; <a href=\"https:\/\/bisbalpenedes.com\/web\/2023\/01\/23\/comencen-les-obres-de-pavimentacio-i-millora-de-la-placa-pau-casals\/\" class=\"more-link\">Read More<\/a><\/p>\n","protected":false},"author":4,"featured_media":24718,"comment_status":"closed","ping_status":"closed","sticky":false,"template":"","format":"standard","meta":[],"categories":[3482,8],"tags":[393,5764,1843,3749],"_links":{"self":[{"href":"https:\/\/bisbalpenedes.com\/web\/wp-json\/wp\/v2\/posts\/24717"}],"collection":[{"href":"https:\/\/bisbalpenedes.com\/web\/wp-json\/wp\/v2\/posts"}],"about":[{"href":"https:\/\/bisbalpenedes.com\/web\/wp-json\/wp\/v2\/types\/post"}],"author":[{"embeddable":true,"href":"https:\/\/bisbalpenedes.com\/web\/wp-json\/wp\/v2\/users\/4"}],"replies":[{"embeddable":true,"href":"https:\/\/bisbalpenedes.com\/web\/wp-json\/wp\/v2\/comments?post=24717"}],"version-history":[{"count":1,"href":"https:\/\/bisbalpenedes.com\/web\/wp-json\/wp\/v2\/posts\/24717\/revisions"}],"predecessor-version":[{"id":24719,"href":"https:\/\/bisbalpenedes.com\/web\/wp-json\/wp\/v2\/posts\/24717\/revisions\/24719"}],"wp:featuredmedia":[{"embeddable":true,"href":"https:\/\/bisbalpenedes.com\/web\/wp-json\/wp\/v2\/media\/24718"}],"wp:attachment":[{"href":"https:\/\/bisbalpenedes.com\/web\/wp-json\/wp\/v2\/media?parent=24717"}],"wp:term":[{"taxonomy":"category","embeddable":true,"href":"https:\/\/bisbalpenedes.com\/web\/wp-json\/wp\/v2\/categories?post=24717"},{"taxonomy":"post_tag","embeddable":true,"href":"https:\/\/bisbalpenedes.com\/web\/wp-json\/wp\/v2\/tags?post=24717"}],"curies":[{"name":"wp","href":"https:\/\/api.w.org\/{rel}","templated":true}]}}