{"id":24706,"date":"2023-01-20T19:28:43","date_gmt":"2023-01-20T17:28:43","guid":{"rendered":"https:\/\/bisbalpenedes.com\/web\/?p=24706"},"modified":"2023-01-20T19:28:43","modified_gmt":"2023-01-20T17:28:43","slug":"mes-de-12-000-usuaris-han-agafat-el-bus-urba-el-2022-lequip-de-govern-treballa-en-millores-i-nous-serveis-de-bus-urba-i-comarcal","status":"publish","type":"post","link":"https:\/\/bisbalpenedes.com\/web\/2023\/01\/20\/mes-de-12-000-usuaris-han-agafat-el-bus-urba-el-2022-lequip-de-govern-treballa-en-millores-i-nous-serveis-de-bus-urba-i-comarcal\/","title":{"rendered":"<strong>M\u00e9s de 12.000 usuaris han agafat el bus urb\u00e0 el 2022 \u2013 L\u2019equip de govern treballa en millores i nous serveis de bus urb\u00e0 i comarcal<\/strong>"},"content":{"rendered":"\n<p>El servei de bus urb\u00e0 ha donat servei a un total de 12.640 usuaris durant el 2022, una xifra que suposa un increment d\u2019un 149% &nbsp;de viatgers respecte a l\u2019any anterior, el 2021. Aquesta \u00e9s una de les dades que l\u2019empresa Autocars \u00cdzaro ha posat en coneixement de l\u2019alcaldessa de la Bisbal del Pened\u00e8s, Agn\u00e8s Ferr\u00e9, i de la regidora de Mobilitat, Leo Uceda, durant la reuni\u00f3 que han mantingut ambdues parts, a l\u2019Ajuntament, aquest dimecres 18 de gener. L\u2019equip de govern incorporar\u00e0 millores i nous serveis a la renovaci\u00f3 del conveni, prevista per a l\u2019abril de 2023.<\/p>\n\n\n\n<p>El maig de 2021 es va posar en marxa un nou servei de bus urb\u00e0 que comunica les urbanitzacions amb El Vendrell i que dona servei a tot el municipi, incorporant tamb\u00e9 el barri de l\u2019Ortig\u00f3s. Aquest servei inclou el bus urb\u00e0 entre tots els nuclis del municipi, viatges al Vendrell (hospital i parada d\u2019autobusos del centre) i autocar als horaris d\u2019entrada i sortida de l\u2019Institut Coster de la Torre (un servei que s\u2019ha refor\u00e7at aquest curs escolar 2022\/2023 amb m\u00e9s places). El servei funciona amb horaris i parades i dona servei de dilluns a divendres (feiners) des de tots els barris i els dissabtes tamb\u00e9 ofereix anades i tornades al Vendrell des del nucli.<\/p>\n\n\n\n<p>El proper mes d\u2019abril de 2023 finalitza el conveni que es va signar l\u2019any 2021. Tenint en compte les bones xifres d\u2019\u00fas que ha obtingut el servei, l\u2019equip de govern vol renovar-lo incorporant-hi algunes millores i nous serveis.<\/p>\n\n\n\n<hr class=\"wp-block-separator has-alpha-channel-opacity\"\/>\n\n\n\n<p><strong>CASTELLANO |<\/strong> El servicio de bus urbano ha dado servicio a un total de 12.640 usuarios durante el 2022, una cifra que supone un incremento de un 149% de viajeros respecto al a\u00f1o anterior, el 2021. Este es uno de los datos que la empresa Autocars \u00cdzaro ha puesto en conocimiento de la alcaldesa de la Bisbal del Pened\u00e8s, Agn\u00e8s Ferr\u00e9, y de la concejala de Movilidad, Leo Uceda, durante la reuni\u00f3n que han mantenido ambas partes, en el Ayuntamiento, este mi\u00e9rcoles 18 de enero. El equipo de gobierno incorporar\u00e1 mejoras y nuevos servicios a la renovaci\u00f3n del convenio, prevista para el mes de abril de 2023.<\/p>\n\n\n\n<p>En mayo de 2021 se puso en marcha un nuevo servicio de bus urbano que comunica las urbanizaciones con El Vendrell y que da servicio a todo el municipio, incorporando tambi\u00e9n el barrio del Ortig\u00f3s. Este servicio incluye el bus urbano entre todos los n\u00facleos del municipio, viajes al Vendrell (hospital y parada de autobuses del centro) y autocar den los horarios de entrada y salida del Instituto Coster de la Torre (un servicio que se ha reforzado este curso escolar 2022\/2023 con m\u00e1s plazas). El servicio funciona con horarios y paradas y da servicio de lunes a viernes (laborables) desde todos los barrios y los s\u00e1bados tambi\u00e9n ofrece idas y vueltas al Vendrell desde el n\u00facleo.<\/p>\n\n\n\n<p>El pr\u00f3ximo mes de abril de 2023 finaliza el convenio que se firm\u00f3 en el a\u00f1o 2021. Teniendo en cuenta las buenas cifras de uso que ha obtenido el servicio, el equipo de gobierno quiere renovarlo incorporando algunas mejoras y nuevos servicios.<\/p>\n","protected":false},"excerpt":{"rendered":"<p>El servei de bus urb\u00e0 ha donat servei a un total de 12.640 usuaris durant el 2022, una xifra que suposa un increment d\u2019un 149% &nbsp;de viatgers respecte a l\u2019any &hellip; <a href=\"https:\/\/bisbalpenedes.com\/web\/2023\/01\/20\/mes-de-12-000-usuaris-han-agafat-el-bus-urba-el-2022-lequip-de-govern-treballa-en-millores-i-nous-serveis-de-bus-urba-i-comarcal\/\" class=\"more-link\">Read More<\/a><\/p>\n","protected":false},"author":4,"featured_media":24707,"comment_status":"closed","ping_status":"closed","sticky":false,"template":"","format":"standard","meta":[],"categories":[3859,8],"tags":[788,727,4869,5763,821,393],"_links":{"self":[{"href":"https:\/\/bisbalpenedes.com\/web\/wp-json\/wp\/v2\/posts\/24706"}],"collection":[{"href":"https:\/\/bisbalpenedes.com\/web\/wp-json\/wp\/v2\/posts"}],"about":[{"href":"https:\/\/bisbalpenedes.com\/web\/wp-json\/wp\/v2\/types\/post"}],"author":[{"embeddable":true,"href":"https:\/\/bisbalpenedes.com\/web\/wp-json\/wp\/v2\/users\/4"}],"replies":[{"embeddable":true,"href":"https:\/\/bisbalpenedes.com\/web\/wp-json\/wp\/v2\/comments?post=24706"}],"version-history":[{"count":1,"href":"https:\/\/bisbalpenedes.com\/web\/wp-json\/wp\/v2\/posts\/24706\/revisions"}],"predecessor-version":[{"id":24708,"href":"https:\/\/bisbalpenedes.com\/web\/wp-json\/wp\/v2\/posts\/24706\/revisions\/24708"}],"wp:featuredmedia":[{"embeddable":true,"href":"https:\/\/bisbalpenedes.com\/web\/wp-json\/wp\/v2\/media\/24707"}],"wp:attachment":[{"href":"https:\/\/bisbalpenedes.com\/web\/wp-json\/wp\/v2\/media?parent=24706"}],"wp:term":[{"taxonomy":"category","embeddable":true,"href":"https:\/\/bisbalpenedes.com\/web\/wp-json\/wp\/v2\/categories?post=24706"},{"taxonomy":"post_tag","embeddable":true,"href":"https:\/\/bisbalpenedes.com\/web\/wp-json\/wp\/v2\/tags?post=24706"}],"curies":[{"name":"wp","href":"https:\/\/api.w.org\/{rel}","templated":true}]}}