{"id":24692,"date":"2023-01-19T12:53:12","date_gmt":"2023-01-19T10:53:12","guid":{"rendered":"https:\/\/bisbalpenedes.com\/web\/?p=24692"},"modified":"2023-01-19T12:53:12","modified_gmt":"2023-01-19T10:53:12","slug":"saprova-la-contractacio-del-servei-de-dinamitzacio-dactivitats-destinades-a-les-persones-grans","status":"publish","type":"post","link":"https:\/\/bisbalpenedes.com\/web\/2023\/01\/19\/saprova-la-contractacio-del-servei-de-dinamitzacio-dactivitats-destinades-a-les-persones-grans\/","title":{"rendered":"<strong>S\u2019aprova la contractaci\u00f3 del servei de dinamitzaci\u00f3 d\u2019activitats destinades a les persones grans<\/strong>"},"content":{"rendered":"\n<p>La Junta de Govern del 16 de gener de 2023 ha aprovat el procediment negociat, sense publicitat, convidant tres empreses perqu\u00e8 presentin les seves propostes. L\u2019import per a dos anys (2023 i 2024) \u00e9s de 65.818,52\u20ac (IVA incl\u00f2s) i les empreses disposen de quinze dies per presentar la documentaci\u00f3 sol\u00b7licitada i, a partir d\u2019aqu\u00ed, la mesa de contractaci\u00f3 valorar\u00e0 les diferents propostes.<\/p>\n\n\n\n<p>El passat mes d\u2019octubre de 2022 l\u2019Ajuntament de la Bisbal del Pened\u00e8s va licitar el servei de dinamitzaci\u00f3 d\u2019activitats per a la gent gran, per\u00f2 com que la licitaci\u00f3 es va declarar deserta, ara s\u2019ha procedit a tirar endavant la contractaci\u00f3 del servei, mitjan\u00e7ant un procediment negociat sense publicitat, amb l\u2019objectiu de poder comptar amb aquests serveis per a la gent gran com m\u00e9s aviat millor.<\/p>\n\n\n\n<p>El servei que es vol contractar \u00e9s el de dinamitzaci\u00f3 d\u2019activitats als espais p\u00fablics municipals destinades a persones grans, amb el desenvolupament d\u2019estrat\u00e8gies per a fer m\u00e9s saludables els estils de vida, la gesti\u00f3 de les emocions com a font de benestar emocional i creixement personal i, en conseq\u00fc\u00e8ncia, millorar la seva qualitat de vida. Les activitats es duran a terme als espais dels locals socials de la Miralba, Can Gordei, el Priorat i al Rac\u00f3 de la Gent gran del nucli i seran les seg\u00fcents:<\/p>\n\n\n\n<p><span style=\"text-decoration: underline;\">Parcs de salut:<\/span> activitat f\u00edsica i esportiva. Es faran activitats tres matins al parc de salut del nucli, dues tardes al parc de salut de la Miralba, dues tardes al parc de salut del Priorat i dos matins al parc de salut de Can Gordei.<\/p>\n\n\n\n<p><span style=\"text-decoration: underline;\">Altres activitats:<\/span> activitats dirigides (amb monitor\/a) que seran escollides pels usuaris: inform\u00e0tica, catal\u00e0, tallers de mem\u00f2ria, jocs de taula&#8230; es faran tres tardes a la setmana al Rac\u00f3 de la Gent Gran del nucli, dues tardes a la setmana al local social de la Miralba, dues tardes al local social del Priorat i dues tardes al local social de Can Gordei.<\/p>\n\n\n\n<hr class=\"wp-block-separator has-alpha-channel-opacity\"\/>\n\n\n\n<p><strong>CASTELLANO |<\/strong> La Junta de Gobierno del 16 de enero de 2023 ha aprobado el procedimiento negociado, sin publicidad, invitando a tres empresas para que presenten sus propuestas. El importe para dos a\u00f1os (2023 y 2024) es de 65.818,52\u20ac (IVA incluido) y las empresas disponen de quince d\u00edas para presentar la documentaci\u00f3n solicitada y, a partir de aqu\u00ed, la mesa de contrataci\u00f3n valorar\u00e1 las distintas propuestas.<\/p>\n\n\n\n<p>El pasado mes de octubre de 2022 el Ayuntamiento de la Bisbal del Pened\u00e8s licit\u00f3 el servicio de dinamizaci\u00f3n de actividades para la gente mayor, pero como la licitaci\u00f3n se declar\u00f3 desierta, ahora se ha procedido a sacar adelante la contrataci\u00f3n del servicio, mediante un procedimiento negociado sin publicidad, con el objetivo de poder contar con estos servicios para la gente mayor cuanto antes.<\/p>\n\n\n\n<p>El servicio que se quiere contratar es el de dinamizaci\u00f3n de actividades en los espacios p\u00fablicos municipales destinadas a personas mayores, con el desarrollo de estrategias para hacer m\u00e1s saludables los estilos de vida, la gesti\u00f3n de las emociones como fuente de bienestar emocional y crecimiento personal y, en consecuencia, mejorar su calidad de vida. Las actividades se llevar\u00e1n a cabo en los espacios de los locales sociales de La Miralba, Can Gordei, el Priorat y en el Rac\u00f3 de la Gent Gran del n\u00facleo y ser\u00e1n las siguientes:<\/p>\n\n\n\n<p><span style=\"text-decoration: underline;\">Parques de salud:<\/span> actividad f\u00edsica y deportiva. Se har\u00e1n actividades tres ma\u00f1anas en el parque de salud del n\u00facleo, dos tardes en el parque de salud de la Miralba, dos tardes en el parque de salud del Priorat y dos ma\u00f1anas en el parque de salud de Can Gordei.<\/p>\n\n\n\n<p><span style=\"text-decoration: underline;\">Otras actividades:<\/span> actividades dirigidas (con monitor\/a) que ser\u00e1n elegidas por los usuarios: inform\u00e1tica, catal\u00e1n, talleres de memoria, juegos de mesa\u2026 se har\u00e1n tres tardes a la semana en el Rac\u00f3 de la Gent Gran del n\u00facleo, dos tardes a la semana en el local social de la Miralba, dos tardes en el local social del Priorat y dos tardes en el local social de Can Gordei.<\/p>\n","protected":false},"excerpt":{"rendered":"<p>La Junta de Govern del 16 de gener de 2023 ha aprovat el procediment negociat, sense publicitat, convidant tres empreses perqu\u00e8 presentin les seves propostes. L\u2019import per a dos anys &hellip; <a href=\"https:\/\/bisbalpenedes.com\/web\/2023\/01\/19\/saprova-la-contractacio-del-servei-de-dinamitzacio-dactivitats-destinades-a-les-persones-grans\/\" class=\"more-link\">Read More<\/a><\/p>\n","protected":false},"author":4,"featured_media":24693,"comment_status":"closed","ping_status":"closed","sticky":false,"template":"","format":"standard","meta":[],"categories":[464,8],"tags":[198,1359,305,393,246,790,520],"_links":{"self":[{"href":"https:\/\/bisbalpenedes.com\/web\/wp-json\/wp\/v2\/posts\/24692"}],"collection":[{"href":"https:\/\/bisbalpenedes.com\/web\/wp-json\/wp\/v2\/posts"}],"about":[{"href":"https:\/\/bisbalpenedes.com\/web\/wp-json\/wp\/v2\/types\/post"}],"author":[{"embeddable":true,"href":"https:\/\/bisbalpenedes.com\/web\/wp-json\/wp\/v2\/users\/4"}],"replies":[{"embeddable":true,"href":"https:\/\/bisbalpenedes.com\/web\/wp-json\/wp\/v2\/comments?post=24692"}],"version-history":[{"count":1,"href":"https:\/\/bisbalpenedes.com\/web\/wp-json\/wp\/v2\/posts\/24692\/revisions"}],"predecessor-version":[{"id":24694,"href":"https:\/\/bisbalpenedes.com\/web\/wp-json\/wp\/v2\/posts\/24692\/revisions\/24694"}],"wp:featuredmedia":[{"embeddable":true,"href":"https:\/\/bisbalpenedes.com\/web\/wp-json\/wp\/v2\/media\/24693"}],"wp:attachment":[{"href":"https:\/\/bisbalpenedes.com\/web\/wp-json\/wp\/v2\/media?parent=24692"}],"wp:term":[{"taxonomy":"category","embeddable":true,"href":"https:\/\/bisbalpenedes.com\/web\/wp-json\/wp\/v2\/categories?post=24692"},{"taxonomy":"post_tag","embeddable":true,"href":"https:\/\/bisbalpenedes.com\/web\/wp-json\/wp\/v2\/tags?post=24692"}],"curies":[{"name":"wp","href":"https:\/\/api.w.org\/{rel}","templated":true}]}}