{"id":24680,"date":"2023-01-18T15:28:30","date_gmt":"2023-01-18T13:28:30","guid":{"rendered":"https:\/\/bisbalpenedes.com\/web\/?p=24680"},"modified":"2023-01-18T15:28:30","modified_gmt":"2023-01-18T13:28:30","slug":"sinicia-lexpedient-de-la-licitacio-de-les-obres-de-millora-del-barri-de-la-riba","status":"publish","type":"post","link":"https:\/\/bisbalpenedes.com\/web\/2023\/01\/18\/sinicia-lexpedient-de-la-licitacio-de-les-obres-de-millora-del-barri-de-la-riba\/","title":{"rendered":"<strong>S&#8217;inicia l&#8217;expedient de la licitaci\u00f3 de les obres de millora del barri de la Riba<\/strong>"},"content":{"rendered":"\n<p>La Junta de Govern del 16 de gener ha aprovat iniciar l&#8217;expedient per a la licitaci\u00f3 de les obres de millora al barri de la Riba, en concret: de canvi de la xarxa d&#8217;aigua, soterrament de l&#8217;enllumenat p\u00fablic i canvi de bombetes per LED, instal\u00b7laci\u00f3 d&#8217;hidrants de protecci\u00f3 contra incendis i instal\u00b7laci\u00f3 de conduccions i arquetes soterrades per cablejat de telecomunicacions.<\/p>\n\n\n\n<p>El pressupost total d&#8217;aquestes actuacions ascendeix a 1.063.364,44\u20ac (IVA incl\u00f2s).<\/p>\n\n\n\n<hr class=\"wp-block-separator has-alpha-channel-opacity\"\/>\n\n\n\n<p>La Junta de Gobierno del 16 de enero ha aprobado iniciar el expediente para la licitaci\u00f3n de las obras de mejora en el barrio de la Riba, en concreto: de cambio de la red de agua, soterramiento del alumbrado p\u00fablico y cambio de bombillas por LED, instalaciones de hidrantes de protecci\u00f3n contra incendios e instalaci\u00f3n de conducciones y arquetas soterradas para cableado de telecomunicaciones.<\/p>\n\n\n\n<p>El presupuesto total de estas actuaciones asciende a 1.063.364,44\u20ac (IVA incluido).<\/p>\n\n\n\n<figure class=\"wp-block-embed is-type-video is-provider-youtube wp-block-embed-youtube wp-embed-aspect-16-9 wp-has-aspect-ratio\"><div class=\"wp-block-embed__wrapper\">\n<iframe loading=\"lazy\" title=\"Propostes Ordre del dia Junta de Govern 16\/01\/2023 amb compet\u00e8ncia delegada del Ple. Millora Riba\" width=\"1170\" height=\"658\" src=\"https:\/\/www.youtube.com\/embed\/-vrp8cgG0hg?feature=oembed\" frameborder=\"0\" allow=\"accelerometer; autoplay; clipboard-write; encrypted-media; gyroscope; picture-in-picture; web-share\" allowfullscreen><\/iframe>\n<\/div><\/figure>\n","protected":false},"excerpt":{"rendered":"<p>La Junta de Govern del 16 de gener ha aprovat iniciar l&#8217;expedient per a la licitaci\u00f3 de les obres de millora al barri de la Riba, en concret: de canvi &hellip; <a href=\"https:\/\/bisbalpenedes.com\/web\/2023\/01\/18\/sinicia-lexpedient-de-la-licitacio-de-les-obres-de-millora-del-barri-de-la-riba\/\" class=\"more-link\">Read More<\/a><\/p>\n","protected":false},"author":4,"featured_media":20670,"comment_status":"closed","ping_status":"closed","sticky":false,"template":"","format":"standard","meta":[],"categories":[8,3352,15],"tags":[],"_links":{"self":[{"href":"https:\/\/bisbalpenedes.com\/web\/wp-json\/wp\/v2\/posts\/24680"}],"collection":[{"href":"https:\/\/bisbalpenedes.com\/web\/wp-json\/wp\/v2\/posts"}],"about":[{"href":"https:\/\/bisbalpenedes.com\/web\/wp-json\/wp\/v2\/types\/post"}],"author":[{"embeddable":true,"href":"https:\/\/bisbalpenedes.com\/web\/wp-json\/wp\/v2\/users\/4"}],"replies":[{"embeddable":true,"href":"https:\/\/bisbalpenedes.com\/web\/wp-json\/wp\/v2\/comments?post=24680"}],"version-history":[{"count":1,"href":"https:\/\/bisbalpenedes.com\/web\/wp-json\/wp\/v2\/posts\/24680\/revisions"}],"predecessor-version":[{"id":24681,"href":"https:\/\/bisbalpenedes.com\/web\/wp-json\/wp\/v2\/posts\/24680\/revisions\/24681"}],"wp:featuredmedia":[{"embeddable":true,"href":"https:\/\/bisbalpenedes.com\/web\/wp-json\/wp\/v2\/media\/20670"}],"wp:attachment":[{"href":"https:\/\/bisbalpenedes.com\/web\/wp-json\/wp\/v2\/media?parent=24680"}],"wp:term":[{"taxonomy":"category","embeddable":true,"href":"https:\/\/bisbalpenedes.com\/web\/wp-json\/wp\/v2\/categories?post=24680"},{"taxonomy":"post_tag","embeddable":true,"href":"https:\/\/bisbalpenedes.com\/web\/wp-json\/wp\/v2\/tags?post=24680"}],"curies":[{"name":"wp","href":"https:\/\/api.w.org\/{rel}","templated":true}]}}