{"id":24676,"date":"2023-01-18T15:24:47","date_gmt":"2023-01-18T13:24:47","guid":{"rendered":"https:\/\/bisbalpenedes.com\/web\/?p=24676"},"modified":"2023-01-18T15:25:41","modified_gmt":"2023-01-18T13:25:41","slug":"saprova-el-pla-de-seguretat-i-salut-de-les-obres-de-la-fassina","status":"publish","type":"post","link":"https:\/\/bisbalpenedes.com\/web\/2023\/01\/18\/saprova-el-pla-de-seguretat-i-salut-de-les-obres-de-la-fassina\/","title":{"rendered":"<strong>S\u2019aprova el Pla de seguretat i salut de les obres de la \u201cfassina\u201d<\/strong>"},"content":{"rendered":"\n<p>La Junta de govern del 16 de gener de 2023 ha aprovat el pla de seguretat i salut de les obres de la \u201cfassina\u201d. El seg\u00fcent pas ser\u00e0 fer l\u2019acta de replanteig i, durant les properes setmanes, comen\u00e7aran les obres.<\/p>\n\n\n\n<p>A finals del mes de desembre es va aprovar l\u2019adjudicaci\u00f3 definitiva de les obres de construcci\u00f3 i rehabilitaci\u00f3 de la <em>fassina<\/em>, per un preu de 694.204,19\u20ac (IVA incl\u00f2s) a l\u2019empresa Construcciones Asensio S.A., la mateixa empresa adjudicat\u00e0ria de les obres de la primera fase del poliesportiu municipal. Aquestes obres tindran una durada de sis mesos des del seu inici.<\/p>\n\n\n\n<figure class=\"wp-block-embed is-type-video is-provider-youtube wp-block-embed-youtube wp-embed-aspect-16-9 wp-has-aspect-ratio\"><div class=\"wp-block-embed__wrapper\">\n<iframe loading=\"lazy\" title=\"Propostes de l\u2019Ordre dia Junta de Govern 16\/01\/2023 amb compet\u00e8ncia delegada del Ple. Fassina\" width=\"1170\" height=\"658\" src=\"https:\/\/www.youtube.com\/embed\/v_7_Zr5Ji8A?feature=oembed\" frameborder=\"0\" allow=\"accelerometer; autoplay; clipboard-write; encrypted-media; gyroscope; picture-in-picture; web-share\" allowfullscreen><\/iframe>\n<\/div><\/figure>\n\n\n\n<hr class=\"wp-block-separator has-alpha-channel-opacity\"\/>\n\n\n\n<p>La Junta de gobierno del 16 de enero de 2023 ha aprobado el plan de seguridad y salud de las obras de la &#8220;fassina&#8221;. El siguiente paso ser\u00e1 hacer el acta de replanteo y, durante las pr\u00f3ximas semanas, empezar\u00e1n las obras.<\/p>\n\n\n\n<p>A finales del mes de diciembre se aprob\u00f3 la adjudicaci\u00f3n definitiva de las obras de construcci\u00f3n y rehabilitaci\u00f3n de la &#8220;fassina&#8221;, por un precio de 694.204,19\u20ac (IVA incluido) a la empresa Construcciones Asensio S.A., la misma empresa adjudicataria de las obras de la primera fase de polideportivo municipal. Estas obras tendr\u00e1n una duraci\u00f3n de seis meses desde su inicio.<\/p>\n","protected":false},"excerpt":{"rendered":"<p>La Junta de govern del 16 de gener de 2023 ha aprovat el pla de seguretat i salut de les obres de la \u201cfassina\u201d. El seg\u00fcent pas ser\u00e0 fer l\u2019acta &hellip; <a href=\"https:\/\/bisbalpenedes.com\/web\/2023\/01\/18\/saprova-el-pla-de-seguretat-i-salut-de-les-obres-de-la-fassina\/\" class=\"more-link\">Read More<\/a><\/p>\n","protected":false},"author":4,"featured_media":12681,"comment_status":"closed","ping_status":"closed","sticky":false,"template":"","format":"standard","meta":[],"categories":[13,8,15],"tags":[459,393,3504,1374,4585],"_links":{"self":[{"href":"https:\/\/bisbalpenedes.com\/web\/wp-json\/wp\/v2\/posts\/24676"}],"collection":[{"href":"https:\/\/bisbalpenedes.com\/web\/wp-json\/wp\/v2\/posts"}],"about":[{"href":"https:\/\/bisbalpenedes.com\/web\/wp-json\/wp\/v2\/types\/post"}],"author":[{"embeddable":true,"href":"https:\/\/bisbalpenedes.com\/web\/wp-json\/wp\/v2\/users\/4"}],"replies":[{"embeddable":true,"href":"https:\/\/bisbalpenedes.com\/web\/wp-json\/wp\/v2\/comments?post=24676"}],"version-history":[{"count":2,"href":"https:\/\/bisbalpenedes.com\/web\/wp-json\/wp\/v2\/posts\/24676\/revisions"}],"predecessor-version":[{"id":24678,"href":"https:\/\/bisbalpenedes.com\/web\/wp-json\/wp\/v2\/posts\/24676\/revisions\/24678"}],"wp:featuredmedia":[{"embeddable":true,"href":"https:\/\/bisbalpenedes.com\/web\/wp-json\/wp\/v2\/media\/12681"}],"wp:attachment":[{"href":"https:\/\/bisbalpenedes.com\/web\/wp-json\/wp\/v2\/media?parent=24676"}],"wp:term":[{"taxonomy":"category","embeddable":true,"href":"https:\/\/bisbalpenedes.com\/web\/wp-json\/wp\/v2\/categories?post=24676"},{"taxonomy":"post_tag","embeddable":true,"href":"https:\/\/bisbalpenedes.com\/web\/wp-json\/wp\/v2\/tags?post=24676"}],"curies":[{"name":"wp","href":"https:\/\/api.w.org\/{rel}","templated":true}]}}