{"id":2467,"date":"2017-05-24T02:00:29","date_gmt":"2017-05-23T20:00:29","guid":{"rendered":"http:\/\/bisbalpenedes.com\/web\/?p=2467"},"modified":"2017-05-24T02:02:55","modified_gmt":"2017-05-23T20:02:55","slug":"lajuntament-de-la-bisbal-del-penedes-ha-entregat-19-xecs-nado-a-families-que-van-tenir-fills-durant-el-2016","status":"publish","type":"post","link":"https:\/\/bisbalpenedes.com\/web\/2017\/05\/24\/lajuntament-de-la-bisbal-del-penedes-ha-entregat-19-xecs-nado-a-families-que-van-tenir-fills-durant-el-2016\/","title":{"rendered":"L\u2019Ajuntament de La Bisbal del Pened\u00e8s ha entregat 19 Xecs Nad\u00f3 a fam\u00edlies que van tenir o adoptar fills durant el 2016"},"content":{"rendered":"<p><a href=\"http:\/\/bisbalpenedes.com\/web\/wp-content\/uploads\/2017\/05\/DSC00375.jpg\"><img loading=\"lazy\" class=\"aligncenter size-medium wp-image-2468\" title=\"Lliurament Xec Nad\u00f3\" src=\"http:\/\/bisbalpenedes.com\/web\/wp-content\/uploads\/2017\/05\/DSC00375-300x225.jpg\" alt=\"\" width=\"300\" height=\"225\" srcset=\"https:\/\/bisbalpenedes.com\/web\/wp-content\/uploads\/2017\/05\/DSC00375-300x225.jpg 300w, https:\/\/bisbalpenedes.com\/web\/wp-content\/uploads\/2017\/05\/DSC00375-600x450.jpg 600w, https:\/\/bisbalpenedes.com\/web\/wp-content\/uploads\/2017\/05\/DSC00375-1024x768.jpg 1024w, https:\/\/bisbalpenedes.com\/web\/wp-content\/uploads\/2017\/05\/DSC00375.jpg 1600w\" sizes=\"(max-width: 300px) 100vw, 300px\" \/><\/a><\/p>\n<p>El Consistori ha convocat per segon any consecutiu aquesta campanya que consisteix a entregar un talonari amb 10 vals per import de 10\u20ac cadascun per bescanviar als comer\u00e7os del municipi per productes o serveis.<\/p>\n<p>Enguany han estat 19 les fam\u00edlies empadronades al municipi que s\u2019han beneficiat d\u2019aquesta convocat\u00f2ria. Es tracta de les fam\u00edlies dels nouvinguts Axel, Dulce, Alguer, Daphne, Edurne, Sara, Paula, Ian, Mia, Roi, Ra\u00fal, Mario, Oliu, Aidam, H\u00e9ctor, Eidan, F\u00e8lix, In\u00e9s i Martina.<\/p>\n<p>El Xec Nad\u00f3 \u00e9s un instrument de dinamitzaci\u00f3 del comer\u00e7 local i de suport a les fam\u00edlies, ja que aquestes subvencions ajuden a les fam\u00edlies per\u00f2 alhora beneficien les botigues bisbalenques que s\u2019han adherit a la campanya. Enguany s\u2019hi han adherit: Cal Pere Busquet, Tot Detall, Radio Mendoza, Vent de Dalt, Farm\u00e0cia Dalmau, Fruites i verdures Montserrat, Supermercat Jaume-Suma autoservei, Tris-tras, La polleria Ma Carme Vidal i Agro-verd.<\/p>\n","protected":false},"excerpt":{"rendered":"<p>El Consistori ha convocat per segon any consecutiu aquesta campanya que consisteix a entregar un talonari amb 10 vals per import de 10\u20ac cadascun per bescanviar als comer\u00e7os del municipi &hellip; <a href=\"https:\/\/bisbalpenedes.com\/web\/2017\/05\/24\/lajuntament-de-la-bisbal-del-penedes-ha-entregat-19-xecs-nado-a-families-que-van-tenir-fills-durant-el-2016\/\" class=\"more-link\">Read More<\/a><\/p>\n","protected":false},"author":4,"featured_media":2468,"comment_status":"closed","ping_status":"closed","sticky":false,"template":"","format":"standard","meta":[],"categories":[8],"tags":[418,417,419,227,420,415,416,240],"_links":{"self":[{"href":"https:\/\/bisbalpenedes.com\/web\/wp-json\/wp\/v2\/posts\/2467"}],"collection":[{"href":"https:\/\/bisbalpenedes.com\/web\/wp-json\/wp\/v2\/posts"}],"about":[{"href":"https:\/\/bisbalpenedes.com\/web\/wp-json\/wp\/v2\/types\/post"}],"author":[{"embeddable":true,"href":"https:\/\/bisbalpenedes.com\/web\/wp-json\/wp\/v2\/users\/4"}],"replies":[{"embeddable":true,"href":"https:\/\/bisbalpenedes.com\/web\/wp-json\/wp\/v2\/comments?post=2467"}],"version-history":[{"count":4,"href":"https:\/\/bisbalpenedes.com\/web\/wp-json\/wp\/v2\/posts\/2467\/revisions"}],"predecessor-version":[{"id":2470,"href":"https:\/\/bisbalpenedes.com\/web\/wp-json\/wp\/v2\/posts\/2467\/revisions\/2470"}],"wp:featuredmedia":[{"embeddable":true,"href":"https:\/\/bisbalpenedes.com\/web\/wp-json\/wp\/v2\/media\/2468"}],"wp:attachment":[{"href":"https:\/\/bisbalpenedes.com\/web\/wp-json\/wp\/v2\/media?parent=2467"}],"wp:term":[{"taxonomy":"category","embeddable":true,"href":"https:\/\/bisbalpenedes.com\/web\/wp-json\/wp\/v2\/categories?post=2467"},{"taxonomy":"post_tag","embeddable":true,"href":"https:\/\/bisbalpenedes.com\/web\/wp-json\/wp\/v2\/tags?post=2467"}],"curies":[{"name":"wp","href":"https:\/\/api.w.org\/{rel}","templated":true}]}}