{"id":24666,"date":"2023-01-18T14:27:17","date_gmt":"2023-01-18T12:27:17","guid":{"rendered":"https:\/\/bisbalpenedes.com\/web\/?p=24666"},"modified":"2023-01-18T14:29:53","modified_gmt":"2023-01-18T12:29:53","slug":"el-servei-dinfermeria-pediatrica-torna-al-consultori-medic-de-la-bisbal-del-penedes","status":"publish","type":"post","link":"https:\/\/bisbalpenedes.com\/web\/2023\/01\/18\/el-servei-dinfermeria-pediatrica-torna-al-consultori-medic-de-la-bisbal-del-penedes\/","title":{"rendered":"El servei d\u2019infermeria pedi\u00e0trica torna al consultori m\u00e8dic de la Bisbal del Pened\u00e8s"},"content":{"rendered":"\n<p>El servei d\u2019infermeria pedi\u00e0trica torna a estar disponible al consultori m\u00e8dic de la Bisbal del Pened\u00e8s, des d\u2019aquesta setmana. El dia de visita ser\u00e0 el dijous.<\/p>\n\n\n\n<p>Arran de la pand\u00e8mia de COVID-19, l\u2019atenci\u00f3 pedi\u00e0trica es va centralitzar al Centre Sanitari Botafoc del Vendrell, on es fa una atenci\u00f3 maternoinfantil per donar atenci\u00f3 en salut bio-psicosocial, amb les especialitats pedi\u00e0triques accessibles, l\u2019atenci\u00f3 en salut mental i el seguiment per \u00e0rea social. Des de la Xarxa Santa Tecla es continua centralitzant aquest servei de pediatria al C.S. Botafoc, per\u00f2 tamb\u00e9 es fan visites als consultoris de diversos municipis de la comarca: els dimarts a Albinyana, els dimecres a Santa Oliva, els dijous a la Bisbal del Pened\u00e8s i els divendres a Bellvei.<\/p>\n\n\n\n<p>Per demanar hora per al servei de pediatria podeu trucar al tel\u00e8fon 977 13 46 69. (CS Botafoc) o adre\u00e7ar-vos al web <a href=\"https:\/\/citacio.xarxatecla.cat\/home\">https:\/\/citacio.xarxatecla.cat\/home<\/a><\/p>\n\n\n\n<hr class=\"wp-block-separator has-alpha-channel-opacity\"\/>\n\n\n\n<p>El servicio de enfermer\u00eda pedi\u00e1trica vuelve a estar disponible en el consultorio m\u00e9dico de la Bisbal del Pened\u00e8s, desde esta semana. El d\u00eda de visita ser\u00e1 el jueves.<\/p>\n\n\n\n<p>A ra\u00edz de la pandemia de COVID-19, la atenci\u00f3n pedi\u00e1trica se centraliz\u00f3 en el Centre Sanitari Botafoc del Vendrell, en la que se hace una atenci\u00f3n materno-infantil para dar atenci\u00f3n en salud bio-psicosocial, con las especialidades pedi\u00e1tricas accesibles, la atenci\u00f3n en salud mental y el seguimiento por el \u00e1rea social. Desde la Xarxa Santa Tecla se sigue centralizando este servicio de pediatr\u00eda en el C.S. Botafoc, pero tambi\u00e9n se hacen visitas en los consultorios de varios municipios de la comarca: los martes en Albinyana, los mi\u00e9rcoles en Santa Oliva, los jueves en la Bisbal del Pened\u00e8s y los viernes en Bellvei.<\/p>\n\n\n\n<p>Para pedir hora para el servicio de pediatr\u00eda pod\u00e9is llamar al tel\u00e9fono 977 13 46 69 (CS Botafoc) o dirigiros a la web <a href=\"https:\/\/citacio.xarxatecla.cat\/home\">https:\/\/citacio.xarxatecla.cat\/home<\/a><\/p>\n","protected":false},"excerpt":{"rendered":"<p>El servei d\u2019infermeria pedi\u00e0trica torna a estar disponible al consultori m\u00e8dic de la Bisbal del Pened\u00e8s, des d\u2019aquesta setmana. El dia de visita ser\u00e0 el dijous. Arran de la pand\u00e8mia &hellip; <a href=\"https:\/\/bisbalpenedes.com\/web\/2023\/01\/18\/el-servei-dinfermeria-pediatrica-torna-al-consultori-medic-de-la-bisbal-del-penedes\/\" class=\"more-link\">Read More<\/a><\/p>\n","protected":false},"author":4,"featured_media":24669,"comment_status":"closed","ping_status":"closed","sticky":false,"template":"","format":"standard","meta":[],"categories":[8,14],"tags":[459,5753,2701,393,3591,145,28],"_links":{"self":[{"href":"https:\/\/bisbalpenedes.com\/web\/wp-json\/wp\/v2\/posts\/24666"}],"collection":[{"href":"https:\/\/bisbalpenedes.com\/web\/wp-json\/wp\/v2\/posts"}],"about":[{"href":"https:\/\/bisbalpenedes.com\/web\/wp-json\/wp\/v2\/types\/post"}],"author":[{"embeddable":true,"href":"https:\/\/bisbalpenedes.com\/web\/wp-json\/wp\/v2\/users\/4"}],"replies":[{"embeddable":true,"href":"https:\/\/bisbalpenedes.com\/web\/wp-json\/wp\/v2\/comments?post=24666"}],"version-history":[{"count":1,"href":"https:\/\/bisbalpenedes.com\/web\/wp-json\/wp\/v2\/posts\/24666\/revisions"}],"predecessor-version":[{"id":24668,"href":"https:\/\/bisbalpenedes.com\/web\/wp-json\/wp\/v2\/posts\/24666\/revisions\/24668"}],"wp:featuredmedia":[{"embeddable":true,"href":"https:\/\/bisbalpenedes.com\/web\/wp-json\/wp\/v2\/media\/24669"}],"wp:attachment":[{"href":"https:\/\/bisbalpenedes.com\/web\/wp-json\/wp\/v2\/media?parent=24666"}],"wp:term":[{"taxonomy":"category","embeddable":true,"href":"https:\/\/bisbalpenedes.com\/web\/wp-json\/wp\/v2\/categories?post=24666"},{"taxonomy":"post_tag","embeddable":true,"href":"https:\/\/bisbalpenedes.com\/web\/wp-json\/wp\/v2\/tags?post=24666"}],"curies":[{"name":"wp","href":"https:\/\/api.w.org\/{rel}","templated":true}]}}