{"id":24652,"date":"2023-01-17T08:36:24","date_gmt":"2023-01-17T06:36:24","guid":{"rendered":"https:\/\/bisbalpenedes.com\/web\/?p=24652"},"modified":"2023-01-17T13:16:25","modified_gmt":"2023-01-17T11:16:25","slug":"el-6-de-febrer-comenca-el-curs-formatiu-com-hem-de-parlar-perque-els-infants-i-els-adolescents-ens-escoltin-i-com-escoltar-perque-ens-parlin-les-inscripcions-estan-obertes","status":"publish","type":"post","link":"https:\/\/bisbalpenedes.com\/web\/2023\/01\/17\/el-6-de-febrer-comenca-el-curs-formatiu-com-hem-de-parlar-perque-els-infants-i-els-adolescents-ens-escoltin-i-com-escoltar-perque-ens-parlin-les-inscripcions-estan-obertes\/","title":{"rendered":"El 6 de febrer comen\u00e7a el curs formatiu \u201cCom hem de parlar perqu\u00e8 els infants i els adolescents ens escoltin i com escoltar perqu\u00e8 ens parlin\u201d &#8211; Les inscripcions estan obertes"},"content":{"rendered":"\n<p>A partir del dilluns 6 de febrer, a les 19:30h, el Centre Municipal de Cultura acollir\u00e0 el curs formatiu \u201cCom hem de parlar perqu\u00e8 els infants i els adolescents ens escoltin i com escoltar perqu\u00e8 ens parlin\u201d, que ser\u00e0 de 6 sessions quinzenals (fins al 17 d\u2019abril).<\/p>\n\n\n\n<p>La formaci\u00f3 anir\u00e0 a c\u00e0rrec de la terapeuta B\u00e0rbara Capel.<\/p>\n\n\n\n<p>Inscripcions fins al 3 de febrer. El pagament es pot fer a la passarel\u00b7la de pagament del web:&nbsp;<a href=\"https:\/\/bisbalpenedes.com\/web\/botiga\/\">https:\/\/bisbalpenedes.com\/web\/botiga\/<\/a><\/p>\n\n\n\n<hr class=\"wp-block-separator has-alpha-channel-opacity\"\/>\n\n\n\n<p>A partir del lunes 6 de febrero, a las 19:30h, el Centre Municipal de Cultura acoger\u00e1 el curso formativo \u201cC\u00f3mo tenemos que hablar para que los ni\u00f1os y los adolescentes nos escuchen y c\u00f3mo escuchar para que nos hablen\u201d, que ser\u00e1 de 6 sesiones quincenales (hasta el 17 de abril).<\/p>\n\n\n\n<p>La formaci\u00f3n ir\u00e1 a cargo de la terapeuta B\u00e0rbara Capel.<\/p>\n\n\n\n<p>Inscripciones hasta el 3 de febrero. El pago se puede hacer en la pasarela de pago de la web:&nbsp;<a href=\"https:\/\/bisbalpenedes.com\/web\/botiga\/\">https:\/\/bisbalpenedes.com\/web\/botiga\/<\/a><\/p>\n","protected":false},"excerpt":{"rendered":"<p>A partir del dilluns 6 de febrer, a les 19:30h, el Centre Municipal de Cultura acollir\u00e0 el curs formatiu \u201cCom hem de parlar perqu\u00e8 els infants i els adolescents ens &hellip; <a href=\"https:\/\/bisbalpenedes.com\/web\/2023\/01\/17\/el-6-de-febrer-comenca-el-curs-formatiu-com-hem-de-parlar-perque-els-infants-i-els-adolescents-ens-escoltin-i-com-escoltar-perque-ens-parlin-les-inscripcions-estan-obertes\/\" class=\"more-link\">Read More<\/a><\/p>\n","protected":false},"author":4,"featured_media":24653,"comment_status":"closed","ping_status":"closed","sticky":false,"template":"","format":"standard","meta":[],"categories":[13,8],"tags":[2399,5751,5748,5749,181,273,393,5750],"_links":{"self":[{"href":"https:\/\/bisbalpenedes.com\/web\/wp-json\/wp\/v2\/posts\/24652"}],"collection":[{"href":"https:\/\/bisbalpenedes.com\/web\/wp-json\/wp\/v2\/posts"}],"about":[{"href":"https:\/\/bisbalpenedes.com\/web\/wp-json\/wp\/v2\/types\/post"}],"author":[{"embeddable":true,"href":"https:\/\/bisbalpenedes.com\/web\/wp-json\/wp\/v2\/users\/4"}],"replies":[{"embeddable":true,"href":"https:\/\/bisbalpenedes.com\/web\/wp-json\/wp\/v2\/comments?post=24652"}],"version-history":[{"count":2,"href":"https:\/\/bisbalpenedes.com\/web\/wp-json\/wp\/v2\/posts\/24652\/revisions"}],"predecessor-version":[{"id":24657,"href":"https:\/\/bisbalpenedes.com\/web\/wp-json\/wp\/v2\/posts\/24652\/revisions\/24657"}],"wp:featuredmedia":[{"embeddable":true,"href":"https:\/\/bisbalpenedes.com\/web\/wp-json\/wp\/v2\/media\/24653"}],"wp:attachment":[{"href":"https:\/\/bisbalpenedes.com\/web\/wp-json\/wp\/v2\/media?parent=24652"}],"wp:term":[{"taxonomy":"category","embeddable":true,"href":"https:\/\/bisbalpenedes.com\/web\/wp-json\/wp\/v2\/categories?post=24652"},{"taxonomy":"post_tag","embeddable":true,"href":"https:\/\/bisbalpenedes.com\/web\/wp-json\/wp\/v2\/tags?post=24652"}],"curies":[{"name":"wp","href":"https:\/\/api.w.org\/{rel}","templated":true}]}}