{"id":24643,"date":"2023-01-15T22:35:49","date_gmt":"2023-01-15T20:35:49","guid":{"rendered":"https:\/\/bisbalpenedes.com\/web\/?p=24643"},"modified":"2023-01-15T22:35:49","modified_gmt":"2023-01-15T20:35:49","slug":"avis-per-vent-per-al-dilluns-16-i-el-dimarts-17-de-gener-de-2023","status":"publish","type":"post","link":"https:\/\/bisbalpenedes.com\/web\/2023\/01\/15\/avis-per-vent-per-al-dilluns-16-i-el-dimarts-17-de-gener-de-2023\/","title":{"rendered":"Av\u00eds per vent per al dilluns 16 i el dimarts 17 de gener de 2023"},"content":{"rendered":"\n<p>El Servei Meteorol\u00f2gic de Catalunya ha em\u00e8s un av\u00eds per vent per dem\u00e0 dilluns i per al dimarts. Extremeu les precaucions.<\/p>\n\n\n\n<hr class=\"wp-block-separator has-alpha-channel-opacity\"\/>\n\n\n\n<p>El Servicio Meteorol\u00f3gico de Catalunya ha emitido un aviso por viento para ma\u00f1ana lunes y para el martes. Extremad las precauciones.<\/p>\n\n\n\n<figure class=\"wp-block-image size-large\"><img loading=\"lazy\" width=\"1024\" height=\"1024\" src=\"https:\/\/bisbalpenedes.com\/web\/wp-content\/uploads\/2023\/01\/AVI\u0301S-PER-VENT-DILLUNS-16-GENER-1024x1024.png\" alt=\"\" class=\"wp-image-24644\" srcset=\"https:\/\/bisbalpenedes.com\/web\/wp-content\/uploads\/2023\/01\/AVI\u0301S-PER-VENT-DILLUNS-16-GENER-1024x1024.png 1024w, https:\/\/bisbalpenedes.com\/web\/wp-content\/uploads\/2023\/01\/AVI\u0301S-PER-VENT-DILLUNS-16-GENER-300x300.png 300w, https:\/\/bisbalpenedes.com\/web\/wp-content\/uploads\/2023\/01\/AVI\u0301S-PER-VENT-DILLUNS-16-GENER-150x150.png 150w, https:\/\/bisbalpenedes.com\/web\/wp-content\/uploads\/2023\/01\/AVI\u0301S-PER-VENT-DILLUNS-16-GENER-768x768.png 768w, https:\/\/bisbalpenedes.com\/web\/wp-content\/uploads\/2023\/01\/AVI\u0301S-PER-VENT-DILLUNS-16-GENER-600x600.png 600w, https:\/\/bisbalpenedes.com\/web\/wp-content\/uploads\/2023\/01\/AVI\u0301S-PER-VENT-DILLUNS-16-GENER-100x100.png 100w, https:\/\/bisbalpenedes.com\/web\/wp-content\/uploads\/2023\/01\/AVI\u0301S-PER-VENT-DILLUNS-16-GENER.png 1080w\" sizes=\"(max-width: 1024px) 100vw, 1024px\" \/><\/figure>\n\n\n\n<figure class=\"wp-block-image size-large\"><img loading=\"lazy\" width=\"1024\" height=\"1024\" src=\"https:\/\/bisbalpenedes.com\/web\/wp-content\/uploads\/2023\/01\/AVI\u0301S-PER-VENT-DIMARTS-17-GENER-1024x1024.png\" alt=\"\" class=\"wp-image-24645\" srcset=\"https:\/\/bisbalpenedes.com\/web\/wp-content\/uploads\/2023\/01\/AVI\u0301S-PER-VENT-DIMARTS-17-GENER-1024x1024.png 1024w, https:\/\/bisbalpenedes.com\/web\/wp-content\/uploads\/2023\/01\/AVI\u0301S-PER-VENT-DIMARTS-17-GENER-300x300.png 300w, https:\/\/bisbalpenedes.com\/web\/wp-content\/uploads\/2023\/01\/AVI\u0301S-PER-VENT-DIMARTS-17-GENER-150x150.png 150w, https:\/\/bisbalpenedes.com\/web\/wp-content\/uploads\/2023\/01\/AVI\u0301S-PER-VENT-DIMARTS-17-GENER-768x768.png 768w, https:\/\/bisbalpenedes.com\/web\/wp-content\/uploads\/2023\/01\/AVI\u0301S-PER-VENT-DIMARTS-17-GENER-600x600.png 600w, https:\/\/bisbalpenedes.com\/web\/wp-content\/uploads\/2023\/01\/AVI\u0301S-PER-VENT-DIMARTS-17-GENER-100x100.png 100w, https:\/\/bisbalpenedes.com\/web\/wp-content\/uploads\/2023\/01\/AVI\u0301S-PER-VENT-DIMARTS-17-GENER.png 1080w\" sizes=\"(max-width: 1024px) 100vw, 1024px\" \/><\/figure>\n","protected":false},"excerpt":{"rendered":"<p>El Servei Meteorol\u00f2gic de Catalunya ha em\u00e8s un av\u00eds per vent per dem\u00e0 dilluns i per al dimarts. Extremeu les precaucions. El Servicio Meteorol\u00f3gico de Catalunya ha emitido un aviso &hellip; <a href=\"https:\/\/bisbalpenedes.com\/web\/2023\/01\/15\/avis-per-vent-per-al-dilluns-16-i-el-dimarts-17-de-gener-de-2023\/\" class=\"more-link\">Read More<\/a><\/p>\n","protected":false},"author":4,"featured_media":14798,"comment_status":"closed","ping_status":"closed","sticky":false,"template":"","format":"standard","meta":[],"categories":[1628,2543,8],"tags":[393,2050,1187,3362,4047],"_links":{"self":[{"href":"https:\/\/bisbalpenedes.com\/web\/wp-json\/wp\/v2\/posts\/24643"}],"collection":[{"href":"https:\/\/bisbalpenedes.com\/web\/wp-json\/wp\/v2\/posts"}],"about":[{"href":"https:\/\/bisbalpenedes.com\/web\/wp-json\/wp\/v2\/types\/post"}],"author":[{"embeddable":true,"href":"https:\/\/bisbalpenedes.com\/web\/wp-json\/wp\/v2\/users\/4"}],"replies":[{"embeddable":true,"href":"https:\/\/bisbalpenedes.com\/web\/wp-json\/wp\/v2\/comments?post=24643"}],"version-history":[{"count":1,"href":"https:\/\/bisbalpenedes.com\/web\/wp-json\/wp\/v2\/posts\/24643\/revisions"}],"predecessor-version":[{"id":24646,"href":"https:\/\/bisbalpenedes.com\/web\/wp-json\/wp\/v2\/posts\/24643\/revisions\/24646"}],"wp:featuredmedia":[{"embeddable":true,"href":"https:\/\/bisbalpenedes.com\/web\/wp-json\/wp\/v2\/media\/14798"}],"wp:attachment":[{"href":"https:\/\/bisbalpenedes.com\/web\/wp-json\/wp\/v2\/media?parent=24643"}],"wp:term":[{"taxonomy":"category","embeddable":true,"href":"https:\/\/bisbalpenedes.com\/web\/wp-json\/wp\/v2\/categories?post=24643"},{"taxonomy":"post_tag","embeddable":true,"href":"https:\/\/bisbalpenedes.com\/web\/wp-json\/wp\/v2\/tags?post=24643"}],"curies":[{"name":"wp","href":"https:\/\/api.w.org\/{rel}","templated":true}]}}