{"id":24639,"date":"2023-01-13T10:28:44","date_gmt":"2023-01-13T08:28:44","guid":{"rendered":"https:\/\/bisbalpenedes.com\/web\/?p=24639"},"modified":"2023-01-13T10:28:44","modified_gmt":"2023-01-13T08:28:44","slug":"sobre-la-convocatoria-per-optar-a-portar-el-servei-de-bar-cafeteria-del-local-social-de-la-miralba","status":"publish","type":"post","link":"https:\/\/bisbalpenedes.com\/web\/2023\/01\/13\/sobre-la-convocatoria-per-optar-a-portar-el-servei-de-bar-cafeteria-del-local-social-de-la-miralba\/","title":{"rendered":"<strong>S\u2019obre la convocat\u00f2ria per optar a portar el servei de bar-cafeteria del local social de la Miralba<\/strong>"},"content":{"rendered":"\n<p>Avui divendres 13 de gener comen\u00e7a el termini per presentar sol\u00b7licituds per optar a portar el servei de bar-cafeteria del local social de la Miralba. La convocat\u00f2ria estar\u00e0 oberta fins al dijous 26 de gener de 2023.<\/p>\n\n\n\n<p>La part del local destinada a l\u2019activitat del bar-cafeteria sense cuina, \u00e9s la seg\u00fcent:<\/p>\n\n\n\n<p>Bar (34,05 m2, m\u00e9s 6,60 m2 de barra), les cambres higi\u00e8niques (11,77 m2) que seran d\u2019\u00fas compartit, el porxo (27,05 m2) &nbsp;i el magatzem (5,76 m2).<\/p>\n\n\n\n<p>Les bases presenten canvis respecte de les anteriors. S\u00f3n els seg\u00fcents:<\/p>\n\n\n\n<ul><li>El dia de descans ser\u00e0 el que tri\u00ef l\u2019adjudicatari (un dia a la setmana entre el dilluns i el dijous).<\/li><li>L\u2019horari d\u2019obertura que es proposa \u00e9s de 8:00h a 13:30h i de 16:00h a 19:00h. No obstant aix\u00f2, les bases inclouen com a criteri puntuable el fet que l\u2019adjudicatari obri m\u00e9s hores de les proposades.<\/li><\/ul>\n\n\n\n<p>C\u00e0non de sortida: 235\u20ac (sense IVA incl\u00f2s) mensuals<\/p>\n\n\n\n<p>Per con\u00e8ixer les condicions i requisits, consulteu les bases a:<\/p>\n\n\n\n<p>Enlla\u00e7 al perfil del contractant: <a href=\"https:\/\/contractaciopublica.gencat.cat\/ecofin_pscp\/AppJava\/notice.pscp?reqCode=viewCn&amp;idDoc=114811491&amp;lawType=\">https:\/\/contractaciopublica.gencat.cat\/ecofin_pscp\/AppJava\/notice.pscp?reqCode=viewCn&amp;idDoc=114811491&amp;lawType=<\/a><\/p>\n\n\n\n<p>Enlla\u00e7 a la publicaci\u00f3 al BOP: <a href=\"https:\/\/www.diputaciodetarragona.cat\/ebop\/index.php?op=dwn&amp;tipus=i&amp;data=20230112&amp;anyp=2023&amp;num=00071&amp;v=i\">https:\/\/www.diputaciodetarragona.cat\/ebop\/index.php?op=dwn&amp;tipus=i&amp;data=20230112&amp;anyp=2023&amp;num=00071&amp;v=i<\/a><\/p>\n\n\n\n<hr class=\"wp-block-separator has-alpha-channel-opacity\"\/>\n\n\n\n<p><strong>CASTELLANO |<\/strong> Hoy viernes 13 de enero empieza el plazo para presentar solicitudes para optar a llevar el servicio de bar-cafeter\u00eda del local social de la Miralba. La convocatoria estar\u00e1 abierta hasta el jueves 26 de enero de 2023.<\/p>\n\n\n\n<p>La parte del local destinada a la actividad del bar-cafeter\u00eda sin cocina, es la siguiente:<\/p>\n\n\n\n<p>Bar (34,05 m2), m\u00e1s 6,60 m2 de barra), las c\u00e1maras higi\u00e9nicas (11,77 m2) que ser\u00e1n de uso compartido, el porche (27,05 m2) y el almac\u00e9n (5,76 m2).<\/p>\n\n\n\n<p>Las bases presentan cambios respecto a las anteriores. Son los siguientes:<\/p>\n\n\n\n<ul><li>El d\u00eda de descanso ser\u00e1 el que elija el adjudicatario (un d\u00eda a la semana entre el lunes y el jueves).<\/li><li>El horario de apertura que se propone es de 8:00h a 13:30h y de 16:00h a 19:00h. No obstante, las bases incluyen como criterio puntuable el hecho que el adjudicatario abra m\u00e1s horas de las propuestas.<\/li><\/ul>\n\n\n\n<p>C\u00e1non de salida: 235\u20ac (sin IVA incluido) mensuales.<\/p>\n\n\n\n<p>Para conocer las condiciones y requisitos, consultad las bases en:<\/p>\n\n\n\n<p>Enlace al perfil del contratante:<\/p>\n\n\n\n<figure class=\"wp-block-embed\"><div class=\"wp-block-embed__wrapper\">\nhttps:\/\/contractaciopublica.gencat.cat\/ecofin_pscp\/AppJava\/notice.pscp?reqCode=viewCn&#038;idDoc=114811491&#038;lawType=\n<\/div><\/figure>\n\n\n\n<p>Enlace a la publicaci\u00f3n en el BOP:<\/p>\n\n\n\n<figure class=\"wp-block-embed\"><div class=\"wp-block-embed__wrapper\">\nhttps:\/\/www.diputaciodetarragona.cat\/ebop\/index.php?op=dwn&#038;tipus=i&#038;data=20230112&#038;anyp=2023&#038;num=00071&#038;v=i\n<\/div><\/figure>\n","protected":false},"excerpt":{"rendered":"<p>Avui divendres 13 de gener comen\u00e7a el termini per presentar sol\u00b7licituds per optar a portar el servei de bar-cafeteria del local social de la Miralba. La convocat\u00f2ria estar\u00e0 oberta fins &hellip; <a href=\"https:\/\/bisbalpenedes.com\/web\/2023\/01\/13\/sobre-la-convocatoria-per-optar-a-portar-el-servei-de-bar-cafeteria-del-local-social-de-la-miralba\/\" class=\"more-link\">Read More<\/a><\/p>\n","protected":false},"author":4,"featured_media":24640,"comment_status":"closed","ping_status":"closed","sticky":false,"template":"","format":"standard","meta":[],"categories":[4287,3278,8],"tags":[140,176,5608,3209,393,246,267,283,1805],"_links":{"self":[{"href":"https:\/\/bisbalpenedes.com\/web\/wp-json\/wp\/v2\/posts\/24639"}],"collection":[{"href":"https:\/\/bisbalpenedes.com\/web\/wp-json\/wp\/v2\/posts"}],"about":[{"href":"https:\/\/bisbalpenedes.com\/web\/wp-json\/wp\/v2\/types\/post"}],"author":[{"embeddable":true,"href":"https:\/\/bisbalpenedes.com\/web\/wp-json\/wp\/v2\/users\/4"}],"replies":[{"embeddable":true,"href":"https:\/\/bisbalpenedes.com\/web\/wp-json\/wp\/v2\/comments?post=24639"}],"version-history":[{"count":1,"href":"https:\/\/bisbalpenedes.com\/web\/wp-json\/wp\/v2\/posts\/24639\/revisions"}],"predecessor-version":[{"id":24641,"href":"https:\/\/bisbalpenedes.com\/web\/wp-json\/wp\/v2\/posts\/24639\/revisions\/24641"}],"wp:featuredmedia":[{"embeddable":true,"href":"https:\/\/bisbalpenedes.com\/web\/wp-json\/wp\/v2\/media\/24640"}],"wp:attachment":[{"href":"https:\/\/bisbalpenedes.com\/web\/wp-json\/wp\/v2\/media?parent=24639"}],"wp:term":[{"taxonomy":"category","embeddable":true,"href":"https:\/\/bisbalpenedes.com\/web\/wp-json\/wp\/v2\/categories?post=24639"},{"taxonomy":"post_tag","embeddable":true,"href":"https:\/\/bisbalpenedes.com\/web\/wp-json\/wp\/v2\/tags?post=24639"}],"curies":[{"name":"wp","href":"https:\/\/api.w.org\/{rel}","templated":true}]}}