{"id":24637,"date":"2023-01-12T18:13:21","date_gmt":"2023-01-12T16:13:21","guid":{"rendered":"https:\/\/bisbalpenedes.com\/web\/?p=24637"},"modified":"2023-01-12T18:13:21","modified_gmt":"2023-01-12T16:13:21","slug":"la-junta-de-govern-ordinaria-del-proper-dilluns-16-de-gener-conte-dues-propostes-amb-competencia-delegada-del-ple-inici-de-lexpedient-dobres-de-millora-al-barri-de-la-riba-i-el-pla","status":"publish","type":"post","link":"https:\/\/bisbalpenedes.com\/web\/2023\/01\/12\/la-junta-de-govern-ordinaria-del-proper-dilluns-16-de-gener-conte-dues-propostes-amb-competencia-delegada-del-ple-inici-de-lexpedient-dobres-de-millora-al-barri-de-la-riba-i-el-pla\/","title":{"rendered":"La Junta de Govern ordin\u00e0ria del proper dilluns 16 de gener cont\u00e9 dues propostes amb compet\u00e8ncia delegada del Ple: inici de l\u2019expedient d\u2019obres de millora al barri de la Riba i el Pla de seguretat i salut de les obres de la \u201cfassina\u201d"},"content":{"rendered":"\n<p>Avui dijous s&#8217;ha convocat una Junta de govern ordin\u00e0ria per al dilluns 16 de gener que cont\u00e9 dues propostes amb compet\u00e8ncia delegada del Ple a la Junta de Govern (mitjan\u00e7ant l&#8217;acord plenari del 4 de juliol de 2019). S\u00f3n les seg\u00fcents:<\/p>\n\n\n\n<ul><li>Inici de l&#8217;expedient per a la licitaci\u00f3 de les obres de millora del barri de la Riba<\/li><li>Aprovar el Pla de seguretat i salut de les obres de la fassina<\/li><\/ul>\n\n\n\n<p>Les sessions de la Junta de Govern Local no s\u00f3n p\u00fabliques, per\u00f2 quan actua en compet\u00e8ncies delegades del Ple, la sessi\u00f3 se sotmet als mateixos requisits de publicitat que les sessions del Ple, que s\u00f3n p\u00fabliques. Aix\u00ed ho va declarar la STS 161\/2013, de 26 de setembre. Per aquest motiu, els regidors i les regidores de l&#8217;oposici\u00f3 han rebut un correu electr\u00f2nic de l&#8217;alcaldessa Agn\u00e8s Ferr\u00e9 amb informaci\u00f3 sobre la proposta i tamb\u00e9 s&#8217;obriran les portes de la sala de Plens a les 19:15h per tal que hi pugui assistir p\u00fablic. Aquests punts es gravaran i, posteriorment, es publicar\u00e0 el v\u00eddeo amb l&#8217;objectiu de garantir la seva publicitat.<\/p>\n\n\n\n<hr class=\"wp-block-separator has-alpha-channel-opacity\"\/>\n\n\n\n<p><strong>CASTELLANO | <\/strong>Hoy jueves se ha convocado una Junta de gobierno ordinaria para el lunes 16 de enero que contiene dos propuestas con competencia delegada del Pleno a la Junta de Gobierno (mediante el acuerdo plenario del 4 de julio de 2019). Son las siguientes:<\/p>\n\n\n\n<ul><li>Inicio del expediente para la licitaci\u00f3n de las obras de mejora del barrio de la Riba<\/li><li>Aprobar el Plan de seguridad y salud de las obras de la <em>fassina<\/em><\/li><\/ul>\n\n\n\n<p>Las sesiones de la Junta de Gobierno Local no son p\u00fablicas, pero cuando act\u00faa en competencias delegadas del Pleno, la sesi\u00f3n se somete a los mismos requisitos de publicidad que las sesiones del Pleno, que son p\u00fablicas. As\u00ed lo declar\u00f3 la STS 161\/2013, de 26 de septiembre. Por este motivo, los concejales y las concejalas de la oposici\u00f3n han recibido un correo electr\u00f3nico de la alcaldesa Agn\u00e8s Ferr\u00e9 con informaci\u00f3n sobre la propuesta y tambi\u00e9n se abrir\u00e1n las puertas de la sala de Plenos a las 19:15h con tal que pueda asistir p\u00fablico a la votaci\u00f3n de estos puntos. Estos puntos se grabar\u00e1n y, posteriormente, se publicar\u00e1 el v\u00eddeo con el objetivo de garantizar su publicidad.<\/p>\n","protected":false},"excerpt":{"rendered":"<p>Avui dijous s&#8217;ha convocat una Junta de govern ordin\u00e0ria per al dilluns 16 de gener que cont\u00e9 dues propostes amb compet\u00e8ncia delegada del Ple a la Junta de Govern (mitjan\u00e7ant &hellip; <a href=\"https:\/\/bisbalpenedes.com\/web\/2023\/01\/12\/la-junta-de-govern-ordinaria-del-proper-dilluns-16-de-gener-conte-dues-propostes-amb-competencia-delegada-del-ple-inici-de-lexpedient-dobres-de-millora-al-barri-de-la-riba-i-el-pla\/\" class=\"more-link\">Read More<\/a><\/p>\n","protected":false},"author":4,"featured_media":23970,"comment_status":"closed","ping_status":"closed","sticky":false,"template":"","format":"standard","meta":[],"categories":[3085,8],"tags":[3115,686,393,3504,139],"_links":{"self":[{"href":"https:\/\/bisbalpenedes.com\/web\/wp-json\/wp\/v2\/posts\/24637"}],"collection":[{"href":"https:\/\/bisbalpenedes.com\/web\/wp-json\/wp\/v2\/posts"}],"about":[{"href":"https:\/\/bisbalpenedes.com\/web\/wp-json\/wp\/v2\/types\/post"}],"author":[{"embeddable":true,"href":"https:\/\/bisbalpenedes.com\/web\/wp-json\/wp\/v2\/users\/4"}],"replies":[{"embeddable":true,"href":"https:\/\/bisbalpenedes.com\/web\/wp-json\/wp\/v2\/comments?post=24637"}],"version-history":[{"count":1,"href":"https:\/\/bisbalpenedes.com\/web\/wp-json\/wp\/v2\/posts\/24637\/revisions"}],"predecessor-version":[{"id":24638,"href":"https:\/\/bisbalpenedes.com\/web\/wp-json\/wp\/v2\/posts\/24637\/revisions\/24638"}],"wp:featuredmedia":[{"embeddable":true,"href":"https:\/\/bisbalpenedes.com\/web\/wp-json\/wp\/v2\/media\/23970"}],"wp:attachment":[{"href":"https:\/\/bisbalpenedes.com\/web\/wp-json\/wp\/v2\/media?parent=24637"}],"wp:term":[{"taxonomy":"category","embeddable":true,"href":"https:\/\/bisbalpenedes.com\/web\/wp-json\/wp\/v2\/categories?post=24637"},{"taxonomy":"post_tag","embeddable":true,"href":"https:\/\/bisbalpenedes.com\/web\/wp-json\/wp\/v2\/tags?post=24637"}],"curies":[{"name":"wp","href":"https:\/\/api.w.org\/{rel}","templated":true}]}}