{"id":24619,"date":"2023-01-11T13:10:10","date_gmt":"2023-01-11T11:10:10","guid":{"rendered":"https:\/\/bisbalpenedes.com\/web\/?p=24619"},"modified":"2023-01-11T13:10:10","modified_gmt":"2023-01-11T11:10:10","slug":"es-modifiquen-i-simplifiquen-les-bases-reguladores-de-les-subvencions-densenyament","status":"publish","type":"post","link":"https:\/\/bisbalpenedes.com\/web\/2023\/01\/11\/es-modifiquen-i-simplifiquen-les-bases-reguladores-de-les-subvencions-densenyament\/","title":{"rendered":"<strong>Es modifiquen -i simplifiquen- les bases reguladores de les subvencions d&#8217;Ensenyament<\/strong>"},"content":{"rendered":"\n<p>L&#8217;AMPA de l&#8217;Escola Ull de Vent va comunicar-li a l&#8217;Ajuntament de la Bisbal del Pened\u00e8s que no s&#8217;encarregaria directament del reciclatge ni de la socialitzaci\u00f3 dels llibres de text i que ho gestionar\u00e0 una empresa, de la mateixa manera que es fa a l&#8217;Institut Coster de la Torre. Per aquest motiu, el passat 19 de desembre de 2022 el Ple va aprovar -inicialment- la modificaci\u00f3 de les bases de subvencions d&#8217;ensenyament, tornant a incloure la subvenci\u00f3 per als llibres de l&#8217;escola. Les bases estaran en exposici\u00f3 p\u00fablica de l&#8217;11 de gener al 22 de febrer de 2023. Una vegada passat aquest termini, si no s&#8217;han presentat al\u00b7legacions, s&#8217;aprovaran definitivament. En cas de presentar-se al\u00b7legacions, s&#8217;hauran de resoldre per poder-les aprovar de forma definitiva.<\/p>\n\n\n\n<p>La regidora d\u2019Ensenyament, Leo , va explicar durant el Ple que \u201c<em>aprofitem aquesta modificaci\u00f3 per simplificar les bases\u201d.<\/em> Aix\u00ed, en comptes de quatre convocat\u00f2ries de subvencions per a les fam\u00edlies en mat\u00e8ria d\u2019ensenyament (convocat\u00f2ria de subvencions per als llibres de l\u2019Escola Ull de Vent, dins del programa de socialitzaci\u00f3 de llibres; convocat\u00f2ria de subvencions per al menjador escolar de l\u2019Escola Ull de Vent; convocat\u00f2ria de subvencions per al transport escolar de l\u2019Escola Ull de Vent; i convocat\u00f2ria de subvencions per als llibres d\u2019ESO de l\u2019Institut Coster de la Torre, dins del programa de socialitzaci\u00f3 de llibres), es faran dues \u00faniques convocat\u00f2ries de subvencions per a les fam\u00edlies, en mat\u00e8ria d\u2019ensenyament:<\/p>\n\n\n\n<p><strong>1.-Convocat\u00f2ria de subvencions als\/les alumnes de prim\u00e0ria de l\u2019Escola Ull de Vent.<\/strong><\/p>\n\n\n\n<p>Inclour\u00e0: transport escolar, transport escolar intramunicipal (prestat pel Consell Comarcal del Baix Pened\u00e8s), llibres de text dins del programa de socialitzaci\u00f3 de llibres i menjador escolar.<\/p>\n\n\n\n<p>Les fam\u00edlies sol\u00b7liciten la subvenci\u00f3 i es concedir\u00e0 per un m\u00e0xim de 500\u20ac per alumne\/a i curs acad\u00e8mic. Leo Uceda ha explicat que <em>\u201cl\u2019import s\u2019ha calculat sumant els llibres, el menjador escolar i el transport i, per tant, se segueix subvencionant el mateix que en anys anteriors\u201d.<\/em><\/p>\n\n\n\n<p><strong>2.-Convocat\u00f2ria de subvencions als\/les alumnes de la secund\u00e0ria obligat\u00f2ria de l\u2019Institut Coster de la Torre, per&nbsp; als llibres de text dins del programa de socialitzaci\u00f3 de llibres. L\u2019import m\u00e0xim a subvencionar \u00e9s de 200\u20ac i no varia respecte als anys anteriors.<\/strong><\/p>\n\n\n\n<p>Aquestes convocat\u00f2ries ja seran d\u2019aplicaci\u00f3 per a aquest curs 2022\/23 i s\u2019aprovaran a final de curs.<\/p>\n\n\n\n<hr class=\"wp-block-separator has-alpha-channel-opacity\"\/>\n\n\n\n<p><strong>CASTELLANO |<\/strong> El AMPA de la Escola Ull de Vent le comunic\u00f3 al Ayuntamiento de la Bisbal del Pened\u00e8s que no se encargar\u00eda directamente del reciclaje ni de la socializaci\u00f3n de los libros de texto y que lo gestionar\u00e1 una empresa, de la misma forma en qu\u00e9 se hace en el Institut Coster de la Torre. Por este motivo, el pasado 19 de diciembre de 2022 el Pleno aprob\u00f3 -inicialmente- la modificaci\u00f3n de las bases de subvenciones de educaci\u00f3n, volviendo a incluir la subvenci\u00f3n para los libros de la escuela. Las bases estar\u00e1n en exposici\u00f3n p\u00fablica del 11 de enero al 22 de febrero de 2023. Una vez pasado este plazo, si no se han presentado alegaciones, se aprobar\u00e1n definitivamente. En el caso de presentarse alegaciones, se tendr\u00e1n que resolver para poderlas aprobar de forma definitiva.<\/p>\n\n\n\n<p>La concejala de Educaci\u00f3n, Leo Uceda, explic\u00f3 durante el Pleno que &#8220;aprovechamos esta modificaci\u00f3n para simplificar las bases&#8221;. As\u00ed, en lugar de cuatro convocatorias de subvenciones para familias en materia de ense\u00f1anza (convocatoria de subvenciones para libros de la Escola Ull de Vent, dentro del programa de socializaci\u00f3n de libros; convocatoria de subvenciones para el comedor escolar de la Escola Ull de Vent; convocatoria de subvenciones para el transporte escolar de la Escola Ull de Vent; y convocatoria de subvenciones para los libros de ESO del Institut Coster de la Torre, dentro del programa de socializaci\u00f3n de libros), se har\u00e1n dos \u00fanicas convocatorias de subvenciones para las familias, en materia de educaci\u00f3n:<\/p>\n\n\n\n<p><strong>1.-Convocatoria de subvenciones a los\/las alumnas de primaria de la Escuela Ull de Vent.<\/strong><\/p>\n\n\n\n<p>Incluir\u00e1: transporte escolar, transporte escolar intramunicipal (prestado por el Consell Comarcal del Baix Pened\u00e8s), libros de texto dentro del programa de socializaci\u00f3n de libros y comedor escolar.<\/p>\n\n\n\n<p>Las familias solicitan la subvenci\u00f3n y se conceder\u00e1 por un m\u00e1ximo de 500\u20ac por alumno\/a y curso acad\u00e9mico. Leo Uceda ha explicado que <em>\u201cel importe se ha calculado sumando los libros, el comedor escolar y los transporte y, por lo tanto, se sigue subvencionando el mismo que en a\u00f1os anteriores\u201d.<\/em><\/p>\n\n\n\n<p><strong>2.-Convocatoria de subvenciones a los\/las alumnas de la secundaria obligatoria del Instituto Coster de la Torre, para los&nbsp; libros de texto dentro del programa de socializaci\u00f3n de libros. El importe m\u00e1ximo a subvencionar es de 200\u20ac y no var\u00eda respecto a los a\u00f1os anteriores.<\/strong><\/p>\n\n\n\n<p>Estas convocatorias ya ser\u00e1n de aplicaci\u00f3n para este curso 2022\/23 y se aprobar\u00e1n a final de curso.<\/p>\n","protected":false},"excerpt":{"rendered":"<p>L&#8217;AMPA de l&#8217;Escola Ull de Vent va comunicar-li a l&#8217;Ajuntament de la Bisbal del Pened\u00e8s que no s&#8217;encarregaria directament del reciclatge ni de la socialitzaci\u00f3 dels llibres de text i &hellip; <a href=\"https:\/\/bisbalpenedes.com\/web\/2023\/01\/11\/es-modifiquen-i-simplifiquen-les-bases-reguladores-de-les-subvencions-densenyament\/\" class=\"more-link\">Read More<\/a><\/p>\n","protected":false},"author":4,"featured_media":24620,"comment_status":"closed","ping_status":"closed","sticky":false,"template":"","format":"standard","meta":[],"categories":[3456,8],"tags":[337,5735,1475,393,5736,5737,5738,5739],"_links":{"self":[{"href":"https:\/\/bisbalpenedes.com\/web\/wp-json\/wp\/v2\/posts\/24619"}],"collection":[{"href":"https:\/\/bisbalpenedes.com\/web\/wp-json\/wp\/v2\/posts"}],"about":[{"href":"https:\/\/bisbalpenedes.com\/web\/wp-json\/wp\/v2\/types\/post"}],"author":[{"embeddable":true,"href":"https:\/\/bisbalpenedes.com\/web\/wp-json\/wp\/v2\/users\/4"}],"replies":[{"embeddable":true,"href":"https:\/\/bisbalpenedes.com\/web\/wp-json\/wp\/v2\/comments?post=24619"}],"version-history":[{"count":1,"href":"https:\/\/bisbalpenedes.com\/web\/wp-json\/wp\/v2\/posts\/24619\/revisions"}],"predecessor-version":[{"id":24621,"href":"https:\/\/bisbalpenedes.com\/web\/wp-json\/wp\/v2\/posts\/24619\/revisions\/24621"}],"wp:featuredmedia":[{"embeddable":true,"href":"https:\/\/bisbalpenedes.com\/web\/wp-json\/wp\/v2\/media\/24620"}],"wp:attachment":[{"href":"https:\/\/bisbalpenedes.com\/web\/wp-json\/wp\/v2\/media?parent=24619"}],"wp:term":[{"taxonomy":"category","embeddable":true,"href":"https:\/\/bisbalpenedes.com\/web\/wp-json\/wp\/v2\/categories?post=24619"},{"taxonomy":"post_tag","embeddable":true,"href":"https:\/\/bisbalpenedes.com\/web\/wp-json\/wp\/v2\/tags?post=24619"}],"curies":[{"name":"wp","href":"https:\/\/api.w.org\/{rel}","templated":true}]}}