{"id":24615,"date":"2023-01-11T12:59:56","date_gmt":"2023-01-11T10:59:56","guid":{"rendered":"https:\/\/bisbalpenedes.com\/web\/?p=24615"},"modified":"2023-01-11T12:59:56","modified_gmt":"2023-01-11T10:59:56","slug":"el-consell-comarcal-del-baix-penedes-es-continuara-encarregant-de-la-recollida-tractament-i-eliminacio-de-residus-municipals-el-2023","status":"publish","type":"post","link":"https:\/\/bisbalpenedes.com\/web\/2023\/01\/11\/el-consell-comarcal-del-baix-penedes-es-continuara-encarregant-de-la-recollida-tractament-i-eliminacio-de-residus-municipals-el-2023\/","title":{"rendered":"<strong>El Consell Comarcal del Baix Pened\u00e8s es continuar\u00e0 encarregant de la recollida, tractament i eliminaci\u00f3 de residus municipals el 2023<\/strong>"},"content":{"rendered":"\n<p>El passat 31 de desembre de 2022 finalitzava el conveni amb el Consell Comarcal del Baix Pened\u00e8s per a la recollida, tractament i eliminaci\u00f3 de residus. Per aquest motiu, el passat 19 de desembre es va elevar al Ple la pr\u00f2rroga del conveni amb l&#8217;objectiu de continuar comptant amb aquest servei durant una anualitat m\u00e9s. L&#8217;import previst del servei de recollida, transport i eliminaci\u00f3 de residus per al 2023 ascendeix a 605.931,22\u20ac. Aquest import s&#8217;ha vist incrementat en comparaci\u00f3 amb l&#8217;any 2022 en part per l&#8217;increment d&#8217;alguns serveis -com ara l&#8217;increment dels dies de recollida porta a porta- i en part per l&#8217;augment dels preus dels carburants i les taxes per no separar correctament els residus als contenidors.<\/p>\n\n\n\n<p>Val a dir que est\u00e0 previst que el Consell Comarcal del Baix Pened\u00e8s aprovi properament la licitaci\u00f3 del nou servei de recollida, transport i eliminaci\u00f3 de residus. Tenint en compte que encara no s&#8217;ha pogut tirar endavant, a principis del mes de desembre el departament corresponent del Consell Comarcal va comunicar-li la pr\u00f2rroga del contracte de residus per un any m\u00e9s -fins al 31 de desembre de 2023- a l&#8217;Ajuntament de la Bisbal del Pened\u00e8s. Quan s&#8217;inici\u00ef el nou servei (despr\u00e9s de la pr\u00f2rroga) l&#8217;Ajuntament dur\u00e0 a terme noves campanyes de conscienciaci\u00f3 amb la finalitat de millorar les xifres de recollida selectiva municipal i, aix\u00ed, evitar que s&#8217;encareixin m\u00e9s els serveis.<\/p>\n\n\n\n<p>La pr\u00f2rroga del conveni es va aprovar amb els vots a favor de Comprom\u00eds amb la Bisbal (6), PSC (2) i Units per la Bisbal-FIC (1) i l&#8217;abstenci\u00f3 d&#8217;Ara la Bisbal (1). La regidora d&#8217;ERC-AM no va assistir a aquest Ple, amb la corresponent justificaci\u00f3 i, per conseg\u00fcent, la disculpa de la seva assist\u00e8ncia a l&#8217;inici del Ple.<\/p>\n\n\n\n<hr class=\"wp-block-separator has-alpha-channel-opacity\"\/>\n\n\n\n<p><strong>CASTELLANO |<\/strong> El pasado 31 de diciembre de 2022 finalizaba el convenio con el Consell Comarcal del Baix Pened\u00e8s para la recogida, tratamiento y eliminaci\u00f3n de residuos. Por este motivo, el pasado 19 de diciembre se elev\u00f3 al Pleno la pr\u00f3rroga del convenio con el objetivo de continuar contando con este servicio durante una anualidad m\u00e1s. El importe previsto del servicio de recogida, transporte y eliminaci\u00f3n de residuos para el 2023 asciende a 605.931,22\u20ac. Este importe se ha visto incrementado en comparaci\u00f3n con el a\u00f1o 2022 en parte por el incremento de algunos servicios -como por ejemplo el incremento de los d\u00edas de recogida puerta por puerta- y en parte por el aumento de los precios de los carburantes y las tasas por no separar correctamente los residuos en los contenedores.<\/p>\n\n\n\n<p>Cabe decir que est\u00e1 previsto que el Consell Comarcal del Baix Pened\u00e8s apruebe pr\u00f3ximamente la licitaci\u00f3n del nuevo servicio de recogida, transporte y eliminaci\u00f3n de residuos. Teniendo en cuenta que todav\u00eda no se ha podido sacar adelante, a principios del mes de diciembre el departamento correspondiente del Consell Comarcal le comunic\u00f3 la pr\u00f3rroga del contrato de residuos por un a\u00f1o m\u00e1s -hasta el 31 de diciembre de 2023- al Ayuntamiento de la Bisbal del Pened\u00e8s. Cuando se inicie el nuevo servicio (despu\u00e9s de la pr\u00f3rroga) el Ayuntamiento llevar\u00e1 a cabo nuevas campa\u00f1as de concienciaci\u00f3n con la finalidad de mejorar las cifras de la recogida selectiva municipal y, as\u00ed, evitar que se encarezcan los servicios.<\/p>\n\n\n\n<p>La pr\u00f3rroga del convenio se aprob\u00f3 con los votos a favor de Comprom\u00eds amb la Bisbal (6), PSC (2) y Units per la Bisbal-FIC (1) y la abstenci\u00f3n de Ara la Bisbal (1). La concejala de ERC-AM no asisti\u00f3 a este Pleno, con la correspondiente justificaci\u00f3n y, por tanto, la disculpa de su asistencia al inicio del Pleno.<\/p>\n","protected":false},"excerpt":{"rendered":"<p>El passat 31 de desembre de 2022 finalitzava el conveni amb el Consell Comarcal del Baix Pened\u00e8s per a la recollida, tractament i eliminaci\u00f3 de residus. Per aquest motiu, el &hellip; <a href=\"https:\/\/bisbalpenedes.com\/web\/2023\/01\/11\/el-consell-comarcal-del-baix-penedes-es-continuara-encarregant-de-la-recollida-tractament-i-eliminacio-de-residus-municipals-el-2023\/\" class=\"more-link\">Read More<\/a><\/p>\n","protected":false},"author":4,"featured_media":24616,"comment_status":"closed","ping_status":"closed","sticky":false,"template":"","format":"standard","meta":[],"categories":[3215,8],"tags":[1056,625,5734,393,1730,207,1182,3233],"_links":{"self":[{"href":"https:\/\/bisbalpenedes.com\/web\/wp-json\/wp\/v2\/posts\/24615"}],"collection":[{"href":"https:\/\/bisbalpenedes.com\/web\/wp-json\/wp\/v2\/posts"}],"about":[{"href":"https:\/\/bisbalpenedes.com\/web\/wp-json\/wp\/v2\/types\/post"}],"author":[{"embeddable":true,"href":"https:\/\/bisbalpenedes.com\/web\/wp-json\/wp\/v2\/users\/4"}],"replies":[{"embeddable":true,"href":"https:\/\/bisbalpenedes.com\/web\/wp-json\/wp\/v2\/comments?post=24615"}],"version-history":[{"count":1,"href":"https:\/\/bisbalpenedes.com\/web\/wp-json\/wp\/v2\/posts\/24615\/revisions"}],"predecessor-version":[{"id":24617,"href":"https:\/\/bisbalpenedes.com\/web\/wp-json\/wp\/v2\/posts\/24615\/revisions\/24617"}],"wp:featuredmedia":[{"embeddable":true,"href":"https:\/\/bisbalpenedes.com\/web\/wp-json\/wp\/v2\/media\/24616"}],"wp:attachment":[{"href":"https:\/\/bisbalpenedes.com\/web\/wp-json\/wp\/v2\/media?parent=24615"}],"wp:term":[{"taxonomy":"category","embeddable":true,"href":"https:\/\/bisbalpenedes.com\/web\/wp-json\/wp\/v2\/categories?post=24615"},{"taxonomy":"post_tag","embeddable":true,"href":"https:\/\/bisbalpenedes.com\/web\/wp-json\/wp\/v2\/tags?post=24615"}],"curies":[{"name":"wp","href":"https:\/\/api.w.org\/{rel}","templated":true}]}}