{"id":24598,"date":"2023-01-10T18:43:13","date_gmt":"2023-01-10T16:43:13","guid":{"rendered":"https:\/\/bisbalpenedes.com\/web\/?p=24598"},"modified":"2023-01-10T18:43:13","modified_gmt":"2023-01-10T16:43:13","slug":"el-dissabte-28-de-gener-projectarem-la-pellicula-42-segundos-del-cicle-gaudi-al-cmc","status":"publish","type":"post","link":"https:\/\/bisbalpenedes.com\/web\/2023\/01\/10\/el-dissabte-28-de-gener-projectarem-la-pellicula-42-segundos-del-cicle-gaudi-al-cmc\/","title":{"rendered":"El dissabte 28 de gener projectarem la pel\u00b7l\u00edcula 42 segundos del Cicle Gaud\u00ed al CMC"},"content":{"rendered":"\n<p>El proper dissabte 28 de gener, a les 18h, projectarem la pel\u00b7l\u00edcula &#8220;42 segundos&#8221; del Cicle Gaud\u00ed al Centre Municipal de Cultura.<\/p>\n\n\n\n<p>FITXA T\u00c8CNICA<\/p>\n\n\n\n<p>Direcci\u00f3: Dani de la Orden i Alex Murrull<\/p>\n\n\n\n<p>Gui\u00f3: Carlos Franco<\/p>\n\n\n\n<p>Productora: Playtimes Movies, S\u00e1bado Pel\u00edculas, Imminent Produccions<\/p>\n\n\n\n<p>Estrena: Setembre 2022<\/p>\n\n\n\n<p>Durada: 106 min.<\/p>\n\n\n\n<p>G\u00e8nere: Drama<\/p>\n\n\n\n<p>Versi\u00f3: Original en castell\u00e0 (amb part de di\u00e0legs en catal\u00e0)<\/p>\n\n\n\n<p>Int\u00e8rprets: Jaime Lorente, \u00c1lvaro Cervantes, Roger Casamajor, Alex Moruny, Cristian Valencia, Pep Ambr\u00f3s, Marc Bonnin, Alfons Nieto, Tarik Filipovic, Elisabet Terri, Santos Adri\u00e1n, Eduardo Castresana<\/p>\n\n\n\n<p>SINOPSI<\/p>\n\n\n\n<p>Pocs mesos abans de les olimp\u00edades de Barcelona 92, la selecci\u00f3 espanyola de waterpolo sent que no est\u00e0 preparada i necessita un impuls si no vol fer el rid\u00edcul durant la competici\u00f3.<\/p>\n\n\n\n<p>Aquest gran canvi arriba amb un nou entrenador amb fama de dur. Gr\u00e0cies a un esfor\u00e7 sobrehum\u00e0, al treball en equip i al suport de tot un pa\u00eds, l&#8217;equip demostrar\u00e0 al m\u00f3n sencer que es pot arribar m\u00e9s enll\u00e0 del que mai havien imaginat.<\/p>\n\n\n\n<p>Com \u00e9s habitual, el preu de l&#8217;entrada ser\u00e0 de 4,5\u20ac (general) i 3\u20ac per als espectadors que presentin el carnet de la Biblioteca p\u00fablica de la Bisbal del Pened\u00e8s. Els beneficis es destinaran a l&#8217;entitat que gestioni la taquilla abans de la projecci\u00f3 (es fa un sorteig entre les entitats que volen fer aquesta tasca), en aquest cas, l&#8217;Associaci\u00f3 de Dones La Roca Foradada.<\/p>\n\n\n\n<p><strong>CASTELLANO |<\/strong> El pr\u00f3ximo s\u00e1bado 28 de enero, a las 18h, proyectaremos la pel\u00edcula &#8220;42 segundos&#8221; del Cicle Gaud\u00ed en el Centre Municipal de Cultura.<\/p>\n\n\n\n<p>FICHA T\u00c9CNICA<\/p>\n\n\n\n<p>Direcci\u00f3n: Dani de la Orden y Alex Murrul<\/p>\n\n\n\n<p>Gui\u00f3n: Carlos Franco<\/p>\n\n\n\n<p>Productora: Playtimes Movies, S\u00e1bado Pel\u00edculas, Imminent Produccions<\/p>\n\n\n\n<p>Estreno: Septiembre 2022<\/p>\n\n\n\n<p>Duraci\u00f3n: 106 min.<\/p>\n\n\n\n<p>G\u00e9nero: Drama<\/p>\n\n\n\n<p>Versi\u00f3n: Original en castellano (con parte de di\u00e1logos en catal\u00e1n)<\/p>\n\n\n\n<p>Int\u00e9rpretes: Jaime Lorente, \u00c1lvaro Cervantes, Roger Casamajor, Alex Moruny, Cristian Valencia, Pep Ambr\u00f3s, Marc bonnin, Alfons Nieto, Tari, Filipovic, Elisabet Terri, Santos Adri\u00e1n, Eduardo Castresana<\/p>\n\n\n\n<p>SINOPSIS<\/p>\n\n\n\n<p>Pocos meses antes de las olimpiadas de Barcelona 92, la selecci\u00f3n espa\u00f1ola de waterpolo siente que no est\u00e1 preparada y necesita un impulso si no quiere hacer el rid\u00edculo durante la competici\u00f3n.<\/p>\n\n\n\n<p>Este gran cambio llega con un nuevo entrenador con fama de duro. Gracias a un esfuerzo sobrehumano, al trabajo en equipo y al apoyo de todo un pa\u00eds, el equipo demostrar\u00e1 al mundo entero que se puede llegar m\u00e1s all\u00e1 de lo que nunca se hab\u00edan imaginado.<\/p>\n\n\n\n<p>Como es habitual, el precio de la entrada ser\u00e1 de 4,5\u20ac (general) y 3\u20ac para los espectadores que presenten el carn\u00e9 de la Biblioteca p\u00fablica de la Bisbal del Pened\u00e8s. Los beneficios se destinar\u00e1n a la entidad que gestione la taquilla antes de la proyecci\u00f3n (se har\u00e1 un sorteo entre las entidades que quieren hacer esta tarea), en este caso, la Associaci\u00f3 de Dones La Roca Foradada.<\/p>\n","protected":false},"excerpt":{"rendered":"<p>El proper dissabte 28 de gener, a les 18h, projectarem la pel\u00b7l\u00edcula &#8220;42 segundos&#8221; del Cicle Gaud\u00ed al Centre Municipal de Cultura. FITXA T\u00c8CNICA Direcci\u00f3: Dani de la Orden i &hellip; <a href=\"https:\/\/bisbalpenedes.com\/web\/2023\/01\/10\/el-dissabte-28-de-gener-projectarem-la-pellicula-42-segundos-del-cicle-gaudi-al-cmc\/\" class=\"more-link\">Read More<\/a><\/p>\n","protected":false},"author":4,"featured_media":24599,"comment_status":"closed","ping_status":"closed","sticky":false,"template":"","format":"standard","meta":[],"categories":[2942,13,8],"tags":[5727,308,813,5729,771,5728],"_links":{"self":[{"href":"https:\/\/bisbalpenedes.com\/web\/wp-json\/wp\/v2\/posts\/24598"}],"collection":[{"href":"https:\/\/bisbalpenedes.com\/web\/wp-json\/wp\/v2\/posts"}],"about":[{"href":"https:\/\/bisbalpenedes.com\/web\/wp-json\/wp\/v2\/types\/post"}],"author":[{"embeddable":true,"href":"https:\/\/bisbalpenedes.com\/web\/wp-json\/wp\/v2\/users\/4"}],"replies":[{"embeddable":true,"href":"https:\/\/bisbalpenedes.com\/web\/wp-json\/wp\/v2\/comments?post=24598"}],"version-history":[{"count":1,"href":"https:\/\/bisbalpenedes.com\/web\/wp-json\/wp\/v2\/posts\/24598\/revisions"}],"predecessor-version":[{"id":24600,"href":"https:\/\/bisbalpenedes.com\/web\/wp-json\/wp\/v2\/posts\/24598\/revisions\/24600"}],"wp:featuredmedia":[{"embeddable":true,"href":"https:\/\/bisbalpenedes.com\/web\/wp-json\/wp\/v2\/media\/24599"}],"wp:attachment":[{"href":"https:\/\/bisbalpenedes.com\/web\/wp-json\/wp\/v2\/media?parent=24598"}],"wp:term":[{"taxonomy":"category","embeddable":true,"href":"https:\/\/bisbalpenedes.com\/web\/wp-json\/wp\/v2\/categories?post=24598"},{"taxonomy":"post_tag","embeddable":true,"href":"https:\/\/bisbalpenedes.com\/web\/wp-json\/wp\/v2\/tags?post=24598"}],"curies":[{"name":"wp","href":"https:\/\/api.w.org\/{rel}","templated":true}]}}