{"id":24585,"date":"2023-01-09T09:32:08","date_gmt":"2023-01-09T07:32:08","guid":{"rendered":"https:\/\/bisbalpenedes.com\/web\/?p=24585"},"modified":"2023-01-09T09:34:36","modified_gmt":"2023-01-09T07:34:36","slug":"el-dijous-5-de-gener-es-va-celebrar-un-ple-extraordinari-a-lajuntament-de-la-bisbal-del-penedes","status":"publish","type":"post","link":"https:\/\/bisbalpenedes.com\/web\/2023\/01\/09\/el-dijous-5-de-gener-es-va-celebrar-un-ple-extraordinari-a-lajuntament-de-la-bisbal-del-penedes\/","title":{"rendered":"El dijous 5 de gener es va celebrar un Ple extraordinari a l&#8217;Ajuntament de la Bisbal del Pened\u00e8s"},"content":{"rendered":"\n<figure class=\"wp-block-embed is-type-rich is-provider-gestor-del-servei wp-block-embed-gestor-del-servei wp-embed-aspect-16-9 wp-has-aspect-ratio\"><div class=\"wp-block-embed__wrapper\">\n<iframe loading=\"lazy\" title=\"Ajuntament de la Bisbal del Pened\u00e8s. Ple extraordinari de 5 de gener de 2023\" width=\"1170\" height=\"658\" src=\"https:\/\/www.youtube.com\/embed\/APCMq9VrELk?feature=oembed\" frameborder=\"0\" allow=\"accelerometer; autoplay; clipboard-write; encrypted-media; gyroscope; picture-in-picture; web-share\" allowfullscreen><\/iframe>\n<\/div><\/figure>\n\n\n\n<p>El dijous 5 de gener es va celebrar un Ple extraordinari a l&#8217;Ajuntament de la Bisbal del Pened\u00e8s. El Ple va ser convocat a petici\u00f3 dels regidors Daniel Caballero i Jos\u00e9 Mar\u00eda Cuadros (PSC), Xavier Faura (Units per la Bisbal-FIC) i S\u00edlvia Monfort (ERC-AM).<\/p>\n\n\n\n<p>Abans de comen\u00e7ar a votar els punts de l\u2019ordre del dia, el regidor Xavier Faura (Units per la Bisbal-FIC) va haver d&#8217;abandonar el Ple per motius laborals. Tenint en compte que el punt 109 del Reglament d\u2019Organitzaci\u00f3 Municipal estableix que&nbsp;<em>\u201cel vot dels membres de la Corporaci\u00f3 \u00e9s personal i intransferible i es pot emetre en sentit positiu o negatiu, sense perjudici de la possibilitat d\u2019abstenir-se de votar. S\u2019entendr\u00e0 que els membres de la Corporaci\u00f3 que s\u2019absentin de la Sala de Plens una vegada iniciada la deliberaci\u00f3 d\u2019un assumpte, s\u2019abstenen de votar si no estan presents en el moment de la votaci\u00f3\u201d*.<\/em><\/p>\n\n\n\n<p>S&#8217;hi van tractar els seg\u00fcents punts:<\/p>\n\n\n\n<p><strong>PUNT PRIMER:<\/strong>&nbsp;<em>\u201c<\/em>Aprovaci\u00f3 de l\u2019Ordenan\u00e7a municipal sobre soroll i vibracions<em>\u201d.<\/em><\/p>\n\n\n\n<p>No es va aprovar&nbsp;amb els vots en contra de Comprom\u00eds amb la Bisbal (6), els vots a favor del PSC (2) i ERC-AM (1) i les abstencions d\u2019Units per la Bisbal-FIC (1) i Ara la Bisbal (1).<\/p>\n\n\n\n<p>Es proposava aprovar els seg\u00fcents acords:<\/p>\n\n\n\n<ul><li>&#8220;<strong>PRIMER.\u00a0<\/strong>Aprovaci\u00f3 inicial Ordenan\u00e7a municipal sobre soroll i vibracions en els termes que figuren a l&#8217;expedient.<\/li><li><strong>SEGON.<\/strong>\u00a0Sotmetre a informaci\u00f3 p\u00fablica i audi\u00e8ncia dels interessats per un termini de 30 dies, mitjan\u00e7ant anunci publicat al Butllet\u00ed Oficial de la Prov\u00edncia de Tarragona, el Diari Oficial de la Generalitat de Catalunya, en un dels mitjans de comunicaci\u00f3 escrita di\u00e0ria i al tauler d&#8217;anuncis de la corporaci\u00f3, perqu\u00e8 aquests puguin examinar l&#8217;expedient i formular les reclamacions i suggeriments que estimin permanents. Aix\u00ed mateix estar\u00e0 a disposici\u00f3 dels interessats a la seu electr\u00f2nica d&#8217;aquest ajuntament. De no presentar-se reclamacions o suggeriments en el termini esmentat, es considerar\u00e0 aprovat definitivament sense necessitat d&#8217;acord expr\u00e9s del ple.<\/li><li><strong>TERCER.<\/strong>\u00a0Publicar l&#8217;acord d&#8217;aprovaci\u00f3 definitiva, juntament amb el text \u00edntegre d&#8217;ordenan\u00e7a, per al seu general coneixement al Butllet\u00ed Oficial de la Prov\u00edncia de Tarragona, al tauler d&#8217;anuncis i a la seu electr\u00f2nica d&#8217;aquest ajuntament.<\/li><li><strong>QUART.<\/strong>\u00a0Remetre a l&#8217;administraci\u00f3 de l&#8217;estat i al departament corresponent de la comunitat aut\u00f2noma, en el termini de 15 dies, la certificaci\u00f3 que acrediti l&#8217;elevaci\u00f3 definitiva de l&#8217;aprovaci\u00f3 inicial, aix\u00ed com c\u00f2pia \u00edntegra autenticada.<\/li><li><strong>CINQU\u00c8.<\/strong>\u00a0Facultar la Sra. Alcaldessa, per subscriure i signar tota classe de documents relacionats amb aquest assumpte&#8221;.<\/li><\/ul>\n\n\n\n<p><strong>PUNT SEGON:<\/strong>\u00a0<em>\u201d<\/em>Aprovaci\u00f3 per a sotmetre a consulta p\u00fablica l\u2019elaboraci\u00f3 del reglament del mercat itinerant\u201d.<\/p>\n\n\n\n<p>Es va aprovar\u00a0amb els vots a favor de Comprom\u00eds amb la Bisbal (6), PSC (2) i ERC-AM (1) i les abstencions d\u2019Units per la Bisbal-FIC (1) i Ara la Bisbal (1).<\/p>\n\n\n\n<p>S&#8217;ha aprovat aprovar el seg\u00fcent acord, en relaci\u00f3 amb el mercat setmanal del municipi:<\/p>\n\n\n\n<ul><li>&#8220;<strong>PRIMER.<\/strong>\u00a0Aprovar la publicaci\u00f3 i difusi\u00f3 a trav\u00e9s dels mitjans i canals municipals, en modalitat de consulta p\u00fablica, l&#8217;elaboraci\u00f3 d&#8217;un reglament del mercat itinerant.<\/li><\/ul>\n\n\n\n<p><strong>PUNT TERCER:&nbsp;<\/strong><em>\u201c<\/em>Aprovaci\u00f3 per a sotmetre a consulta p\u00fablica l\u2019elaboraci\u00f3 del reglament de transport urb\u00e0 per persones amb discapacitat igual o superior al 33%\u201d.<\/p>\n\n\n\n<p>No es va aprovar&nbsp;amb els vots en contra de Comprom\u00eds amb la Bisbal (6) i Ara la Bisbal (1), els vots a favor del PSC (2) i ERC-AM (1) i l\u2019abstenci\u00f3 d\u2019Units per la Bisbal-FIC (1).<\/p>\n\n\n\n<p>Es proposava aprovar el seg\u00fcent acord:<\/p>\n\n\n\n<ul><li>&#8220;<strong>PRIMER<\/strong>. Aprovar la publicaci\u00f3 i difusi\u00f3 a trav\u00e9s dels mitjans i canals municipals, en modalitat de consulta p\u00fablica, l&#8217;elaboraci\u00f3 d&#8217;un reglament de bonificacions a les persones que utilitzin el transport urb\u00e0 amb discapacitat igual o superior al 33%&#8221;.<\/li><\/ul>\n\n\n\n<p><strong>PUNT QUART:<\/strong>&nbsp;\u201cAprovaci\u00f3 per a sotmetre a consulta p\u00fablica l\u2019elaboraci\u00f3 del reglament de neteja i manteniment de solars\u201d.<\/p>\n\n\n\n<p>Es va aprovar\u00a0amb els vots a favor de Comprom\u00eds amb la Bisbal (6), PSC (2), ERC-AM (1) i Ara la Bisbal (1) i l\u2019abstenci\u00f3 d\u2019Units per la Bisbal-FIC (1).<\/p>\n\n\n\n<p>S&#8217;ha aprovat el seg\u00fcent acord en relaci\u00f3 amb l&#8217;elaboraci\u00f3 d&#8217;un reglament de neteja i manteniment de solars de propietaris particulars:<\/p>\n\n\n\n<ul><li>&#8220;<strong>PRIMER.<\/strong>\u00a0Aprovar la publicaci\u00f3 i difusi\u00f3 a trav\u00e9s dels mitjans i canals municipals, en modalitat de consulta p\u00fablica, l&#8217;elaboraci\u00f3 d&#8217;un reglament de neteja i manteniment dels solars del municipi&#8221;.<\/li><\/ul>\n\n\n\n<pre class=\"wp-block-preformatted\">*A banda del ROM, l\u2019article 99.5 ROF (Reial Decret 2568\/1986, de 28 de novembre, pel qual s\u2019aprova el Reglament d\u2019Organitzaci\u00f3, funcionament i r\u00e8gim jur\u00eddic de les entitats locals):&nbsp;<em>\u201cel vot dels regidors \u00e9s personal i indelegable\u201d.&nbsp;<\/em>Quant a l\u2019article 100.1 ROF:<em>&nbsp;\u201cA efectes de la votaci\u00f3 corresponent, es considerar\u00e0 que s\u2019abstenen els membres de la Corporaci\u00f3 que s\u2019haguessin absentat del Sal\u00f3 de sessions una vegada iniciada la deliberaci\u00f3 d\u2019un assumpte i que no estiguessin presents al moment de la votaci\u00f3. En el sup\u00f2sit que s\u2019haguessin reintegrat al Sal\u00f3 de Sessions abans de la votaci\u00f3 podran, per descomptat, prendre part d\u2019aquesta\u201d.<\/em><\/pre>\n\n\n\n<hr class=\"wp-block-separator has-alpha-channel-opacity\"\/>\n\n\n\n<p><strong>CASTELLANO |<\/strong>&nbsp;El jueves 5 de enero se celebr\u00f3 un Pleno extraordinario en el Ayuntamiento de la Bisbal del Pened\u00e8s. El Pleno fue convocado a petici\u00f3n de los concejales Daniel Caballero y Jos\u00e9 Mar\u00eda Cuadros (PSC), Xavier Faura (Units per la Bisbal-FIC) i S\u00edlvia Monfort (ERC-AM).<\/p>\n\n\n\n<p>Antes de empezar a votar los puntos del orden del d\u00eda, el concejal Xavier Faura (Units per la Bisbal-FIC) tuvo que abandonar el Pleno por motivos laborales. Teniendo en cuenta que el punto 109 del Reglamento de Organizaci\u00f3n Municipal establece que&nbsp;<em>\u201cel voto de los miembros de la Corporaci\u00f3n es personal e intransferible y se puede emitir en sentido positivo o negativo, sin perjuicio de la posibilidad de abstenerse de votar. Se entender\u00e1 que los miembros de la Corporaci\u00f3n que se ausenten de la Sala de Plenos una vez iniciada la deliberaci\u00f3n de un asunto, se abstienen de votar si no est\u00e1n presentes en el momento de la votaci\u00f3n&#8221;.*<\/em><\/p>\n\n\n\n<p>Se trataron los puntos siguientes:<\/p>\n\n\n\n<p><strong>PUNTO PRIMERO:<\/strong>&nbsp;&#8220;Aprobaci\u00f3n de la Ordenanza municipal sobre ruido y vibraciones&#8221;.<\/p>\n\n\n\n<p>No se aprob\u00f3&nbsp;con los votos en contra de Comprom\u00eds amb la Bisbal (6), los votos a favor del PSC (2) y ERC-AM (1) y las abstenciones de Units per la Bisbal-FIC (1) y Ara la Bisbal (1).<\/p>\n\n\n\n<p>Se propon\u00eda aprobar los siguientes acuerdos:<\/p>\n\n\n\n<ul><li>&#8220;<strong>PRIMERO.<\/strong>\u00a0Aprobaci\u00f3n inicial Ordenanza municipal sobre ruido y vibraciones en los t\u00e9rminos que figuran en el expediente.<\/li><li><strong>SEGUNDO.<\/strong>\u00a0Someter a informaci\u00f3n p\u00fablica y audiencia de los interesados por un plazo de 30 d\u00edas, mediante anuncio publicado en el Bolet\u00edn Oficial de la Provincia de Tarragona, el Diario Oficial de la Generalitat de Catalu\u00f1a, en uno de los medios de comunicaci\u00f3n escrita diaria y en el tabl\u00f3n de anuncios de la corporaci\u00f3n, para que estos puedan examinar el expediente y formular las reclamaciones y sugerencias que estimen permanentes. As\u00ed mismo estar\u00e1 a disposici\u00f3n de los interesados en la sede electr\u00f3nica de este Ayuntamiento. En caso de no presentarse reclamaciones o sugerencias en dicho plazo, se considerar\u00e1 aprobado definitivamente sin la necesidad de acuerdo expreso del pleno.<\/li><li><strong>TERCERO.<\/strong>\u00a0Publicar el acuerdo de aprobaci\u00f3n definitiva, junto con el texto \u00edntegro de ordenanza, para su general conocimiento en el Bolet\u00edn Oficial de la Provincia de Tarragona, en el tabl\u00f3n de anuncios y en la sede electr\u00f3nica de este ayuntamiento.<\/li><li><strong>CUARTO.<\/strong>\u00a0Remitir a la administraci\u00f3n del estado y al departamento correspondiente de la comunidad aut\u00f3noma, en el plazo de 15 d\u00edas, la certificaci\u00f3n que acredite la elevaci\u00f3n definitiva de la aprobaci\u00f3n inicial, as\u00ed como copia \u00edntegra autentificada.<\/li><li><strong>QUINTO.<\/strong>\u00a0Facultar a la Sra. Alcaldesa, para suscribir y firmar toda clase de documentos relacionados con este asunto&#8221;.<\/li><\/ul>\n\n\n\n<p><strong>PUNTO SEGUNDO:<\/strong>&nbsp;&#8220;Aprobaci\u00f3n para someter a consulta p\u00fablica la elaboraci\u00f3n del reglamento del mercado itinerante&#8221;.<\/p>\n\n\n\n<p>Se aprob\u00f3&nbsp;con los votos a favor de Comprom\u00eds amb la Bisbal (6), PSC (2) y ERC-AM (1) y las abstenciones de Units per la Bisbal-FIC (1) y Ara la Bisbal (1).<\/p>\n\n\n\n<p>Se ha aprobado el siguiente acuerdo en relaci\u00f3n con el mercado semanal del municipio:<\/p>\n\n\n\n<ul><li>&#8220;<strong>PRIMERO.<\/strong>\u00a0Aprobar la publicaci\u00f3n y difusi\u00f3n a trav\u00e9s de los medios y canales municipales, en modalidad de consulta p\u00fablica, la elaboraci\u00f3n de un reglamento del mercado itinerante&#8221;.<\/li><\/ul>\n\n\n\n<p><strong>PUNTO TERCERO:<\/strong>&nbsp;&#8220;Aprobaci\u00f3n para someter a consulta p\u00fablica la elaboraci\u00f3n del reglamento de transporte urbano para personas con discapacidad igual o superior al 33%&#8221;.<\/p>\n\n\n\n<p>No se aprob\u00f3&nbsp;con los votos en contra de Comprom\u00eds amb la Bisbal (6) y Ara la Bisbal (1), los votos a favor del PSC (2) y ERC-AM (1) y la abstenci\u00f3n de Units per la Bisbal-FIC (1).<\/p>\n\n\n\n<p>Se propon\u00eda aprobar el siguiente acuerdo:<\/p>\n\n\n\n<ul><li>&#8220;<strong>PRIMERO.\u00a0<\/strong>Aprobar la publicaci\u00f3n y difusi\u00f3n a trav\u00e9s de los medios y canales municipales, en modalidad de consulta p\u00fablica, la elaboraci\u00f3n de un reglamento de bonificaciones a las personas que utilizan el transporte urbano con discapacidad igual o superior al 33%&#8221;.<\/li><\/ul>\n\n\n\n<p><strong>PUNTO CUARTO<\/strong>. &#8220;Aprobaci\u00f3n para someter a consulta p\u00fablica la elaboraci\u00f3n del reglamento de limpieza y mantenimiento de solares&#8221;.<\/p>\n\n\n\n<p>Se aprob\u00f3&nbsp;con los votos a favor de Comprom\u00eds amb la Bisbal (6), PSC (2),&nbsp; ERC-AM (1) y Ara la Bisbal (1) y la abstenci\u00f3n de Units per la Bisbal-FIC (1).<\/p>\n\n\n\n<p>Se ha aprobado el siguiente acuerdo en relaci\u00f3n con la elaboraci\u00f3n de un reglamento de limpieza y mantenimiento de solares de propietarios particulares:<\/p>\n\n\n\n<ul><li>&#8220;<strong>PRIMERO.<\/strong>\u00a0Aprobar la publicaci\u00f3n y difusi\u00f3n a trav\u00e9s de los medios y canales municipales, en modalidad de consulta p\u00fablica, la elaboraci\u00f3n de un reglamento de limpieza y mantenimiento de solares del municipio&#8221;.<\/li><\/ul>\n\n\n\n<pre class=\"wp-block-preformatted\">*Aparte del ROM, el art\u00edculo 99.5 ROF (Real Decreto 2568\/1986, de 28 de noviembre, por el que se aprueba el Reglamento de Organizaci\u00f3n, funcionamiento y r\u00e9gimen jur\u00eddico de las entidades locales):\u00a0<em>\u201cEl voto de los Concejales es personal e indelegable\u201d.\u00a0<\/em>En cuando al art\u00edculo 100.1 ROF:\u00a0<em>\u201cA efectos de la votaci\u00f3n correspondiente, se considerar\u00e1 que se abstienen los miembros de la Corporaci\u00f3n que se hubieran ausentado del Sal\u00f3n de Sesiones una vez iniciada la deliberaci\u00f3n de un asunto y no estuviesen presentes en el momento de la votaci\u00f3n. En el supuesto de que se hubiesen reintegrado al Sal\u00f3n de Sesiones antes de la votaci\u00f3n podr\u00e1n, desde luego, tomar parte en la misma\u201d.<\/em><\/pre>\n","protected":false},"excerpt":{"rendered":"<p>El dijous 5 de gener es va celebrar un Ple extraordinari a l&#8217;Ajuntament de la Bisbal del Pened\u00e8s. El Ple va ser convocat a petici\u00f3 dels regidors Daniel Caballero i &hellip; <a href=\"https:\/\/bisbalpenedes.com\/web\/2023\/01\/09\/el-dijous-5-de-gener-es-va-celebrar-un-ple-extraordinari-a-lajuntament-de-la-bisbal-del-penedes\/\" class=\"more-link\">Read More<\/a><\/p>\n","protected":false},"author":4,"featured_media":24587,"comment_status":"closed","ping_status":"closed","sticky":false,"template":"","format":"standard","meta":[],"categories":[8,2250],"tags":[459,393,1374,423],"_links":{"self":[{"href":"https:\/\/bisbalpenedes.com\/web\/wp-json\/wp\/v2\/posts\/24585"}],"collection":[{"href":"https:\/\/bisbalpenedes.com\/web\/wp-json\/wp\/v2\/posts"}],"about":[{"href":"https:\/\/bisbalpenedes.com\/web\/wp-json\/wp\/v2\/types\/post"}],"author":[{"embeddable":true,"href":"https:\/\/bisbalpenedes.com\/web\/wp-json\/wp\/v2\/users\/4"}],"replies":[{"embeddable":true,"href":"https:\/\/bisbalpenedes.com\/web\/wp-json\/wp\/v2\/comments?post=24585"}],"version-history":[{"count":3,"href":"https:\/\/bisbalpenedes.com\/web\/wp-json\/wp\/v2\/posts\/24585\/revisions"}],"predecessor-version":[{"id":24590,"href":"https:\/\/bisbalpenedes.com\/web\/wp-json\/wp\/v2\/posts\/24585\/revisions\/24590"}],"wp:featuredmedia":[{"embeddable":true,"href":"https:\/\/bisbalpenedes.com\/web\/wp-json\/wp\/v2\/media\/24587"}],"wp:attachment":[{"href":"https:\/\/bisbalpenedes.com\/web\/wp-json\/wp\/v2\/media?parent=24585"}],"wp:term":[{"taxonomy":"category","embeddable":true,"href":"https:\/\/bisbalpenedes.com\/web\/wp-json\/wp\/v2\/categories?post=24585"},{"taxonomy":"post_tag","embeddable":true,"href":"https:\/\/bisbalpenedes.com\/web\/wp-json\/wp\/v2\/tags?post=24585"}],"curies":[{"name":"wp","href":"https:\/\/api.w.org\/{rel}","templated":true}]}}