{"id":24578,"date":"2023-01-03T14:40:12","date_gmt":"2023-01-03T12:40:12","guid":{"rendered":"https:\/\/bisbalpenedes.com\/web\/?p=24578"},"modified":"2023-01-03T14:40:12","modified_gmt":"2023-01-03T12:40:12","slug":"entrevista-a-lalcaldessa-de-la-bisbal-del-penedes-agnes-ferre-al-programa-ull-al-dia-desembre-de-2022","status":"publish","type":"post","link":"https:\/\/bisbalpenedes.com\/web\/2023\/01\/03\/entrevista-a-lalcaldessa-de-la-bisbal-del-penedes-agnes-ferre-al-programa-ull-al-dia-desembre-de-2022\/","title":{"rendered":"Entrevista a l\u2019alcaldessa de la Bisbal del Pened\u00e8s -Agn\u00e8s Ferr\u00e9- al programa \u201cUll al dia\u201d \u2013  Desembre de 2022"},"content":{"rendered":"\n<p>El programa televisiu l&#8217;Ull al dia d&nbsp;<a href=\"https:\/\/www.facebook.com\/etv.llobregat\/?__cft__%5B0%5D=AZWFtyKfVwTRCSVmTUnfI1xL8mtUPPdsi17sLoiOGJeU3A1GzrizLMgjXu2-C9a_705VQw9HgIcxCz1JDMPVYr6jplUYI4ESIaHbi_BnkeAnLwJIA86ZQI8X2I5yqNIxvDE&amp;__tn__=kK-R\">Etv<\/a>&nbsp;va entrevistar l&#8217;alcaldessa de La Bisbal del Pened\u00e8s, Agn\u00e8s Ferr\u00e9, a finals del mes de desembre. L\u2019entrevista va servir per fer balan\u00e7 del 2022 i es va centrar en diversos temes d\u2019actualitat al municipi, com ara les festes nadalenques, la transici\u00f3 energ\u00e8tica del municipi, el pressupost municipal per al 2023, la prevenci\u00f3 d\u2019incendis o l\u2019ampliaci\u00f3 del servei de bus al municipi el 2023 (afegint parades a les tardes).<\/p>\n\n\n\n<p>Enlla\u00e7 a l&#8217;entrevista:&nbsp;<a href=\"https:\/\/etv.alacarta.cat\/l-ull-al-dia\/capitol\/agnes-ferre_21122022\" target=\"_blank\" rel=\"noreferrer noopener\">https:\/\/etv.alacarta.cat\/l-ull-al-dia\/capitol\/agnes-ferre_21122022<\/a><\/p>\n\n\n\n<hr class=\"wp-block-separator has-alpha-channel-opacity\"\/>\n\n\n\n<p><strong>CASTELLANO |&nbsp;<\/strong>El programa televisivo l&#8217;Ull al dia de ETV entrevist\u00f3 a la alcaldesa de La Bisbal Pened\u00e8s, Agn\u00e8s Ferr\u00e9, a finales del mes de diciembre. La entrevista sirvi\u00f3 para hacer balance del 2022 y se centr\u00f3 en varios temas de actualidad en el municipio, como por ejemplo las fiestas navide\u00f1as, la transici\u00f3n energ\u00e9tica del municipio, el presupuesto municipal para el 2023, la prevenci\u00f3n de incendios, o la ampliaci\u00f3n del servicio de bus en el municipio en el 2023 (a\u00f1adiendo paradas por las tardes),&nbsp;<\/p>\n\n\n\n<p>Enlace a la entrevista:&nbsp;<a href=\"https:\/\/etv.alacarta.cat\/l-ull-al-dia\/capitol\/agnes-ferre_21122022\" target=\"_blank\" rel=\"noreferrer noopener\">https:\/\/etv.alacarta.cat\/l-ull-al-dia\/capitol\/agnes-ferre_21122022<\/a><\/p>\n","protected":false},"excerpt":{"rendered":"<p>El programa televisiu l&#8217;Ull al dia d&nbsp;Etv&nbsp;va entrevistar l&#8217;alcaldessa de La Bisbal del Pened\u00e8s, Agn\u00e8s Ferr\u00e9, a finals del mes de desembre. L\u2019entrevista va servir per fer balan\u00e7 del 2022 &hellip; <a href=\"https:\/\/bisbalpenedes.com\/web\/2023\/01\/03\/entrevista-a-lalcaldessa-de-la-bisbal-del-penedes-agnes-ferre-al-programa-ull-al-dia-desembre-de-2022\/\" class=\"more-link\">Read More<\/a><\/p>\n","protected":false},"author":4,"featured_media":24579,"comment_status":"closed","ping_status":"closed","sticky":false,"template":"","format":"standard","meta":[],"categories":[2057,8],"tags":[1151,2092,2471,393,2099,5725,1100,4999],"_links":{"self":[{"href":"https:\/\/bisbalpenedes.com\/web\/wp-json\/wp\/v2\/posts\/24578"}],"collection":[{"href":"https:\/\/bisbalpenedes.com\/web\/wp-json\/wp\/v2\/posts"}],"about":[{"href":"https:\/\/bisbalpenedes.com\/web\/wp-json\/wp\/v2\/types\/post"}],"author":[{"embeddable":true,"href":"https:\/\/bisbalpenedes.com\/web\/wp-json\/wp\/v2\/users\/4"}],"replies":[{"embeddable":true,"href":"https:\/\/bisbalpenedes.com\/web\/wp-json\/wp\/v2\/comments?post=24578"}],"version-history":[{"count":1,"href":"https:\/\/bisbalpenedes.com\/web\/wp-json\/wp\/v2\/posts\/24578\/revisions"}],"predecessor-version":[{"id":24580,"href":"https:\/\/bisbalpenedes.com\/web\/wp-json\/wp\/v2\/posts\/24578\/revisions\/24580"}],"wp:featuredmedia":[{"embeddable":true,"href":"https:\/\/bisbalpenedes.com\/web\/wp-json\/wp\/v2\/media\/24579"}],"wp:attachment":[{"href":"https:\/\/bisbalpenedes.com\/web\/wp-json\/wp\/v2\/media?parent=24578"}],"wp:term":[{"taxonomy":"category","embeddable":true,"href":"https:\/\/bisbalpenedes.com\/web\/wp-json\/wp\/v2\/categories?post=24578"},{"taxonomy":"post_tag","embeddable":true,"href":"https:\/\/bisbalpenedes.com\/web\/wp-json\/wp\/v2\/tags?post=24578"}],"curies":[{"name":"wp","href":"https:\/\/api.w.org\/{rel}","templated":true}]}}