{"id":24553,"date":"2023-01-02T20:42:08","date_gmt":"2023-01-02T18:42:08","guid":{"rendered":"https:\/\/bisbalpenedes.com\/web\/?p=24553"},"modified":"2023-01-02T20:42:08","modified_gmt":"2023-01-02T18:42:08","slug":"sha-convocat-un-ple-extraordinari-a-peticio-de-4-membres-de-loposicio-per-al-dijous-5-de-gener-a-les-9h","status":"publish","type":"post","link":"https:\/\/bisbalpenedes.com\/web\/2023\/01\/02\/sha-convocat-un-ple-extraordinari-a-peticio-de-4-membres-de-loposicio-per-al-dijous-5-de-gener-a-les-9h\/","title":{"rendered":"S\u2019ha convocat un Ple extraordinari -a petici\u00f3 de 4 membres de l\u2019oposici\u00f3- per al dijous 5 de gener a les 9h"},"content":{"rendered":"\n<p>El dijous 5 de gener a les 09:00h tindr\u00e0 lloc un Ple extraordinari a l\u2019Ajuntament de la Bisbal del Pened\u00e8s. Aquest Ple es convoca per la sol\u00b7licitud de convocat\u00f2ria presentada pels regidors Daniel Caballero i Jos\u00e9 Mar\u00eda Cuadros del PSC, Xavier Faura d\u2019Units-FIC i S\u00edlvia Monfort d\u2019ERC-AM.<\/p>\n\n\n\n<p>L\u2019ordre del dia \u00e9s el seg\u00fcent:<\/p>\n\n\n\n<p><strong>PRIMER:<\/strong> <em>\u201c<\/em>Aprovaci\u00f3 de l\u2019Ordenan\u00e7a municipal sobre soroll i vibracions<em>\u201d.<\/em><br><br><strong>SEGON:<\/strong> <em>\u201d<\/em>Aprovaci\u00f3 per a sotmetre a consulta p\u00fablica l&#8217;elaboraci\u00f3 del reglament del mercat itinerant\u201d.<\/p>\n\n\n\n<p><strong>TERCER: <\/strong><em>\u201c<\/em>Aprovaci\u00f3 per a sotmetre a consulta p\u00fablica l&#8217;elaboraci\u00f3 del reglament de transport urb\u00e0 per persones amb discapacitat igual o superior al 33%\u201d<\/p>\n\n\n\n<p><strong>QUART:<\/strong> \u201cAprovaci\u00f3 per a sotmetre a consulta p\u00fablica l&#8217;elaboraci\u00f3 del reglament de neteja i manteniment de solars\u201d.<\/p>\n\n\n\n<p>Com \u00e9s habitual, posteriorment es podr\u00e0 veure l\u2019enregistrament en v\u00eddeo a Youtube.<\/p>\n\n\n\n<hr class=\"wp-block-separator has-alpha-channel-opacity\"\/>\n\n\n\n<p><strong>CASTELLANO |<\/strong> El jueves 5 de enero a las 09:00h tendr\u00e1 lugar un Pleno extraordinario en el Ayuntamiento de la Bisbal del Pened\u00e8s. Este Pleno se convoca por la solicitud de convocatoria presentada por los concejales Daniel Caballero y Jos\u00e9 Mar\u00eda Cuadros del PSC, Xavier Faura de UniTS-FIC y S\u00edlvia Monfort de ERC-AM.<\/p>\n\n\n\n<p>El orden del d\u00eda es el siguiente:<\/p>\n\n\n\n<p><strong>PRIMERO:<\/strong> <em>\u201c<\/em>Aprobaci\u00f3n de la Ordenanza municipal sobre ruido y vibraciones<em>\u201d.<\/em><br><br><strong>SEGUNDO:<\/strong><em>\u201d<\/em>Aprobaci\u00f3n para someter a consulta p\u00fablica la elaboraci\u00f3n del reglamento del mercado itinerante\u201d.<\/p>\n\n\n\n<p><strong>TERCERO: <\/strong><em>\u201c<\/em>Aprobaci\u00f3n para someter a consulta p\u00fablica la elaboraci\u00f3n del reglamento de transporte urbano para personas con discapacidad igual o superior al 33%\u201d<\/p>\n\n\n\n<p><strong>CUARTO:<\/strong> \u201cAprobaci\u00f3n para someter a consulta p\u00fablica la elaboraci\u00f3n del reglamento de limpieza y mantenimiento de solares\u201d.<\/p>\n\n\n\n<p>Como es habitual, posteriormente se podr\u00e1 ver la grabaci\u00f3n en v\u00eddeo en Youtube.<\/p>\n","protected":false},"excerpt":{"rendered":"<p>El dijous 5 de gener a les 09:00h tindr\u00e0 lloc un Ple extraordinari a l\u2019Ajuntament de la Bisbal del Pened\u00e8s. Aquest Ple es convoca per la sol\u00b7licitud de convocat\u00f2ria presentada &hellip; <a href=\"https:\/\/bisbalpenedes.com\/web\/2023\/01\/02\/sha-convocat-un-ple-extraordinari-a-peticio-de-4-membres-de-loposicio-per-al-dijous-5-de-gener-a-les-9h\/\" class=\"more-link\">Read More<\/a><\/p>\n","protected":false},"author":4,"featured_media":20647,"comment_status":"closed","ping_status":"closed","sticky":false,"template":"","format":"standard","meta":[],"categories":[2402,8,2250],"tags":[459,3096,393,5718,1374,423,794],"_links":{"self":[{"href":"https:\/\/bisbalpenedes.com\/web\/wp-json\/wp\/v2\/posts\/24553"}],"collection":[{"href":"https:\/\/bisbalpenedes.com\/web\/wp-json\/wp\/v2\/posts"}],"about":[{"href":"https:\/\/bisbalpenedes.com\/web\/wp-json\/wp\/v2\/types\/post"}],"author":[{"embeddable":true,"href":"https:\/\/bisbalpenedes.com\/web\/wp-json\/wp\/v2\/users\/4"}],"replies":[{"embeddable":true,"href":"https:\/\/bisbalpenedes.com\/web\/wp-json\/wp\/v2\/comments?post=24553"}],"version-history":[{"count":1,"href":"https:\/\/bisbalpenedes.com\/web\/wp-json\/wp\/v2\/posts\/24553\/revisions"}],"predecessor-version":[{"id":24554,"href":"https:\/\/bisbalpenedes.com\/web\/wp-json\/wp\/v2\/posts\/24553\/revisions\/24554"}],"wp:featuredmedia":[{"embeddable":true,"href":"https:\/\/bisbalpenedes.com\/web\/wp-json\/wp\/v2\/media\/20647"}],"wp:attachment":[{"href":"https:\/\/bisbalpenedes.com\/web\/wp-json\/wp\/v2\/media?parent=24553"}],"wp:term":[{"taxonomy":"category","embeddable":true,"href":"https:\/\/bisbalpenedes.com\/web\/wp-json\/wp\/v2\/categories?post=24553"},{"taxonomy":"post_tag","embeddable":true,"href":"https:\/\/bisbalpenedes.com\/web\/wp-json\/wp\/v2\/tags?post=24553"}],"curies":[{"name":"wp","href":"https:\/\/api.w.org\/{rel}","templated":true}]}}