{"id":24549,"date":"2022-12-30T15:14:05","date_gmt":"2022-12-30T13:14:05","guid":{"rendered":"https:\/\/bisbalpenedes.com\/web\/?p=24549"},"modified":"2023-01-02T21:36:30","modified_gmt":"2023-01-02T19:36:30","slug":"aquest-dijous-29-de-desembre-sha-celebrat-un-ple-extraordinari-i-urgent-a-lajuntament-de-la-bisbal-del-penedes","status":"publish","type":"post","link":"https:\/\/bisbalpenedes.com\/web\/2022\/12\/30\/aquest-dijous-29-de-desembre-sha-celebrat-un-ple-extraordinari-i-urgent-a-lajuntament-de-la-bisbal-del-penedes\/","title":{"rendered":"<strong>Aquest dijous 29 de desembre s&#8217;ha celebrat un Ple extraordinari i urgent a l&#8217;Ajuntament de la Bisbal del Pened\u00e8s<\/strong>"},"content":{"rendered":"\n<figure class=\"wp-block-embed is-type-video is-provider-youtube wp-block-embed-youtube wp-embed-aspect-16-9 wp-has-aspect-ratio\"><div class=\"wp-block-embed__wrapper\">\n<iframe loading=\"lazy\" title=\"Ajuntament de la Bisbal del Pened\u00e8s. Ple extraordinari urgent de 29 de desembre de 2022\" width=\"1170\" height=\"658\" src=\"https:\/\/www.youtube.com\/embed\/3zKte9XUMSI?feature=oembed\" frameborder=\"0\" allow=\"accelerometer; autoplay; clipboard-write; encrypted-media; gyroscope; picture-in-picture\" allowfullscreen><\/iframe>\n<\/div><\/figure>\n\n\n\n<p>Aquest dijous 29 de desembre s&#8217;ha celebrat un Ple extraordinari i urgent a l&#8217;Ajuntament de la Bisbal del Pened\u00e8s.<\/p>\n\n\n\n<p>A l&#8217;inici del Ple, s&#8217;ha disculpat l&#8217;assist\u00e8ncia de les regidores Judith Vidal (Comprom\u00eds amb la Bisbal) i Maguy Antol\u00edn (Ara la Bisbal).<\/p>\n\n\n\n<p>S&#8217;hi han tractat els punts seg\u00fcents:<\/p>\n\n\n\n<p><strong>1.-Ratificaci\u00f3 de la urg\u00e8ncia de la convocat\u00f2ria.<\/strong><\/p>\n\n\n\n<p>S&#8217;ha aprovat amb els vots a favor de Comprom\u00eds amb la Bisbal (5) i el PSC (2) i els vots en contra d&#8217;Units per la Bisbal-FIC (1) i ERC-AM (1).<\/p>\n\n\n\n<p>L&#8217;alcaldessa ha explicat que la urg\u00e8ncia del Ple ve motivada pel fet que <em>&#8220;l&#8217;aprovaci\u00f3 definitiva del pressupost per al 2023 no \u00e9s pot tirar endavant si no es resolen les al\u00b7legacions. Per tant, s&#8217;han de resoldre perqu\u00e8 el pressupost sigui vigent a partir de l&#8217;1 de gener de 2023, sense necessitat de prorrogar el pressupost 2022&#8221;.<\/em><\/p>\n\n\n\n<p><strong>2.-Desestimar les al\u00b7legacions contra el pressupost i aprovar definitivament el pressupost municipal 2023.<\/strong><\/p>\n\n\n\n<p>S&#8217;ha aprovat desestimar les al\u00b7legacions i aprovar definitivament el pressupost municipal 2023 amb els vots a favor de Comprom\u00eds amb la Bisbal (5), l&#8217;abstenci\u00f3 del PSC (2) i els vots en contra d&#8217;Units per la Bisbal-FIC (1) i ERC-AM (1).<\/p>\n\n\n\n<p>S&#8217;ha aprovat:<\/p>\n\n\n\n<p><strong>PRIMER.<\/strong> Desestimar l&#8217;al\u00b7legaci\u00f3 presentada contra l&#8217;aprovaci\u00f3 inicial del pressupost municipal per a l&#8217;exercici 2023, pels motius expressats en l&#8217;informe d&#8217;intervenci\u00f3 del 28 de desembre de 2022, del qual es remetr\u00e0 c\u00f2pia a la persona interessada, juntament amb la notificaci\u00f3 del present acord.<\/p>\n\n\n\n<p><strong>SEGON.<\/strong> Aprovar definitivament el pressupost municipal d&#8217;aquest Ajuntament per a l&#8217;exercici econ\u00f2mic 2023, juntament amb les seves bases d&#8217;execuci\u00f3.<\/p>\n\n\n\n<p><strong>TERCER. <\/strong>Aprovar inicialment la plantilla de personal d&#8217;aquest Ajuntament per a l&#8217;any 2023.<\/p>\n\n\n\n<p><strong>QUART<\/strong>. Publicar el pressupost municipal per a l&#8217;exercici 2023, resumit per cap\u00edtols, al Butllet\u00ed oficial de la prov\u00edncia de Tarragona.<\/p>\n\n\n\n<p><strong>CINQU\u00c8.<\/strong> Remetre una c\u00f2pia de l&#8217;esmentat pressupost a l&#8217;Administraci\u00f3 de l&#8217;Estat i a l&#8217;\u00f2rgan competent de la Comunitat Aut\u00f2noma.<\/p>\n\n\n\n<p>Aix\u00ed mateix, una c\u00f2pia del pressupost s&#8217;haur\u00e0 de trobar a la disposici\u00f3 del p\u00fablic, a efectes informatius, des de la seva aprovaci\u00f3 definitiva fins a la finalitzaci\u00f3 de l&#8217;exercici.<\/p>\n\n\n\n<p><strong>SIS\u00c8.<\/strong> Notificar aquest acord als interessats que hagin presentat al\u00b7legacions contra l&#8217;aprovaci\u00f3 inicial del pressupost.<\/p>\n\n\n\n<p>El pressupost que s&#8217;ha aprovat de forma definitiva es va aprovar inicialment al novembre i va estar en exposici\u00f3 p\u00fablica de l&#8217;1 al 27 de desembre, ambd\u00f3s inclosos.<\/p>\n\n\n\n<p>El 24 de desembre, la regidora d&#8217;ERC i el regidor d&#8217;Units per la Bisbal-FIC van presentar al\u00b7legacions contra el pressupost 2023, concretament: &#8220;Inclusi\u00f3 indeguda de cr\u00e8dits en el pressupost d&#8217;ingressos de la corporaci\u00f3 al Cap\u00edtol 2: Impostos Indirectes al concepte Impost Sobre Construccions, Instal\u00b7lacions i Obres, Subconcepte 29.000&#8221;. Segons els regidors d&#8217;ERC-AM i Units per la Bisbal-FIC, &#8220;e<em>n el Pressupost General de la corporaci\u00f3 podem observar com \u00e9s decideix fer una previsi\u00f3 dels Ingressos procedents de l\u2019Impost sobre Construccions, Instal\u00b7lacions i Obres (ICIO) de 1.800.000,00\u20ac. Aquesta xifra, segons mem\u00f2ria del pressupost, est\u00e0 condicionada a la tramitaci\u00f3 de llic\u00e8ncies, i m\u00e9s concretament ve determinat per les darreres llic\u00e8ncies urban\u00edstiques dels \u00faltims mesos de l\u2019any&#8221; <\/em>i consideren que<em> &#8220;s&#8217;ha fet una previsi\u00f3 exageradament elevada pel que fan els ingressos procedents de l&#8217;Impost sobre Construccions, Instal\u00b7lacions i Obres. Un augment del 600% respecte a l&#8217;exercici 2022 \u00e9s un augment excessiu, que en cas de no obtenir la xifra estimada condicionar\u00e0 de forma evident l&#8217;execuci\u00f3 del pressupost de la corporaci\u00f3 per a tot l&#8217;exercici 2023&#8221;. <\/em>Tenint en compte aquests motius, ambd\u00f3s regidors sol\u00b7licitaven que <em>&#8220;es facin les corresponents correccions al Pressupost General de la Corporaci\u00f3 2023 amb la previsi\u00f3 d&#8217;ingressos m\u00e9s realista com va succeir el passat exercici 2022&#8221;.<\/em><\/p>\n\n\n\n<p>L&#8217;alcaldessa de la Bisbal del Pened\u00e8s, Agn\u00e8s Ferr\u00e9 (Comprom\u00eds amb la Bisbal), va explicar que <em>&#8220;en els \u00faltims mesos s&#8217;han concedit 3 \u00faltimes llic\u00e8ncies urban\u00edstiques, hi ha 6 llic\u00e8ncies urban\u00edstiques pendents de concessi\u00f3 i una llic\u00e8ncia urban\u00edstica pendent d&#8217;aprovar el projecte executiu. Sumant els imports previstos d&#8217;ICIO (Impost sobre construccions, instal\u00b7lacions i obres) pendents d&#8217;aprovar, dona un import d&#8217;1.856.858,60\u20ac. Per aquest motiu, proposem desestimar l&#8217;al\u00b7legaci\u00f3, ja que considerem que la previsi\u00f3 d&#8217;ingressos per al 2023 \u00e9s correcta. Tamb\u00e9 aprovem definitivament un pressupost de 6.648.017,55\u20ac per a l&#8217;any 2023&#8221;.<\/em><\/p>\n\n\n\n<hr class=\"wp-block-separator has-alpha-channel-opacity\"\/>\n\n\n\n<p><strong>CASTELLANO |<\/strong> Este lunes 29 de diciembre se ha celebrado un Pleno extraordinario y urgente en el Ayuntamiento de la Bisbal del Pened\u00e8s.<\/p>\n\n\n\n<p>Al empezar el Pleno, se ha disculpado la asistencia de las concejalas Judith Vidal (Comprom\u00eds amb la Bisbal) y Maguy Antol\u00edn (Ara la Bisbal).<\/p>\n\n\n\n<p>Se han tratado los puntos siguientes:<\/p>\n\n\n\n<p><strong>1.-Ratificaci\u00f3n de la urgencia de la convocatoria.<\/strong><\/p>\n\n\n\n<p>Se ha aprobado con los votos a favor de Comprom\u00eds amb la Bisbal (5) y el PSC (2) y los votos en contra de Units per la Bisbal-FIC (1) y ERC-AM (1).<\/p>\n\n\n\n<p>La alcaldesa ha explicado que la urgencia del Pleno viene motivada por el hecho que &#8220;la aprobaci\u00f3n definitiva del presupuesto para el 2023 no es puede sacar adelante si no se resuelven las alegaciones. Por tanto, se tienen que resolver para que el presupuesto sea vigente a partir del 1 de enero de 2023, sin necesidad de prorrogar el presupuesto 2022&#8221;.<\/p>\n\n\n\n<p><strong>2.-Desestimar las alegaciones contra el presupuesto y aprobar definitivamente el presupuesto municipal 2023.<\/strong><\/p>\n\n\n\n<p>Se ha aprobado desestimar las alegaciones y aprobar definitivamente el presupuesto municipal 2023 con los votos a favor de Comprom\u00eds amb la Bisbal (5), la abstenci\u00f3n del PSC (2) y los votos en contra de Units per la Bisbal-FIC (1) y ERC-AM (1).<\/p>\n\n\n\n<p>Se ha aprobado:<\/p>\n\n\n\n<p><strong>PRIMERO.<\/strong> Desestimar la alegaci\u00f3n presentada contra la aprobaci\u00f3n inicial del presupuesto municipal para el ejercicio 2023, por los motivos expresados en el informe de intervenci\u00f3n del 28 de diciembre de 2022, del que se remitir\u00e1 una copia a la persona interesada, junto con la notificaci\u00f3n del presente acuerdo.<\/p>\n\n\n\n<p><strong>SEGUNDO.<\/strong> Aprobar definitivamente el presupuesto municipal de este Ayuntamiento para el ejercicio econ\u00f3mico 2023, junto con sus bases de ejecuci\u00f3n.<\/p>\n\n\n\n<p><strong>TERCERO. <\/strong>Aprobar inicialmente la plantilla de personal de este Ayuntamiento para el a\u00f1o 2023.<\/p>\n\n\n\n<p><strong>CUARTO<\/strong>. Publicar el presupuesto municipal para el ejercicio 2023, resumido por cap\u00edtulos, en el Bolet\u00edn oficial de la provincia de Tarragona.<\/p>\n\n\n\n<p><strong>QUINTO.<\/strong> Remitir una copia de dicho presupuesto a la Administraci\u00f3n del Estado y a l \u00f3rgano competente de la Comunidad Aut\u00f3noma.<\/p>\n\n\n\n<p>As\u00ed mismo, una copia del presupuesto se tendr\u00e1 que encontrar a disposici\u00f3n del p\u00fablico, a efectos informativos, desde su aprobaci\u00f3n definitiva hasta la finalizaci\u00f3n del ejercicio.<\/p>\n\n\n\n<p><strong>SEXTO. <\/strong>Notificar este acuerdo a los interesados que hayan presentado alegaciones contra la aprobaci\u00f3n inicial del presupuesto.<\/p>\n\n\n\n<p>El presupuesto que se ha aprobado de forma definitiva se aprob\u00f3 inicialmente en noviembre y estuvo en exposici\u00f3n p\u00fablica del 1 al 27 de diciembre, ambos incluidos.<\/p>\n\n\n\n<p>El 24 de diciembre, la concejala de ERC y el concejal de Units per la Bisbal-FIC presentaron alegaciones contra el presupuesto 2023, concretamente:<em> &#8220;Inclusi\u00f3n indebida de cr\u00e9ditos en el presupuesto de ingresos de la corporaci\u00f3n en el Cap\u00edtulo 2: Impuestos Indirectos en el concepto Impuesto Sobre Construcciones, Instalaciones y Obras, Sub concepto 29.000&#8221;. Seg\u00fan los concejales de ERC-AM y Units per la Bisbal-FIC, &#8220;en el Presupuesto General de la corporaci\u00f3n podemos observar como se decide hacer una previsi\u00f3n de los Ingresos procedentes del Impuesto sobre Construcciones, Instalaciones y Obras (ICIO) de 1.800.000,00\u20ac. Esta cifra, seg\u00fan memoria del presupuesto, est\u00e1 condicionada a la tramitaci\u00f3n de licencias, y m\u00e1s concretamente viene determinado por las \u00faltimas licencias urban\u00edsticas de los \u00faltimos meses del a\u00f1o&#8221;<\/em> y consideramos que <em>&#8220;se ha hecho una previsi\u00f3n exageradamente elevada en cuanto a los ingresos procedentes del Impuesto sobre Construcciones, Instalaciones y Obras. Un aumento del 600% respecto al ejercicio 2022 es un aumento excesivo, que en caso de no obtener la cifra estimada condicionar\u00e1 de forma evidente la ejecuci\u00f3n del presupuesto de la corporaci\u00f3n para todo el ejercicio 2023&#8221;.<\/em> Teniendo en cuenta estos motivos, ambos concejales solicitaban que <em>&#8220;se hagan las correspondientes correcciones en el Presupuesto General de la Corporaci\u00f3n 2023 con la previsi\u00f3n de ingresos m\u00e1s realista como sucedi\u00f3 en el pasado ejercicio 2022&#8221;.<\/em><\/p>\n\n\n\n<p>La alcaldesa de la Bisbal del Pened\u00e8s, Agn\u00e8s Ferr\u00e9 (Comprom\u00eds amb la Bisbal), explic\u00f3 que <em>&#8220;en los \u00faltimos meses se han concedido 3 \u00faltimas licencias urban\u00edsticas, hay 6 licencias urban\u00edsticas pendientes de concesi\u00f3n y una licencia urban\u00edstica pendiente de aprobar el proyecto ejecutivo. Sumando los importes previstos de ICIO (Impuesto sobre construcciones, instalaciones y obras) pendientes de aprobar, da un importe de 1.856.858,60\u20ac. Por este motivo, proponemos desestimar la alegaci\u00f3n, ya que consideramos que la previsi\u00f3n de ingresos para el 2023 es correcta. Tambi\u00e9n aprobamos definitivamente un presupuesto de 6.648.017,55\u20ac para el a\u00f1o 2023&#8221;.<\/em><\/p>\n","protected":false},"excerpt":{"rendered":"<p>Aquest dijous 29 de desembre s&#8217;ha celebrat un Ple extraordinari i urgent a l&#8217;Ajuntament de la Bisbal del Pened\u00e8s. A l&#8217;inici del Ple, s&#8217;ha disculpat l&#8217;assist\u00e8ncia de les regidores Judith &hellip; <a href=\"https:\/\/bisbalpenedes.com\/web\/2022\/12\/30\/aquest-dijous-29-de-desembre-sha-celebrat-un-ple-extraordinari-i-urgent-a-lajuntament-de-la-bisbal-del-penedes\/\" class=\"more-link\">Read More<\/a><\/p>\n","protected":false},"author":4,"featured_media":24550,"comment_status":"closed","ping_status":"closed","sticky":false,"template":"","format":"standard","meta":[],"categories":[8,2251,2250],"tags":[459,393,423,3963],"_links":{"self":[{"href":"https:\/\/bisbalpenedes.com\/web\/wp-json\/wp\/v2\/posts\/24549"}],"collection":[{"href":"https:\/\/bisbalpenedes.com\/web\/wp-json\/wp\/v2\/posts"}],"about":[{"href":"https:\/\/bisbalpenedes.com\/web\/wp-json\/wp\/v2\/types\/post"}],"author":[{"embeddable":true,"href":"https:\/\/bisbalpenedes.com\/web\/wp-json\/wp\/v2\/users\/4"}],"replies":[{"embeddable":true,"href":"https:\/\/bisbalpenedes.com\/web\/wp-json\/wp\/v2\/comments?post=24549"}],"version-history":[{"count":2,"href":"https:\/\/bisbalpenedes.com\/web\/wp-json\/wp\/v2\/posts\/24549\/revisions"}],"predecessor-version":[{"id":24565,"href":"https:\/\/bisbalpenedes.com\/web\/wp-json\/wp\/v2\/posts\/24549\/revisions\/24565"}],"wp:featuredmedia":[{"embeddable":true,"href":"https:\/\/bisbalpenedes.com\/web\/wp-json\/wp\/v2\/media\/24550"}],"wp:attachment":[{"href":"https:\/\/bisbalpenedes.com\/web\/wp-json\/wp\/v2\/media?parent=24549"}],"wp:term":[{"taxonomy":"category","embeddable":true,"href":"https:\/\/bisbalpenedes.com\/web\/wp-json\/wp\/v2\/categories?post=24549"},{"taxonomy":"post_tag","embeddable":true,"href":"https:\/\/bisbalpenedes.com\/web\/wp-json\/wp\/v2\/tags?post=24549"}],"curies":[{"name":"wp","href":"https:\/\/api.w.org\/{rel}","templated":true}]}}