{"id":24543,"date":"2022-12-30T13:35:09","date_gmt":"2022-12-30T11:35:09","guid":{"rendered":"https:\/\/bisbalpenedes.com\/web\/?p=24543"},"modified":"2022-12-30T13:36:00","modified_gmt":"2022-12-30T11:36:00","slug":"sadjudica-ladquisicio-de-mobiliari-per-a-les-oficines-municipals-i-el-cmc","status":"publish","type":"post","link":"https:\/\/bisbalpenedes.com\/web\/2022\/12\/30\/sadjudica-ladquisicio-de-mobiliari-per-a-les-oficines-municipals-i-el-cmc\/","title":{"rendered":"<strong>S&#8217;adjudica l&#8217;adquisici\u00f3 de mobiliari per a les oficines municipals i el CMC<\/strong>"},"content":{"rendered":"\n<p>La Junta de govern del 27 de desembre va adjudicar la compra de mobiliari per a les oficines municipals i el Centre Municipal de Cultura a l&#8217;empresa F. Vidal S.A. per un import de 15.397,65\u20ac (IVA incl\u00f2s).<\/p>\n\n\n\n<p>El mobiliari actual d&#8217;ambd\u00f3s edificis es va adquirir l&#8217;any 1992, amb la inauguraci\u00f3 del nou edifici municipal. Durant tots aquests anys, s&#8217;han fet variacions en els equipaments i a la casa consistorial per poder cobrir les necessitats que han anat sorgint amb l&#8217;increment de personal i de serveis al ciutad\u00e0. Per tot plegat, es va tirar endavant una licitaci\u00f3 en la qual s&#8217;hi han presentat sis empreses. El contracte se li ha adjudicat a l&#8217;empresa que ha obtingut m\u00e9s puntuaci\u00f3, F. Vidal S.A.<\/p>\n\n\n\n<hr class=\"wp-block-separator has-alpha-channel-opacity\"\/>\n\n\n\n<p><strong>CASTELLANO |<\/strong> La Junta de gobierno del 27 de diciembre adjudic\u00f3 la compra de mobiliario para las oficinas municipales y el Centre Municipal de Cultura a la empresa F. Vidal S.A. por un importe de 15.397,65\u20ac (IVA incluido). El mobiliario actual de ambos edificios se adquiri\u00f3 en el a\u00f1o 1992, con la inauguraci\u00f3n del nuevo edificio municipal. Durante todos estos a\u00f1os, se han realizado variaciones en los equipamientos y en la casa consistorial para poder cubrir las necesidades que han ido surgiendo con el incremento de personal y de servicios al ciudadano. Por todo ello, se sac\u00f3 adelante una licitaci\u00f3n en la que se han presentado seis empresas. El contrato se le ha adjudicado a la empresa que ha obtenido m\u00e1s puntuaci\u00f3n<\/p>\n","protected":false},"excerpt":{"rendered":"<p>La Junta de govern del 27 de desembre va adjudicar la compra de mobiliari per a les oficines municipals i el Centre Municipal de Cultura a l&#8217;empresa F. Vidal S.A. &hellip; <a href=\"https:\/\/bisbalpenedes.com\/web\/2022\/12\/30\/sadjudica-ladquisicio-de-mobiliari-per-a-les-oficines-municipals-i-el-cmc\/\" class=\"more-link\">Read More<\/a><\/p>\n","protected":false},"author":4,"featured_media":14717,"comment_status":"closed","ping_status":"closed","sticky":false,"template":"","format":"standard","meta":[],"categories":[2402,3085,8],"tags":[216,2930,393,2605],"_links":{"self":[{"href":"https:\/\/bisbalpenedes.com\/web\/wp-json\/wp\/v2\/posts\/24543"}],"collection":[{"href":"https:\/\/bisbalpenedes.com\/web\/wp-json\/wp\/v2\/posts"}],"about":[{"href":"https:\/\/bisbalpenedes.com\/web\/wp-json\/wp\/v2\/types\/post"}],"author":[{"embeddable":true,"href":"https:\/\/bisbalpenedes.com\/web\/wp-json\/wp\/v2\/users\/4"}],"replies":[{"embeddable":true,"href":"https:\/\/bisbalpenedes.com\/web\/wp-json\/wp\/v2\/comments?post=24543"}],"version-history":[{"count":1,"href":"https:\/\/bisbalpenedes.com\/web\/wp-json\/wp\/v2\/posts\/24543\/revisions"}],"predecessor-version":[{"id":24544,"href":"https:\/\/bisbalpenedes.com\/web\/wp-json\/wp\/v2\/posts\/24543\/revisions\/24544"}],"wp:featuredmedia":[{"embeddable":true,"href":"https:\/\/bisbalpenedes.com\/web\/wp-json\/wp\/v2\/media\/14717"}],"wp:attachment":[{"href":"https:\/\/bisbalpenedes.com\/web\/wp-json\/wp\/v2\/media?parent=24543"}],"wp:term":[{"taxonomy":"category","embeddable":true,"href":"https:\/\/bisbalpenedes.com\/web\/wp-json\/wp\/v2\/categories?post=24543"},{"taxonomy":"post_tag","embeddable":true,"href":"https:\/\/bisbalpenedes.com\/web\/wp-json\/wp\/v2\/tags?post=24543"}],"curies":[{"name":"wp","href":"https:\/\/api.w.org\/{rel}","templated":true}]}}