{"id":24535,"date":"2022-12-30T13:00:58","date_gmt":"2022-12-30T11:00:58","guid":{"rendered":"https:\/\/bisbalpenedes.com\/web\/?p=24535"},"modified":"2022-12-30T13:36:36","modified_gmt":"2022-12-30T11:36:36","slug":"saprova-latorgament-de-1-300e-a-lassociacio-amatista-en-el-marc-de-la-convocatoria-de-subvencions-per-a-entitats-i-associacions-per-a-l-2022","status":"publish","type":"post","link":"https:\/\/bisbalpenedes.com\/web\/2022\/12\/30\/saprova-latorgament-de-1-300e-a-lassociacio-amatista-en-el-marc-de-la-convocatoria-de-subvencions-per-a-entitats-i-associacions-per-a-l-2022\/","title":{"rendered":"<strong>S&#8217;aprova l&#8217;atorgament de 1.300\u20ac a l&#8217;Associaci\u00f3 Amatista en el marc de la convocat\u00f2ria de subvencions per a entitats i associacions per a l 2022<\/strong>"},"content":{"rendered":"\n<p>La Junta de govern del 27 de desembre va aprovar la concessi\u00f3 de 1.300\u20ac de subvenci\u00f3 a l&#8217;Associaci\u00f3 Amatista de la Bisbal amb l&#8217;objectiu de donar suport en el finan\u00e7ament de les activitats i despeses ordin\u00e0ries de les entitats i associacions. Aquesta ha estat l&#8217;\u00fanica entitat que ha presentat sol\u00b7licitud a la convocat\u00f2ria de subvencions, que ha estat oberta fins al 21 de desembre.<\/p>\n\n\n\n<p>L&#8217;Associaci\u00f3 Amatista \u00e9s una entitat creada i registrada al registre d&#8217;entitats de l&#8217;Ajuntament el setembre de 2022. Es tracta d&#8217;una associaci\u00f3 que persegueix el prop\u00f2sit donar suport a persones que tenen la responsabilitat de ser cuidadores principals de familiars, perqu\u00e8 puguin transmutar les estones de malestar en moments de benestar.<\/p>\n\n\n\n<hr class=\"wp-block-separator has-alpha-channel-opacity\"\/>\n\n\n\n<p>La Junta de gobierno del 27 de diciembre aprob\u00f3 la concesi\u00f3n de 1.300\u20ac de subvenci\u00f3n a la Associaci\u00f3 Amatista de la Bisbal con el objetivo de apoyar en la financiaci\u00f3n de las actividades y gastos ordinarios de las entidades y asociaciones. Esta ha sido la \u00fanica entidad que ha presentado solicitud a la convocatoria de subvenciones, que ha estado abierta hasta el 21 de diciembre.<\/p>\n\n\n\n<p>La Associaci\u00f3 Amatista es una entidad creada y registrada en el registro de entidades del Ayuntamiento en septiembre de 2022. Se trata de una asociaci\u00f3n que persigue el prop\u00f3sito de apoyar a las personas que tienen la responsabilidad de ser cuidadoras principales de familiares, para que puedan transmutar los ratos de malestar en momentos de bienestar.<\/p>\n","protected":false},"excerpt":{"rendered":"<p>La Junta de govern del 27 de desembre va aprovar la concessi\u00f3 de 1.300\u20ac de subvenci\u00f3 a l&#8217;Associaci\u00f3 Amatista de la Bisbal amb l&#8217;objectiu de donar suport en el finan\u00e7ament &hellip; <a href=\"https:\/\/bisbalpenedes.com\/web\/2022\/12\/30\/saprova-latorgament-de-1-300e-a-lassociacio-amatista-en-el-marc-de-la-convocatoria-de-subvencions-per-a-entitats-i-associacions-per-a-l-2022\/\" class=\"more-link\">Read More<\/a><\/p>\n","protected":false},"author":4,"featured_media":24536,"comment_status":"closed","ping_status":"closed","sticky":false,"template":"","format":"standard","meta":[],"categories":[13,20,3085,8],"tags":[],"_links":{"self":[{"href":"https:\/\/bisbalpenedes.com\/web\/wp-json\/wp\/v2\/posts\/24535"}],"collection":[{"href":"https:\/\/bisbalpenedes.com\/web\/wp-json\/wp\/v2\/posts"}],"about":[{"href":"https:\/\/bisbalpenedes.com\/web\/wp-json\/wp\/v2\/types\/post"}],"author":[{"embeddable":true,"href":"https:\/\/bisbalpenedes.com\/web\/wp-json\/wp\/v2\/users\/4"}],"replies":[{"embeddable":true,"href":"https:\/\/bisbalpenedes.com\/web\/wp-json\/wp\/v2\/comments?post=24535"}],"version-history":[{"count":1,"href":"https:\/\/bisbalpenedes.com\/web\/wp-json\/wp\/v2\/posts\/24535\/revisions"}],"predecessor-version":[{"id":24537,"href":"https:\/\/bisbalpenedes.com\/web\/wp-json\/wp\/v2\/posts\/24535\/revisions\/24537"}],"wp:featuredmedia":[{"embeddable":true,"href":"https:\/\/bisbalpenedes.com\/web\/wp-json\/wp\/v2\/media\/24536"}],"wp:attachment":[{"href":"https:\/\/bisbalpenedes.com\/web\/wp-json\/wp\/v2\/media?parent=24535"}],"wp:term":[{"taxonomy":"category","embeddable":true,"href":"https:\/\/bisbalpenedes.com\/web\/wp-json\/wp\/v2\/categories?post=24535"},{"taxonomy":"post_tag","embeddable":true,"href":"https:\/\/bisbalpenedes.com\/web\/wp-json\/wp\/v2\/tags?post=24535"}],"curies":[{"name":"wp","href":"https:\/\/api.w.org\/{rel}","templated":true}]}}