{"id":24528,"date":"2022-12-30T12:40:42","date_gmt":"2022-12-30T10:40:42","guid":{"rendered":"https:\/\/bisbalpenedes.com\/web\/?p=24528"},"modified":"2022-12-30T13:37:18","modified_gmt":"2022-12-30T11:37:18","slug":"saprova-declarar-desertes-les-convocatories-per-a-nous-autonoms-i-per-a-la-creacio-de-llocs-de-treball-2021","status":"publish","type":"post","link":"https:\/\/bisbalpenedes.com\/web\/2022\/12\/30\/saprova-declarar-desertes-les-convocatories-per-a-nous-autonoms-i-per-a-la-creacio-de-llocs-de-treball-2021\/","title":{"rendered":"<strong>S&#8217;aprova declarar desertes les convocat\u00f2ries per a nous aut\u00f2noms i per a la creaci\u00f3 de llocs de treball 2021<\/strong>"},"content":{"rendered":"\n<p>La Junta de govern del 27 de desembre ha aprovat declarar desertes les convocat\u00f2ries de subvencions d&#8217;ocupaci\u00f3: per a les persones desocupades que s&#8217;hagin establert com a aut\u00f2nomes per a la posada en marxa d&#8217;una activitat econ\u00f2mica entre l&#8217;1 de gener de 2021 i el 31 de desembre de 2021; i per a les empreses instal\u00b7lades al municipi que hagin creat ocupaci\u00f3 amb persones desocupades de la Bisbal -amb un increment de personal- durant el 2021.<\/p>\n\n\n\n<p>Les sol\u00b7licituds per a ambdues subvencions es podien presentar del 22 de novembre al 21 de desembre de 2022 (ambd\u00f3s inclosos). Com que no s&#8217;ha presentat cap sol\u00b7licitud, s&#8217;ha aprovat declarar desertes les convocat\u00f2ries.<\/p>\n\n\n\n<hr class=\"wp-block-separator has-alpha-channel-opacity\"\/>\n\n\n\n<p>La Junta de gobierno del 27 de diciembre ha aprobado declarar desiertas las convocatorias de subvenciones de ocupaci\u00f3n: para las personas desocupadas que se hayan establecido como aut\u00f3nomas para la puesta en marcha de una actividad econ\u00f3mica entre el 1 de enero de 2021 y el 31 de diciembre de 2021; y para las empresas instaladas en el municipio que hayan creado ocupaci\u00f3n con personas desocupadas de la Bisbal -con un incremento del personal- durante el 2021.<\/p>\n\n\n\n<p>Las solicitudes para ambas subvenciones se pod\u00edan presentar del 22 de noviembre al 21 de diciembre de 2022 (ambos incluidos). Como no se ha presentado ninguna solicitud, se ha aprobado declarar desiertas las convocatorias.<\/p>\n","protected":false},"excerpt":{"rendered":"<p>La Junta de govern del 27 de desembre ha aprovat declarar desertes les convocat\u00f2ries de subvencions d&#8217;ocupaci\u00f3: per a les persones desocupades que s&#8217;hagin establert com a aut\u00f2nomes per a &hellip; <a href=\"https:\/\/bisbalpenedes.com\/web\/2022\/12\/30\/saprova-declarar-desertes-les-convocatories-per-a-nous-autonoms-i-per-a-la-creacio-de-llocs-de-treball-2021\/\" class=\"more-link\">Read More<\/a><\/p>\n","protected":false},"author":4,"featured_media":24529,"comment_status":"closed","ping_status":"closed","sticky":false,"template":"","format":"standard","meta":[],"categories":[3822,3085,8],"tags":[4412,2848,393,102],"_links":{"self":[{"href":"https:\/\/bisbalpenedes.com\/web\/wp-json\/wp\/v2\/posts\/24528"}],"collection":[{"href":"https:\/\/bisbalpenedes.com\/web\/wp-json\/wp\/v2\/posts"}],"about":[{"href":"https:\/\/bisbalpenedes.com\/web\/wp-json\/wp\/v2\/types\/post"}],"author":[{"embeddable":true,"href":"https:\/\/bisbalpenedes.com\/web\/wp-json\/wp\/v2\/users\/4"}],"replies":[{"embeddable":true,"href":"https:\/\/bisbalpenedes.com\/web\/wp-json\/wp\/v2\/comments?post=24528"}],"version-history":[{"count":1,"href":"https:\/\/bisbalpenedes.com\/web\/wp-json\/wp\/v2\/posts\/24528\/revisions"}],"predecessor-version":[{"id":24530,"href":"https:\/\/bisbalpenedes.com\/web\/wp-json\/wp\/v2\/posts\/24528\/revisions\/24530"}],"wp:featuredmedia":[{"embeddable":true,"href":"https:\/\/bisbalpenedes.com\/web\/wp-json\/wp\/v2\/media\/24529"}],"wp:attachment":[{"href":"https:\/\/bisbalpenedes.com\/web\/wp-json\/wp\/v2\/media?parent=24528"}],"wp:term":[{"taxonomy":"category","embeddable":true,"href":"https:\/\/bisbalpenedes.com\/web\/wp-json\/wp\/v2\/categories?post=24528"},{"taxonomy":"post_tag","embeddable":true,"href":"https:\/\/bisbalpenedes.com\/web\/wp-json\/wp\/v2\/tags?post=24528"}],"curies":[{"name":"wp","href":"https:\/\/api.w.org\/{rel}","templated":true}]}}