{"id":24516,"date":"2022-12-30T11:09:47","date_gmt":"2022-12-30T09:09:47","guid":{"rendered":"https:\/\/bisbalpenedes.com\/web\/?p=24516"},"modified":"2022-12-30T11:14:56","modified_gmt":"2022-12-30T09:14:56","slug":"lera-de-batre-compta-amb-un-nou-cartell-informatiu-sobre-lantic-cami-ramader-de-la-carrerada-de-mas-bartomeu","status":"publish","type":"post","link":"https:\/\/bisbalpenedes.com\/web\/2022\/12\/30\/lera-de-batre-compta-amb-un-nou-cartell-informatiu-sobre-lantic-cami-ramader-de-la-carrerada-de-mas-bartomeu\/","title":{"rendered":"L&#8217;Era de Batre compta amb un nou panell informatiu sobre l&#8217;antic cam\u00ed ramader de la carrerada de Mas Bartomeu"},"content":{"rendered":"\n<p>Des de fa uns dies, l&#8217;Era de Batre compta amb un nou panell informatiu de la carrerada de Mas Bartomeu, gr\u00e0cies a la iniciativa de la conselleria de Turisme del Consell Comarcal del Baix Pened\u00e8s.<\/p>\n\n\n\n<p>El Consell Comarcal ha recuperat l&#8217;antiga carrerada que uneix la costa penedesenca amb l&#8217;interior amb el doble objectiu de preservar la mem\u00f2ria hist\u00f2rica i potenciar el turisme de la Marca Pened\u00e8s. D&#8217;aquesta manera, s&#8217;aconsegueix mantenir viu el record de temps passats i tamb\u00e9 es pot transmetre, a les generacions m\u00e9s joves, l&#8217;origen de la societat que han heretat.<\/p>\n\n\n\n<p>El cartell que s&#8217;ha instal\u00b7lat a l&#8217;Era de Batre (al costat del cartell informatiu sobre el cam\u00ed a Sant Mag\u00ed de la Brufaganya) ofereix informaci\u00f3 sobre el Pened\u00e8s, la ramaderia i la transhum\u00e0ncia al nostre territori, les transformacions econ\u00f2miques del segle XX i la Carrerada de Mas Bartomeu que, segons explica el mateix cartell &#8220;desemboca a la platja de les Madrigueres del Vendrell, passant per la Riera de la Bisbal&#8221;. Al cartell tamb\u00e9 trobareu informaci\u00f3 sobre la resta de camins ramaders de la comarca.<\/p>\n\n\n\n<hr class=\"wp-block-separator has-alpha-channel-opacity\"\/>\n\n\n\n<p><strong>CASTELLANO | <\/strong>Desde hace unos d\u00edas, la Era de Batre cuenta con un nuevo panel informativo de la ca\u00f1ada de Mas Bartomeu, gracias a la iniciativa de la consejer\u00eda de Turismo del Consell Comarcal del Baix Pened\u00e8s.<\/p>\n\n\n\n<p>El Consell Comarcal ha recuperado la antigua ca\u00f1ada que une la costa del Pened\u00e8s con el interior con el doble objetivo de preservar la memoria hist\u00f3rica y potenciar el turismo de la Marca Pened\u00e8s. De esta manera, se consigue mantener vivo el recuerdo de tiempos pasados y tambi\u00e9n se puede transmitir, a las generaciones m\u00e1s j\u00f3venes, el origen de la sociedad que han heredado.<\/p>\n\n\n\n<p>El cartel que se ha instalado en la Era de Batre (al lado del cartel informativo sobre el camino a Sant Mag\u00ed de la Brufaganya) ofrece informaci\u00f3n sobre el Pened\u00e8s, la ganader\u00eda y la trashumancia en nuestro territorio, las transformaciones econ\u00f3micas del siglo XX y la Ca\u00f1ada de Mas Bartomeu que, seg\u00fan explica el mismo cartel, &#8220;desemboca en la playa de las Madrigueres del Vendrell, pasando por la Riera de la Bisbal&#8221;. En el cartel tambi\u00e9n encontrar\u00e9is informaci\u00f3n sobre el resto de caminos ganaderos de la comarca.<\/p>\n","protected":false},"excerpt":{"rendered":"<p>Des de fa uns dies, l&#8217;Era de Batre compta amb un nou panell informatiu de la carrerada de Mas Bartomeu, gr\u00e0cies a la iniciativa de la conselleria de Turisme del &hellip; <a href=\"https:\/\/bisbalpenedes.com\/web\/2022\/12\/30\/lera-de-batre-compta-amb-un-nou-cartell-informatiu-sobre-lantic-cami-ramader-de-la-carrerada-de-mas-bartomeu\/\" class=\"more-link\">Read More<\/a><\/p>\n","protected":false},"author":4,"featured_media":24517,"comment_status":"closed","ping_status":"closed","sticky":false,"template":"","format":"standard","meta":[],"categories":[8,4878],"tags":[459,5710,393,5711,1374,5708,5709],"_links":{"self":[{"href":"https:\/\/bisbalpenedes.com\/web\/wp-json\/wp\/v2\/posts\/24516"}],"collection":[{"href":"https:\/\/bisbalpenedes.com\/web\/wp-json\/wp\/v2\/posts"}],"about":[{"href":"https:\/\/bisbalpenedes.com\/web\/wp-json\/wp\/v2\/types\/post"}],"author":[{"embeddable":true,"href":"https:\/\/bisbalpenedes.com\/web\/wp-json\/wp\/v2\/users\/4"}],"replies":[{"embeddable":true,"href":"https:\/\/bisbalpenedes.com\/web\/wp-json\/wp\/v2\/comments?post=24516"}],"version-history":[{"count":2,"href":"https:\/\/bisbalpenedes.com\/web\/wp-json\/wp\/v2\/posts\/24516\/revisions"}],"predecessor-version":[{"id":24519,"href":"https:\/\/bisbalpenedes.com\/web\/wp-json\/wp\/v2\/posts\/24516\/revisions\/24519"}],"wp:featuredmedia":[{"embeddable":true,"href":"https:\/\/bisbalpenedes.com\/web\/wp-json\/wp\/v2\/media\/24517"}],"wp:attachment":[{"href":"https:\/\/bisbalpenedes.com\/web\/wp-json\/wp\/v2\/media?parent=24516"}],"wp:term":[{"taxonomy":"category","embeddable":true,"href":"https:\/\/bisbalpenedes.com\/web\/wp-json\/wp\/v2\/categories?post=24516"},{"taxonomy":"post_tag","embeddable":true,"href":"https:\/\/bisbalpenedes.com\/web\/wp-json\/wp\/v2\/tags?post=24516"}],"curies":[{"name":"wp","href":"https:\/\/api.w.org\/{rel}","templated":true}]}}