{"id":24511,"date":"2022-12-29T14:13:34","date_gmt":"2022-12-29T12:13:34","guid":{"rendered":"https:\/\/bisbalpenedes.com\/web\/?p=24511"},"modified":"2022-12-29T14:13:34","modified_gmt":"2022-12-29T12:13:34","slug":"el-dimarts-10-de-gener-torna-el-club-de-lectura-conduit-pel-periodista-llorenc-avino","status":"publish","type":"post","link":"https:\/\/bisbalpenedes.com\/web\/2022\/12\/29\/el-dimarts-10-de-gener-torna-el-club-de-lectura-conduit-pel-periodista-llorenc-avino\/","title":{"rendered":"El dimarts 10 de gener torna el club de lectura condu\u00eft pel periodista Lloren\u00e7 Avi\u00f1\u00f3"},"content":{"rendered":"\n<p>Aquest gener tornen les sessions del Club de Lectura amb el Lloren\u00e7 Avi\u00f1\u00f3. Aquesta nova temporada, el club es far\u00e0 els dimarts. La primera sessi\u00f3 ser\u00e0 la del 10 de gener. Us hi esperem!<\/p>\n\n\n\n<hr class=\"wp-block-separator has-alpha-channel-opacity\"\/>\n\n\n\n<p>Este enero vuelven las sesiones del Club de Lectura con Lloren\u00e7 Avi\u00f1o. Esta nueva temporada, el club se har\u00e1 los martes. La primera sesi\u00f3n ser\u00e1 la del 10 de enero. \u00a1Os esperamos!<\/p>\n","protected":false},"excerpt":{"rendered":"<p>Aquest gener tornen les sessions del Club de Lectura amb el Lloren\u00e7 Avi\u00f1\u00f3. Aquesta nova temporada, el club es far\u00e0 els dimarts. La primera sessi\u00f3 ser\u00e0 la del 10 de &hellip; <a href=\"https:\/\/bisbalpenedes.com\/web\/2022\/12\/29\/el-dimarts-10-de-gener-torna-el-club-de-lectura-conduit-pel-periodista-llorenc-avino\/\" class=\"more-link\">Read More<\/a><\/p>\n","protected":false},"author":4,"featured_media":24512,"comment_status":"closed","ping_status":"closed","sticky":false,"template":"","format":"standard","meta":[],"categories":[13,8],"tags":[412,3654,393,2458],"_links":{"self":[{"href":"https:\/\/bisbalpenedes.com\/web\/wp-json\/wp\/v2\/posts\/24511"}],"collection":[{"href":"https:\/\/bisbalpenedes.com\/web\/wp-json\/wp\/v2\/posts"}],"about":[{"href":"https:\/\/bisbalpenedes.com\/web\/wp-json\/wp\/v2\/types\/post"}],"author":[{"embeddable":true,"href":"https:\/\/bisbalpenedes.com\/web\/wp-json\/wp\/v2\/users\/4"}],"replies":[{"embeddable":true,"href":"https:\/\/bisbalpenedes.com\/web\/wp-json\/wp\/v2\/comments?post=24511"}],"version-history":[{"count":1,"href":"https:\/\/bisbalpenedes.com\/web\/wp-json\/wp\/v2\/posts\/24511\/revisions"}],"predecessor-version":[{"id":24513,"href":"https:\/\/bisbalpenedes.com\/web\/wp-json\/wp\/v2\/posts\/24511\/revisions\/24513"}],"wp:featuredmedia":[{"embeddable":true,"href":"https:\/\/bisbalpenedes.com\/web\/wp-json\/wp\/v2\/media\/24512"}],"wp:attachment":[{"href":"https:\/\/bisbalpenedes.com\/web\/wp-json\/wp\/v2\/media?parent=24511"}],"wp:term":[{"taxonomy":"category","embeddable":true,"href":"https:\/\/bisbalpenedes.com\/web\/wp-json\/wp\/v2\/categories?post=24511"},{"taxonomy":"post_tag","embeddable":true,"href":"https:\/\/bisbalpenedes.com\/web\/wp-json\/wp\/v2\/tags?post=24511"}],"curies":[{"name":"wp","href":"https:\/\/api.w.org\/{rel}","templated":true}]}}