{"id":24500,"date":"2022-12-29T12:51:18","date_gmt":"2022-12-29T10:51:18","guid":{"rendered":"https:\/\/bisbalpenedes.com\/web\/?p=24500"},"modified":"2022-12-29T12:54:05","modified_gmt":"2022-12-29T10:54:05","slug":"sobre-la-convocatoria-duna-placa-denginyer-a-a-lajuntament-de-la-bisbal-del-penedes-en-regim-funcionari-aria-de-carrera-per-concurs-oposicio","status":"publish","type":"post","link":"https:\/\/bisbalpenedes.com\/web\/2022\/12\/29\/sobre-la-convocatoria-duna-placa-denginyer-a-a-lajuntament-de-la-bisbal-del-penedes-en-regim-funcionari-aria-de-carrera-per-concurs-oposicio\/","title":{"rendered":"S\u2019obre la convocat\u00f2ria d\u2019una pla\u00e7a d\u2019enginyer\/a a l\u2019Ajuntament de la Bisbal del Pened\u00e8s, en r\u00e8gim funcionari\/\u00e0ria de carrera, per concurs oposici\u00f3"},"content":{"rendered":"\n<p>Avui dijous 29 de desembre s\u2019ha obert la convocat\u00f2ria d\u2019una pla\u00e7a d\u2019enginyer\/a, subgrup A2, en r\u00e8gim de funcionari\/\u00e0ria de carrera, inclosa en l\u2019oferta p\u00fablica d\u2019ocupaci\u00f3 per a l\u2019estabilitzaci\u00f3 de l\u2019ocupaci\u00f3 temporal. El termini per presentar-se a la convocat\u00f2ria finalitzar\u00e0 el dijous 26 de gener de 2023 (incl\u00f2s).<\/p>\n\n\n\n<p>Funcions generals:<\/p>\n\n\n\n<ul><li>Elaboraci\u00f3 i redacci\u00f3 de projectes t\u00e8cnics, mem\u00f2ries, pl\u00e0nols, amidaments, pressupostos, documents t\u00e8cnics i plecs de prescripcions t\u00e8cniques.<\/li><li>Elaboraci\u00f3 i coordinaci\u00f3 de plans de seguretat i salut de les obres municipals.<\/li><li>Direcci\u00f3, coordinaci\u00f3, supervisi\u00f3, control i certificaci\u00f3 d&#8217;obres p\u00fabliques i d&#8217;infraestructures de serveis.<\/li><li>Seguiment i control de les concessions municipals dels serveis b\u00e0sics, de l&#8217;estat dels elements dels espais p\u00fablics i de les instal\u00b7lacions municipals.<\/li><li>Emissi\u00f3 d&#8217;informes per a l&#8217;atorgament de llic\u00e8ncies d&#8217;activitat i d&#8217;instal\u00b7lacions, construccions i obres; en mat\u00e8ria de medi ambient i salut p\u00fablica i sobre mat\u00e8ries corresponents a la seva \u00e0rea de treball.<\/li><li>Elaboraci\u00f3 i preparaci\u00f3 de documentaci\u00f3 per a la sol\u00b7licitud de subvencions corresponents a la seva \u00e0rea de treball.<\/li><li>Assessorament t\u00e8cnic en assumptes corresponents a la seva \u00e0rea de treball i qualsevol altra funci\u00f3 que li sigui encomanada d&#8217;acord amb el seu nivell de titulaci\u00f3 i grup de classificaci\u00f3 professional.<\/li><\/ul>\n\n\n\n<p>Enlla\u00e7 al Diari Oficial de la Generalitat (DOGC) amb tota la informaci\u00f3:<\/p>\n\n\n\n<p><a href=\"https:\/\/dogc.gencat.cat\/ca\/document-del-dogc\/?documentId=947040\">https:\/\/dogc.gencat.cat\/ca\/document-del-dogc\/?documentId=947040<\/a><\/p>\n\n\n\n<p>Es crear\u00e0 una borsa de treball amb les persones aspirants que hagin superat el proc\u00e9s selectiu i no resultin nomenades. Ser\u00e0 una borsa per cobrir vacants temporals (com per exemple baixes) o per atendre necessitats urgents.<\/p>\n\n\n\n<hr class=\"wp-block-separator has-alpha-channel-opacity\"\/>\n\n\n\n<p><strong>CASTELLANO |<\/strong> Hoy jueves 29 de diciembre se ha abierto la convocatoria de una plaza de ingeniero\/a, subgrupo A2 en r\u00e9gimen de funcionario\/a de carrera, incluida en la oferta p\u00fablica de ocupaci\u00f3n para la estabilizaci\u00f3n de la ocupaci\u00f3n temporal. El plazo para presentarse a la convocatoria finalizar\u00e1 el jueves 26 de enero de 2023 (incluido).<\/p>\n\n\n\n<p>Funciones generales:<\/p>\n\n\n\n<ul><li>Elaboraci\u00f3n y redacci\u00f3n de proyectos t\u00e9cnicos, memorias, planos, mediciones, presupuestos, documentos t\u00e9cnicos y pliegos de prescripciones t\u00e9cnicas.<\/li><li>Elaboraci\u00f3n y coordinaci\u00f3n de planes de seguridad y salud de las obras municipales.<\/li><li>Direcci\u00f3n, coordinaci\u00f3n, supervisi\u00f3n, control y certificaci\u00f3n de obras p\u00fablicas y de infraestructuras de servicios.<\/li><li>Seguimiento y control de las concesiones municipales de los servicios b\u00e1sicos, del estado de los elementos de los espacios p\u00fablicos y de las instalaciones municipales.<\/li><li>Emisi\u00f3n de informes para el otorgamiento de licencias de actividad y de instalaciones, construcciones y obras; en materia de medio ambiente y salud p\u00fablica y sobre materias correspondientes a su \u00e1rea de trabajo.<\/li><li>Elaboraci\u00f3n y preparaci\u00f3n de documentaci\u00f3n para la solicitud de subvenciones correspondientes a su \u00e1rea de trabajo.<\/li><li>Asesoramiento t\u00e9cnico en asuntos correspondientes a su \u00e1rea de trabajo y cualquier otra funci\u00f3n que le sea encomendada de acuerdo con su nivel de titulaci\u00f3n y grupo de clasificaci\u00f3n profesional.<\/li><\/ul>\n\n\n\n<p>Enlace al Diario Oficial de la Generalitat (DOGC) con toda la informaci\u00f3n:<\/p>\n\n\n\n<p><a href=\"https:\/\/dogc.gencat.cat\/ca\/document-del-dogc\/?documentId=947040\">https:\/\/dogc.gencat.cat\/ca\/document-del-dogc\/?documentId=947040<\/a><\/p>\n\n\n\n<p>Se crear\u00e1 una bolsa de trabajo con las personas aspirantes que hayan superado el proceso selectivo y no resulten nombradas. Ser\u00e1 una bolsa para cubrir vacantes temporales (como por ejemplo bajas) o para atender necesidades urgentes.<\/p>\n","protected":false},"excerpt":{"rendered":"<p>Avui dijous 29 de desembre s\u2019ha obert la convocat\u00f2ria d\u2019una pla\u00e7a d\u2019enginyer\/a, subgrup A2, en r\u00e8gim de funcionari\/\u00e0ria de carrera, inclosa en l\u2019oferta p\u00fablica d\u2019ocupaci\u00f3 per a l\u2019estabilitzaci\u00f3 de l\u2019ocupaci\u00f3 &hellip; <a href=\"https:\/\/bisbalpenedes.com\/web\/2022\/12\/29\/sobre-la-convocatoria-duna-placa-denginyer-a-a-lajuntament-de-la-bisbal-del-penedes-en-regim-funcionari-aria-de-carrera-per-concurs-oposicio\/\" class=\"more-link\">Read More<\/a><\/p>\n","protected":false},"author":4,"featured_media":24501,"comment_status":"closed","ping_status":"closed","sticky":false,"template":"","format":"standard","meta":[],"categories":[2402,8],"tags":[459,5705,5706,393],"_links":{"self":[{"href":"https:\/\/bisbalpenedes.com\/web\/wp-json\/wp\/v2\/posts\/24500"}],"collection":[{"href":"https:\/\/bisbalpenedes.com\/web\/wp-json\/wp\/v2\/posts"}],"about":[{"href":"https:\/\/bisbalpenedes.com\/web\/wp-json\/wp\/v2\/types\/post"}],"author":[{"embeddable":true,"href":"https:\/\/bisbalpenedes.com\/web\/wp-json\/wp\/v2\/users\/4"}],"replies":[{"embeddable":true,"href":"https:\/\/bisbalpenedes.com\/web\/wp-json\/wp\/v2\/comments?post=24500"}],"version-history":[{"count":5,"href":"https:\/\/bisbalpenedes.com\/web\/wp-json\/wp\/v2\/posts\/24500\/revisions"}],"predecessor-version":[{"id":24506,"href":"https:\/\/bisbalpenedes.com\/web\/wp-json\/wp\/v2\/posts\/24500\/revisions\/24506"}],"wp:featuredmedia":[{"embeddable":true,"href":"https:\/\/bisbalpenedes.com\/web\/wp-json\/wp\/v2\/media\/24501"}],"wp:attachment":[{"href":"https:\/\/bisbalpenedes.com\/web\/wp-json\/wp\/v2\/media?parent=24500"}],"wp:term":[{"taxonomy":"category","embeddable":true,"href":"https:\/\/bisbalpenedes.com\/web\/wp-json\/wp\/v2\/categories?post=24500"},{"taxonomy":"post_tag","embeddable":true,"href":"https:\/\/bisbalpenedes.com\/web\/wp-json\/wp\/v2\/tags?post=24500"}],"curies":[{"name":"wp","href":"https:\/\/api.w.org\/{rel}","templated":true}]}}