{"id":24491,"date":"2022-12-28T14:45:48","date_gmt":"2022-12-28T12:45:48","guid":{"rendered":"https:\/\/bisbalpenedes.com\/web\/?p=24491"},"modified":"2022-12-28T14:49:26","modified_gmt":"2022-12-28T12:49:26","slug":"el-dijous-29-de-desembre-tindra-lloc-un-ple-extraordinari-de-caracter-urgent-a-lajuntament-de-la-bisbal-del-penedes","status":"publish","type":"post","link":"https:\/\/bisbalpenedes.com\/web\/2022\/12\/28\/el-dijous-29-de-desembre-tindra-lloc-un-ple-extraordinari-de-caracter-urgent-a-lajuntament-de-la-bisbal-del-penedes\/","title":{"rendered":"El dijous 29 de desembre tindr\u00e0 lloc un Ple extraordinari de car\u00e0cter urgent a l\u2019Ajuntament de La Bisbal del Pened\u00e8s"},"content":{"rendered":"\n<p>Avui dimecres s\u2019ha convocat un Ple extraordinari i urgent per al dijous 29 de desembre a les 09:00h.&nbsp;<\/p>\n\n\n\n<p>El dijous 29 de desembre, a les 09:00h, tindr\u00e0 lloc un Ple extraordinari i urgent a l\u2019Ajuntament de la Bisbal del Pened\u00e8s. L\u2019ordre del dia \u00e9s el seg\u00fcent:<\/p>\n\n\n\n<ol><li>Aprovar la urg\u00e8ncia de la convocat\u00f2ria de Ple<\/li><li>Desestimar al\u00b7legacions contra el pressupost i aprovar definitivament el pressupost municipal 2023<\/li><\/ol>\n\n\n\n<p>L\u2019alcaldessa de la Bisbal del Pened\u00e8s, Agn\u00e8s Ferr\u00e9, ha explicat que <em>\u201chem convocat aquest ple amb l\u2019objectiu de desestimar les al\u00b7legacions presentades per la regidora d\u2019ERC i el regidor d\u2019Units per la Bisbal al pressupost municipal de 2023. La urg\u00e8ncia ve donada pel fet que, en tractar-se del pressupost 2023, hem de resoldre les al\u00b7legacions abans que acabi l\u2019any perqu\u00e8 el nou pressupost pugui entrar en vigor l\u20191 de gener\u201d.<\/em><\/p>\n\n\n\n<p>&#8212;<\/p>\n\n\n\n<p>Hoy mi\u00e9rcoles se ha convocado un Pleno extraordinario y urgente para el jueves 29 de diciembre a las 09:00h.<\/p>\n\n\n\n<p>El jueves 29 de diciembre, a las 09:00h, tendr\u00e1 lugar un Pleno extraordinario y urgente en el Ayuntamiento de la Bisbal del Pened\u00e8s. El orden del d\u00eda es el siguiente:<\/p>\n\n\n\n<ol><li>Aprobar la urgencia de la convocatoria del Pleno<\/li><li>Desestimar alegaciones contra el presupuesto y aprobar definitivamente el presupuesto municipal 2023.<\/li><\/ol>\n\n\n\n<p>La alcaldesa de la Bisbal del Pened\u00e8s, Agn\u00e8s Ferr\u00e9, ha explicado que <em>&#8220;hemos convocado este pleno con el objetivo de desestimar las alegaciones presentadas por la concejala de ERC y el concejal de Units per la Bisbal al presupuesto municipal de 2023. La urgencia viene dada por el hecho que, en tratarse del presupuesto 2023, tenemos que resolver las alegaciones antes de que se termine el a\u00f1o para que el nuevo presupuesto pueda entrar en vigor el 1 de enero&#8221;.<\/em><\/p>\n","protected":false},"excerpt":{"rendered":"<p>Avui dimecres s\u2019ha convocat un Ple extraordinari i urgent per al dijous 29 de desembre a les 09:00h.&nbsp; El dijous 29 de desembre, a les 09:00h, tindr\u00e0 lloc un Ple &hellip; <a href=\"https:\/\/bisbalpenedes.com\/web\/2022\/12\/28\/el-dijous-29-de-desembre-tindra-lloc-un-ple-extraordinari-de-caracter-urgent-a-lajuntament-de-la-bisbal-del-penedes\/\" class=\"more-link\">Read More<\/a><\/p>\n","protected":false},"author":4,"featured_media":20647,"comment_status":"closed","ping_status":"closed","sticky":false,"template":"","format":"standard","meta":[],"categories":[8,2250],"tags":[139,423,515,522],"_links":{"self":[{"href":"https:\/\/bisbalpenedes.com\/web\/wp-json\/wp\/v2\/posts\/24491"}],"collection":[{"href":"https:\/\/bisbalpenedes.com\/web\/wp-json\/wp\/v2\/posts"}],"about":[{"href":"https:\/\/bisbalpenedes.com\/web\/wp-json\/wp\/v2\/types\/post"}],"author":[{"embeddable":true,"href":"https:\/\/bisbalpenedes.com\/web\/wp-json\/wp\/v2\/users\/4"}],"replies":[{"embeddable":true,"href":"https:\/\/bisbalpenedes.com\/web\/wp-json\/wp\/v2\/comments?post=24491"}],"version-history":[{"count":2,"href":"https:\/\/bisbalpenedes.com\/web\/wp-json\/wp\/v2\/posts\/24491\/revisions"}],"predecessor-version":[{"id":24493,"href":"https:\/\/bisbalpenedes.com\/web\/wp-json\/wp\/v2\/posts\/24491\/revisions\/24493"}],"wp:featuredmedia":[{"embeddable":true,"href":"https:\/\/bisbalpenedes.com\/web\/wp-json\/wp\/v2\/media\/20647"}],"wp:attachment":[{"href":"https:\/\/bisbalpenedes.com\/web\/wp-json\/wp\/v2\/media?parent=24491"}],"wp:term":[{"taxonomy":"category","embeddable":true,"href":"https:\/\/bisbalpenedes.com\/web\/wp-json\/wp\/v2\/categories?post=24491"},{"taxonomy":"post_tag","embeddable":true,"href":"https:\/\/bisbalpenedes.com\/web\/wp-json\/wp\/v2\/tags?post=24491"}],"curies":[{"name":"wp","href":"https:\/\/api.w.org\/{rel}","templated":true}]}}