{"id":24483,"date":"2022-12-27T19:33:50","date_gmt":"2022-12-27T17:33:50","guid":{"rendered":"https:\/\/bisbalpenedes.com\/web\/?p=24483"},"modified":"2022-12-28T14:44:26","modified_gmt":"2022-12-28T12:44:26","slug":"es-presenta-el-cataleg-del-paisatge-del-baix-penedes-lalcaldessa-i-larquitecta-municipal-assisteixen-a-la-presentacio","status":"publish","type":"post","link":"https:\/\/bisbalpenedes.com\/web\/2022\/12\/27\/es-presenta-el-cataleg-del-paisatge-del-baix-penedes-lalcaldessa-i-larquitecta-municipal-assisteixen-a-la-presentacio\/","title":{"rendered":"Es presenta el cat\u00e0leg del paisatge del Baix Pened\u00e8s &#8211; L&#8217;alcaldessa i l&#8217;arquitecta municipal assisteixen a la presentaci\u00f3"},"content":{"rendered":"\n<p>L&#8217;alcaldessa de la Bisbal del Pened\u00e8s, Agn\u00e8s Ferr\u00e9, i l&#8217;arquitecta municipal, van assistir a la presentaci\u00f3 del cat\u00e0leg del paisatge del Baix Pened\u00e8s el passat dimecres 14 de desembre. La presentaci\u00f3 es va fer a la seu del Consell Comarcal i va reunir representants dels municipis de la comarca i del Consell Comarcal del Baix Pened\u00e8s, de la Vegueria del Pened\u00e8s i de la Generalitat de Catalunya.<\/p>\n\n\n\n<p>Recentment, s&#8217;ha presentat el Cat\u00e0leg del paisatge de la vegueria, que incorpora el paisatge del Baix Pened\u00e8s. Es tracta d&#8217;un instrument que recull els valors i l&#8217;estat de conservaci\u00f3 dels diversos paisatges de la vegueria i proposa mesures de preservaci\u00f3. Aquest cat\u00e0leg es va comen\u00e7ar a elaborar fa 8 anys, com a part integrant del Pla territorial del Pened\u00e8s i, aquest pla, est\u00e0 previst que s&#8217;aprovi durant el primer trimestre de 2023. Una vegada estigui aprovat, els ajuntaments de la vegueria rebran el cat\u00e0leg del seu municipi perqu\u00e8 el planejament urb\u00e0 sigui adaptat tenint en compte aquest document i els seus criteris de preservaci\u00f3 del paisatge.<\/p>\n\n\n\n<p>El cat\u00e0leg recull 16 unitats de paisatge diferents a la Vegueria i, el Baix Pened\u00e8s, en t\u00e9 6: El Montmell, el Mass\u00eds de Bonastre, la Plana del Pened\u00e8s, el Litoral del Pened\u00e8s i el Garraf.<\/p>\n\n\n\n<figure class=\"wp-block-image size-full\"><img loading=\"lazy\" width=\"920\" height=\"876\" src=\"https:\/\/bisbalpenedes.com\/web\/wp-content\/uploads\/2022\/12\/221219_Cataleg-paisatge.png\" alt=\"\" class=\"wp-image-24489\" srcset=\"https:\/\/bisbalpenedes.com\/web\/wp-content\/uploads\/2022\/12\/221219_Cataleg-paisatge.png 920w, https:\/\/bisbalpenedes.com\/web\/wp-content\/uploads\/2022\/12\/221219_Cataleg-paisatge-300x286.png 300w, https:\/\/bisbalpenedes.com\/web\/wp-content\/uploads\/2022\/12\/221219_Cataleg-paisatge-768x731.png 768w, https:\/\/bisbalpenedes.com\/web\/wp-content\/uploads\/2022\/12\/221219_Cataleg-paisatge-600x571.png 600w\" sizes=\"(max-width: 920px) 100vw, 920px\" \/><\/figure>\n\n\n\n<hr class=\"wp-block-separator has-alpha-channel-opacity\"\/>\n\n\n\n<p><strong>CASTELLANO |<\/strong> La alcaldesa de la Bisbal del Pened\u00e8s, Agn\u00e8s Ferr\u00e9, y la arquitecta municipal, asistieron a la presentaci\u00f3n del cat\u00e1logo del paisaje del Baix Pened\u00e8s el pasado mi\u00e9rcoles 14 de diciembre. La presentaci\u00f3n se hizo en la sede del Consell Comarcal y reuni\u00f3 a representantes de los municipios de la comarca y del Consell Comarcal del Baix Pened\u00e8s, de la Vegueria del Pened\u00e8s y de la Generalitat de Catalu\u00f1a.<\/p>\n\n\n\n<p>Recientemente, se ha presentado el Cat\u00e1logo del paisaje de la veguer\u00eda, que incorpora el paisaje del Baix Pened\u00e8s. Se trata de un instrumento que recoge los valores y el estado de conservaci\u00f3n de los paisajes diversos de la vegueria y propone medidas de preservaci\u00f3n. Este cat\u00e1logo se empez\u00f3 a elaborar hace 8 a\u00f1os, como parte integrante del Plan de 2023. Una vez est\u00e9 aprobado, los ayuntamientos de la vegueria recibir\u00e1n el cat\u00e1logo de su municipio para que el planeamiento urbano sea adaptado teniendo en cuenta este documento y sus criterios de preservaci\u00f3n del paisaje.<\/p>\n\n\n\n<p>El cat\u00e1logo recoge 16 unidades de paisaje distintas en la Veguer\u00eda y, en el Baix Pened\u00e8s, tiene 6: El Montmell, el Mass\u00eds de Bonastre, la Plana del Pened\u00e8s, el Litoral del Pened\u00e8s y el Garraf.<\/p>\n","protected":false},"excerpt":{"rendered":"<p>L&#8217;alcaldessa de la Bisbal del Pened\u00e8s, Agn\u00e8s Ferr\u00e9, i l&#8217;arquitecta municipal, van assistir a la presentaci\u00f3 del cat\u00e0leg del paisatge del Baix Pened\u00e8s el passat dimecres 14 de desembre. La &hellip; <a href=\"https:\/\/bisbalpenedes.com\/web\/2022\/12\/27\/es-presenta-el-cataleg-del-paisatge-del-baix-penedes-lalcaldessa-i-larquitecta-municipal-assisteixen-a-la-presentacio\/\" class=\"more-link\">Read More<\/a><\/p>\n","protected":false},"author":4,"featured_media":24484,"comment_status":"closed","ping_status":"closed","sticky":false,"template":"","format":"standard","meta":[],"categories":[2057,8,15],"tags":[459,1924,393,146,199,2880],"_links":{"self":[{"href":"https:\/\/bisbalpenedes.com\/web\/wp-json\/wp\/v2\/posts\/24483"}],"collection":[{"href":"https:\/\/bisbalpenedes.com\/web\/wp-json\/wp\/v2\/posts"}],"about":[{"href":"https:\/\/bisbalpenedes.com\/web\/wp-json\/wp\/v2\/types\/post"}],"author":[{"embeddable":true,"href":"https:\/\/bisbalpenedes.com\/web\/wp-json\/wp\/v2\/users\/4"}],"replies":[{"embeddable":true,"href":"https:\/\/bisbalpenedes.com\/web\/wp-json\/wp\/v2\/comments?post=24483"}],"version-history":[{"count":3,"href":"https:\/\/bisbalpenedes.com\/web\/wp-json\/wp\/v2\/posts\/24483\/revisions"}],"predecessor-version":[{"id":24490,"href":"https:\/\/bisbalpenedes.com\/web\/wp-json\/wp\/v2\/posts\/24483\/revisions\/24490"}],"wp:featuredmedia":[{"embeddable":true,"href":"https:\/\/bisbalpenedes.com\/web\/wp-json\/wp\/v2\/media\/24484"}],"wp:attachment":[{"href":"https:\/\/bisbalpenedes.com\/web\/wp-json\/wp\/v2\/media?parent=24483"}],"wp:term":[{"taxonomy":"category","embeddable":true,"href":"https:\/\/bisbalpenedes.com\/web\/wp-json\/wp\/v2\/categories?post=24483"},{"taxonomy":"post_tag","embeddable":true,"href":"https:\/\/bisbalpenedes.com\/web\/wp-json\/wp\/v2\/tags?post=24483"}],"curies":[{"name":"wp","href":"https:\/\/api.w.org\/{rel}","templated":true}]}}