{"id":24479,"date":"2022-12-27T19:28:11","date_gmt":"2022-12-27T17:28:11","guid":{"rendered":"https:\/\/bisbalpenedes.com\/web\/?p=24479"},"modified":"2022-12-27T19:28:55","modified_gmt":"2022-12-27T17:28:55","slug":"la-junta-de-govern-davui-dimarts-conte-una-segona-proposta-amb-competencia-delegada-del-ple","status":"publish","type":"post","link":"https:\/\/bisbalpenedes.com\/web\/2022\/12\/27\/la-junta-de-govern-davui-dimarts-conte-una-segona-proposta-amb-competencia-delegada-del-ple\/","title":{"rendered":"La Junta de govern d\u2019avui dimarts cont\u00e9 una segona proposta amb compet\u00e8ncia delegada del Ple"},"content":{"rendered":"\n<p>Avui s\u2019ha signat una proposta que passar\u00e0 per la Junta de govern ordin\u00e0ria d\u2019avui dimarts 27 de desembre. Aquesta proposta \u00e9s amb compet\u00e8ncia delegada del Ple a la Junta de govern (mitjan\u00e7ant l\u2019acord plenari del 4 de juliol de 2019). \u00c9s la seg\u00fcent:<\/p>\n\n\n\n<ul><li>Designaci\u00f3 de la nova direcci\u00f3 d\u2019obra de la Fase 1 de les obres del poliesportiu municipal<\/li><\/ul>\n\n\n\n<p>Les sessions de la Junta de govern no s\u00f3n p\u00fabliques, per\u00f2 quan actua amb compet\u00e8ncies delegades del Ple, la sessi\u00f3 se sotmet&nbsp;als mateixos requisits de publicitat que les sessions del Ple, que s\u00f3n p\u00fabliques. Aix\u00ed ho va declarar la STS 161\/2013, de 26 de setembre. Per aquest motiu, els regidors i les regidores de l\u2019oposici\u00f3 han rebut un correu electr\u00f2nic de l\u2019alcaldessa Agn\u00e8s Ferr\u00e9 amb informaci\u00f3 sobre la proposta i tamb\u00e9 s\u2019obriran les portes de la sala de Plens a les 19:15h per tal que pugui assistir-hi p\u00fablic. Aquest punt es gravar\u00e0 i, posteriorment, es publicar\u00e0 el v\u00eddeo amb l\u2019objectiu de garantir la seva publicitat.<\/p>\n\n\n\n<hr class=\"wp-block-separator has-alpha-channel-opacity\"\/>\n\n\n\n<p><strong>CASTELLANO |&nbsp;<\/strong>Hoy se ha firmado una propuesta que pasar\u00e1 por loa Junta de gobierno ordinaria de hoy martes 27 de diciembre. Esta propuesta es con competencia delegada del Pleno a la Junta de gobierno (mediante el acuerdo plenario del 4 de julio de 2019). Es la siguiente:<\/p>\n\n\n\n<ul><li>Designaci\u00f3n de la nueva direcci\u00f3n de obra de la Fase 1 de las obras del polideportivo municipal.<\/li><\/ul>\n\n\n\n<p>Las sesiones de la Junta de Gobierno no son p\u00fablicas, pero cuando act\u00faa con competencias delegadas del Pleno, la sesi\u00f3n se somete a los mismos requisitos de publicidad que las sesiones del Pleno, que son p\u00fablicas. As\u00ed lo declar\u00f3 la STS 161\/2013, de 26 de septiembre. Por este motivo, los concejales y las concejalas de la oposici\u00f3n han recibido un correo electr\u00f3nico de la alcaldesa Agn\u00e8s Ferr\u00e9 con informaci\u00f3n sobre la propuesta y tambi\u00e9n se abrir\u00e1n las puertas de la sala de Plenos a las 19:15h con tal que pueda asistir p\u00fablico. Este punto se grabar\u00e1 y, posteriormente, se publicar\u00e1 el v\u00eddeo con el objetivo de garantizar su publicidad.<\/p>\n","protected":false},"excerpt":{"rendered":"<p>Avui s\u2019ha signat una proposta que passar\u00e0 per la Junta de govern ordin\u00e0ria d\u2019avui dimarts 27 de desembre. Aquesta proposta \u00e9s amb compet\u00e8ncia delegada del Ple a la Junta de &hellip; <a href=\"https:\/\/bisbalpenedes.com\/web\/2022\/12\/27\/la-junta-de-govern-davui-dimarts-conte-una-segona-proposta-amb-competencia-delegada-del-ple\/\" class=\"more-link\">Read More<\/a><\/p>\n","protected":false},"author":4,"featured_media":23970,"comment_status":"closed","ping_status":"closed","sticky":false,"template":"","format":"standard","meta":[],"categories":[3085,8,2250],"tags":[3459,686,393,21,483],"_links":{"self":[{"href":"https:\/\/bisbalpenedes.com\/web\/wp-json\/wp\/v2\/posts\/24479"}],"collection":[{"href":"https:\/\/bisbalpenedes.com\/web\/wp-json\/wp\/v2\/posts"}],"about":[{"href":"https:\/\/bisbalpenedes.com\/web\/wp-json\/wp\/v2\/types\/post"}],"author":[{"embeddable":true,"href":"https:\/\/bisbalpenedes.com\/web\/wp-json\/wp\/v2\/users\/4"}],"replies":[{"embeddable":true,"href":"https:\/\/bisbalpenedes.com\/web\/wp-json\/wp\/v2\/comments?post=24479"}],"version-history":[{"count":2,"href":"https:\/\/bisbalpenedes.com\/web\/wp-json\/wp\/v2\/posts\/24479\/revisions"}],"predecessor-version":[{"id":24481,"href":"https:\/\/bisbalpenedes.com\/web\/wp-json\/wp\/v2\/posts\/24479\/revisions\/24481"}],"wp:featuredmedia":[{"embeddable":true,"href":"https:\/\/bisbalpenedes.com\/web\/wp-json\/wp\/v2\/media\/23970"}],"wp:attachment":[{"href":"https:\/\/bisbalpenedes.com\/web\/wp-json\/wp\/v2\/media?parent=24479"}],"wp:term":[{"taxonomy":"category","embeddable":true,"href":"https:\/\/bisbalpenedes.com\/web\/wp-json\/wp\/v2\/categories?post=24479"},{"taxonomy":"post_tag","embeddable":true,"href":"https:\/\/bisbalpenedes.com\/web\/wp-json\/wp\/v2\/tags?post=24479"}],"curies":[{"name":"wp","href":"https:\/\/api.w.org\/{rel}","templated":true}]}}