{"id":24474,"date":"2022-12-27T19:16:44","date_gmt":"2022-12-27T17:16:44","guid":{"rendered":"https:\/\/bisbalpenedes.com\/web\/?p=24474"},"modified":"2022-12-27T19:16:44","modified_gmt":"2022-12-27T17:16:44","slug":"sha-aprovat-el-calendari-fiscal-de-lany-2023-fins-al-30-de-desembre-podeu-demanar-el-compte-de-pagament-personalitzat-i-la-bonificacio-per-a-vehicles-electrics-o-hibrids","status":"publish","type":"post","link":"https:\/\/bisbalpenedes.com\/web\/2022\/12\/27\/sha-aprovat-el-calendari-fiscal-de-lany-2023-fins-al-30-de-desembre-podeu-demanar-el-compte-de-pagament-personalitzat-i-la-bonificacio-per-a-vehicles-electrics-o-hibrids\/","title":{"rendered":"S&#8217;ha aprovat el calendari fiscal de l&#8217;any 2023 &#8211; Fins al 30 de desembre podeu demanar el compte de pagament personalitzat i la bonificaci\u00f3 per a vehicles el\u00e8ctrics o h\u00edbrids"},"content":{"rendered":"\n<p>El Ple ordinari, celebrat el passat 19 de desembre, va aprovar el calendari fiscal de l&#8217;any 2023.<\/p>\n\n\n\n<p>Us recordem que aquest divendres finalitza el termini per sol\u00b7licitar el compte de pagament personalitzat, que us permet fer el pagament dels impostos en 9 mesos. Podeu sol\u00b7licitar-lo a l&#8217;oficina de BASE. : <a href=\"https:\/\/www.base.cat\/web\/ca\/ciutadans\/Tramits\/RecaptacioImpostos\/Voluntaria\/PagamentPersonalitzat\/PagamentPersonalitzat.html\">https:\/\/www.base.cat\/web\/ca\/ciutadans\/Tramits\/RecaptacioImpostos\/Voluntaria\/PagamentPersonalitzat\/PagamentPersonalitzat.html<\/a><\/p>\n\n\n\n<p>Si teniu vehicles el\u00e8ctrics o h\u00edbrids, heu de sol\u00b7licitar la bonificaci\u00f3 del 50% de la quota de l\u2019Impost de Circulaci\u00f3 abans del 30 de desembre de 2022, perqu\u00e8 es pugui aplicar l\u2019any 2023: <a href=\"https:\/\/bit.ly\/3hzWr5s\">https:\/\/bit.ly\/3hzWr5s<\/a><\/p>\n\n\n\n<hr class=\"wp-block-separator has-alpha-channel-opacity\"\/>\n\n\n\n<p>El Pleno ordinario, celebrado el pasado 19 de diciembre, aprob\u00f3 el calendario fiscal del a\u00f1o 2023.<\/p>\n\n\n\n<p>Os recordamos que este viernes finaliza el plazo para solicitar la cuenta de pago personalizada, que os permite hacer el pago de los impuestos en 9 meses. Lo pod\u00e9is solicitar en la oficina de BASE: <a href=\"https:\/\/www.base.cat\/web\/ca\/ciutadans\/Tramits\/RecaptacioImpostos\/Voluntaria\/PagamentPersonalitzat\/PagamentPersonalitzat.html\">https:\/\/www.base.cat\/web\/ca\/ciutadans\/Tramits\/RecaptacioImpostos\/Voluntaria\/PagamentPersonalitzat\/PagamentPersonalitzat.html<\/a><\/p>\n\n\n\n<p>Si ten\u00e9is veh\u00edculos el\u00e9ctricos o h\u00edbridos, ten\u00e9is que solicitar la bonificaci\u00f3n del 50% de la cuota del Impuesto de Circulaci\u00f3n antes del 30 de diciembre de 2022, para que se pueda aplicar en el a\u00f1o 2023: <a href=\"https:\/\/bit.ly\/3hzWr5s\">https:\/\/bit.ly\/3hzWr5s<\/a><\/p>\n\n\n\n<figure class=\"wp-block-image\"><img alt=\"\"\/><\/figure>\n","protected":false},"excerpt":{"rendered":"<p>El Ple ordinari, celebrat el passat 19 de desembre, va aprovar el calendari fiscal de l&#8217;any 2023. Us recordem que aquest divendres finalitza el termini per sol\u00b7licitar el compte de &hellip; <a href=\"https:\/\/bisbalpenedes.com\/web\/2022\/12\/27\/sha-aprovat-el-calendari-fiscal-de-lany-2023-fins-al-30-de-desembre-podeu-demanar-el-compte-de-pagament-personalitzat-i-la-bonificacio-per-a-vehicles-electrics-o-hibrids\/\" class=\"more-link\">Read More<\/a><\/p>\n","protected":false},"author":4,"featured_media":24475,"comment_status":"closed","ping_status":"closed","sticky":false,"template":"","format":"standard","meta":[],"categories":[2402,3835,8],"tags":[977,4305,1023,2012,1130,976,393],"_links":{"self":[{"href":"https:\/\/bisbalpenedes.com\/web\/wp-json\/wp\/v2\/posts\/24474"}],"collection":[{"href":"https:\/\/bisbalpenedes.com\/web\/wp-json\/wp\/v2\/posts"}],"about":[{"href":"https:\/\/bisbalpenedes.com\/web\/wp-json\/wp\/v2\/types\/post"}],"author":[{"embeddable":true,"href":"https:\/\/bisbalpenedes.com\/web\/wp-json\/wp\/v2\/users\/4"}],"replies":[{"embeddable":true,"href":"https:\/\/bisbalpenedes.com\/web\/wp-json\/wp\/v2\/comments?post=24474"}],"version-history":[{"count":1,"href":"https:\/\/bisbalpenedes.com\/web\/wp-json\/wp\/v2\/posts\/24474\/revisions"}],"predecessor-version":[{"id":24477,"href":"https:\/\/bisbalpenedes.com\/web\/wp-json\/wp\/v2\/posts\/24474\/revisions\/24477"}],"wp:featuredmedia":[{"embeddable":true,"href":"https:\/\/bisbalpenedes.com\/web\/wp-json\/wp\/v2\/media\/24475"}],"wp:attachment":[{"href":"https:\/\/bisbalpenedes.com\/web\/wp-json\/wp\/v2\/media?parent=24474"}],"wp:term":[{"taxonomy":"category","embeddable":true,"href":"https:\/\/bisbalpenedes.com\/web\/wp-json\/wp\/v2\/categories?post=24474"},{"taxonomy":"post_tag","embeddable":true,"href":"https:\/\/bisbalpenedes.com\/web\/wp-json\/wp\/v2\/tags?post=24474"}],"curies":[{"name":"wp","href":"https:\/\/api.w.org\/{rel}","templated":true}]}}