{"id":24464,"date":"2022-12-23T15:56:56","date_gmt":"2022-12-23T13:56:56","guid":{"rendered":"https:\/\/bisbalpenedes.com\/web\/?p=24464"},"modified":"2022-12-23T15:56:56","modified_gmt":"2022-12-23T13:56:56","slug":"dinou-joves-shan-format-en-vetllador-a-i-monitor-a-de-menjador-i-transport-escolar-a-la-bisbal-del-penedes","status":"publish","type":"post","link":"https:\/\/bisbalpenedes.com\/web\/2022\/12\/23\/dinou-joves-shan-format-en-vetllador-a-i-monitor-a-de-menjador-i-transport-escolar-a-la-bisbal-del-penedes\/","title":{"rendered":"Dinou joves s\u2019han format en vetllador\/a i monitor\/a de menjador i transport escolar a la Bisbal del Pened\u00e8s"},"content":{"rendered":"\n<p>Aquest dimecres 21 de desembre ha finalitzat la formaci\u00f3 de vetllador\/a i monitor\/a de menjador i transport escolar que han cursat, a l\u2019espai jove de la Bisbal del Pened\u00e8s, dinou joves de tota la comarca.<\/p>\n\n\n\n<p>La formaci\u00f3 presencial, organitzada des de la Cambra de Comer\u00e7 de Tarragona i el Consell Comarcal del Baix Pened\u00e8s -amb la col\u00b7laboraci\u00f3 de l\u2019Ajuntament de la Bisbal del Pened\u00e8s- ha estat adre\u00e7ada als i les joves inscrits i inscrites en el programa de Garantia Juvenil, en el marc del Programa Integral de Cualificaci\u00f3n y Empleo (PICE).<\/p>\n\n\n\n<p>La finalitzaci\u00f3 del curs i el lliurament dels diplomes de la formaci\u00f3 ha comptat amb la pres\u00e8ncia del conseller comarcal de Joventut, Marc Palau; l\u2019alcaldessa de la Bisbal del Pened\u00e8s, Agn\u00e8s Ferr\u00e9; el responsable de Formaci\u00f3 de la Cambra de Comer\u00e7 de Tarragona, Josep Oriol Fern\u00e0ndez; i la t\u00e8cnica de l\u2019Oficina Jove del Baix Pened\u00e8s, S\u00edlvia Ferr\u00e9.<\/p>\n\n\n\n<hr class=\"wp-block-separator has-alpha-channel-opacity\"\/>\n\n\n\n<p>CASTELLANO |\u00a0Este mi\u00e9rcoles 21 de diciembre ha finalizado la formaci\u00f3n de velador\/a y monitor\/a de comedor escolar y transporte escolar que han cursado, en el espacio joven de la Bisbal del Pened\u00e8s, diecinueve j\u00f3venes de toda la comarca.<\/p>\n\n\n\n<p>La formaci\u00f3n presencial, organizada desde la C\u00e1mara de Comercio de Tarragona y el Consell Comarcal del Baix Pened\u00e8s -con la colaboraci\u00f3n del Ayuntamiento de la Bisbal del Pened\u00e8s- estaba dirigida a los y las j\u00f3venes inscritos e inscritas en el programa de Garant\u00eda Juvenil, en el marco del Programa Integral de Cualificaci\u00f3n y Empleo (PICE).<\/p>\n\n\n\n<p>La finalizaci\u00f3n del curso y la entrega de los diplomas de la formaci\u00f3n ha contado con la presencia del consejero comarcal de Juventud, Marc Palau; la alcaldesa de la Bisbal del Pened\u00e8s, Agn\u00e8s Ferr\u00e9; el responsable de Formaci\u00f3n de la C\u00e1mara de Comercio de Tarragona, Josep Oriol Fern\u00e1ndez; y la t\u00e9cnica de la Oficina Joven del Baix Pened\u00e8s, S\u00edlvia Ferr\u00e9.<\/p>\n","protected":false},"excerpt":{"rendered":"<p>Aquest dimecres 21 de desembre ha finalitzat la formaci\u00f3 de vetllador\/a i monitor\/a de menjador i transport escolar que han cursat, a l\u2019espai jove de la Bisbal del Pened\u00e8s, dinou &hellip; <a href=\"https:\/\/bisbalpenedes.com\/web\/2022\/12\/23\/dinou-joves-shan-format-en-vetllador-a-i-monitor-a-de-menjador-i-transport-escolar-a-la-bisbal-del-penedes\/\" class=\"more-link\">Read More<\/a><\/p>\n","protected":false},"author":4,"featured_media":24465,"comment_status":"closed","ping_status":"closed","sticky":false,"template":"","format":"standard","meta":[],"categories":[4269,8],"tags":[459,210,505,393,113,1992,356,5499],"_links":{"self":[{"href":"https:\/\/bisbalpenedes.com\/web\/wp-json\/wp\/v2\/posts\/24464"}],"collection":[{"href":"https:\/\/bisbalpenedes.com\/web\/wp-json\/wp\/v2\/posts"}],"about":[{"href":"https:\/\/bisbalpenedes.com\/web\/wp-json\/wp\/v2\/types\/post"}],"author":[{"embeddable":true,"href":"https:\/\/bisbalpenedes.com\/web\/wp-json\/wp\/v2\/users\/4"}],"replies":[{"embeddable":true,"href":"https:\/\/bisbalpenedes.com\/web\/wp-json\/wp\/v2\/comments?post=24464"}],"version-history":[{"count":1,"href":"https:\/\/bisbalpenedes.com\/web\/wp-json\/wp\/v2\/posts\/24464\/revisions"}],"predecessor-version":[{"id":24466,"href":"https:\/\/bisbalpenedes.com\/web\/wp-json\/wp\/v2\/posts\/24464\/revisions\/24466"}],"wp:featuredmedia":[{"embeddable":true,"href":"https:\/\/bisbalpenedes.com\/web\/wp-json\/wp\/v2\/media\/24465"}],"wp:attachment":[{"href":"https:\/\/bisbalpenedes.com\/web\/wp-json\/wp\/v2\/media?parent=24464"}],"wp:term":[{"taxonomy":"category","embeddable":true,"href":"https:\/\/bisbalpenedes.com\/web\/wp-json\/wp\/v2\/categories?post=24464"},{"taxonomy":"post_tag","embeddable":true,"href":"https:\/\/bisbalpenedes.com\/web\/wp-json\/wp\/v2\/tags?post=24464"}],"curies":[{"name":"wp","href":"https:\/\/api.w.org\/{rel}","templated":true}]}}