{"id":24460,"date":"2022-12-23T14:36:54","date_gmt":"2022-12-23T12:36:54","guid":{"rendered":"https:\/\/bisbalpenedes.com\/web\/?p=24460"},"modified":"2022-12-23T14:36:54","modified_gmt":"2022-12-23T12:36:54","slug":"el-govern-municipal-ha-celebrat-la-seva-reunio-periodica-amb-els-mossos-desquadra-aquest-dimecres-21-de-desembre-lajuntament-continua-treballant-perque-proximament-comenci-el-servei-de-vi","status":"publish","type":"post","link":"https:\/\/bisbalpenedes.com\/web\/2022\/12\/23\/el-govern-municipal-ha-celebrat-la-seva-reunio-periodica-amb-els-mossos-desquadra-aquest-dimecres-21-de-desembre-lajuntament-continua-treballant-perque-proximament-comenci-el-servei-de-vi\/","title":{"rendered":"El govern municipal ha celebrat la seva reuni\u00f3 peri\u00f2dica amb els Mossos d\u2019Esquadra aquest dimecres 21 de desembre &#8211; L&#8217;Ajuntament continua treballant perqu\u00e8 pr\u00f2ximament comenci el servei de vigil\u00e0ncia i seguretat nocturna que gestiona la Comissi\u00f3 Central de Subministraments de la Generalitat"},"content":{"rendered":"\n<p>El passat dimecres 21 de desembre, el regidor de Seguretat Ciutadana, F\u00e8lix Villaz\u00e1n, i l\u2019alcaldessa de la Bisbal del Pened\u00e8s, Agn\u00e8s Ferr\u00e9, es van reunir amb el cos de Mossos d\u2019Esquadra per fer la reuni\u00f3 peri\u00f2dica d\u2019abans de les festes de Nadal.<\/p>\n\n\n\n<p>L\u2019alcaldessa ha explicat que <em>\u201cen aquesta reuni\u00f3,<strong> Mossos d\u2019Esquadra ens va alertar de l\u2019increment de les estafes,<\/strong> sobretot a trav\u00e9s d\u2019internet i tel\u00e8fon, durant els \u00faltims anys\u201d,<\/em> per\u00f2 <em><strong>\u201cquant al nombre de robatoris, aquest ha disminu\u00eft<\/strong> respecte als darrers anys, tot i que no es pot abaixar la gu\u00e0rdia i cal prendre totes les mesures pertinents\u201d.<\/em> Ferr\u00e9 ha explicat que <em>\u201cde fet, durant la reuni\u00f3 vam explicar als Mossos que estem treballant per disposar del servei de vigil\u00e0ncia nocturna al municipi\u201d.<\/em><\/p>\n\n\n\n<p>L\u2019Ajuntament est\u00e0 adherit a l\u2019Acord marc dels serveis de vigil\u00e0ncia i seguretat que gestiona la Comissi\u00f3 Central de Subministraments de la Generalitat de Catalunya, que actualment est\u00e0 en per\u00edode d\u2019adjudicaci\u00f3. Des de la Generalitat han informat l\u2019Ajuntament que, <strong>properament, aquest servei -que es far\u00e0 amb vigilants de seguretat- ja estar\u00e0 a disposici\u00f3 per a la contractaci\u00f3 de vigil\u00e0ncia nocturna al municipi durant tot l\u2019any. <\/strong>Val a dir que, durant el mes d\u2019agost, ja es va iniciar un servei de vigil\u00e0ncia nocturna al municipi, mentre no fos efectiu el nou Acord marc dels serveis de vigil\u00e0ncia i seguretat que gestiona la Comissi\u00f3 Central de Subministraments de la Generalitat de Catalunya. Aquest servei, efectuat per l\u2019empresa Phoenix Vigilancia y Seguridad S.A. es du a terme, de manera aleat\u00f2ria, durant tres o quatre nits a la setmana.<\/p>\n\n\n\n<hr class=\"wp-block-separator has-alpha-channel-opacity\"\/>\n\n\n\n<p><strong>CASTELLANO |<\/strong> El pasado mi\u00e9rcoles 21 de diciembre, el concejal de Seguridad Ciudadana, F\u00e8lix Villaz\u00e1n, y la alcaldesa de la Bisbal del Pened\u00e8s, Agn\u00e8s Ferr\u00e9, se reunieron con el cuerpo de Mossos de Esquadra para hacer la reuni\u00f3n peri\u00f3dica de antes de las fiestas de Navidad.<\/p>\n\n\n\n<p>La alcaldesa ha explicado que \u201c<em>en esta reuni\u00f3n, <strong>Mossos d\u2019Esquadra nos alert\u00f3 del incremento de las estafas<\/strong>, sobre todo a trav\u00e9s de internet y tel\u00e9fono, durante los \u00faltimos a\u00f1os\u201d<\/em>, pero <em><strong>\u201cen cuanto al n\u00famero de robos, este ha disminuido respecto a los \u00faltimos a\u00f1os<\/strong>, aunque no se puede bajar la guardia y hay que tomar todas las medidas pertinentes\u201d<\/em>. Ferr\u00e9 ha explicado que \u201cde hecho, durante la reuni\u00f3n explicamos a los Mossos que estamos trabajando para disponer del servicio de vigilancia nocturna en el municipio.<\/p>\n\n\n\n<p>El Ayuntamiento est\u00e1 adherido al Acuerdo marco de los servicios de vigilancia y seguridad que gestiona la Comisi\u00f3n Central de Suministros de la Generalitat de Catalu\u00f1a, que actualmente est\u00e1 en periodo de adjudicaci\u00f3n. Desde la Generalitat han informado al Ayuntamiento de que, <strong>pr\u00f3ximamente, este servicio -que se realizar\u00e1 con vigilantes de seguridad- ya estar\u00e1 a disposici\u00f3n para la contrataci\u00f3n de vigilancia nocturna en el munIcipio durante todo el a\u00f1o.<\/strong> Cabe decir que, durante el mes de agosto, ya se inici\u00f3 un servicio de vigilancia nocturna en el municipio, mientras no fuese efectivo el nuevo Acuerdo marco de los servicios de vigilancia y seguridad que gestiona la Comisi\u00f3n Central de Suministros de la Generalitat de Catalu\u00f1a. Este servicio, efectuado por la empresa Phoenix Vigilancia y Seguridad S.A. se lleva a cabo de manera aleatoria, durante tres o cuatro noches a la semana.<\/p>\n","protected":false},"excerpt":{"rendered":"<p>El passat dimecres 21 de desembre, el regidor de Seguretat Ciutadana, F\u00e8lix Villaz\u00e1n, i l\u2019alcaldessa de la Bisbal del Pened\u00e8s, Agn\u00e8s Ferr\u00e9, es van reunir amb el cos de Mossos &hellip; <a href=\"https:\/\/bisbalpenedes.com\/web\/2022\/12\/23\/el-govern-municipal-ha-celebrat-la-seva-reunio-periodica-amb-els-mossos-desquadra-aquest-dimecres-21-de-desembre-lajuntament-continua-treballant-perque-proximament-comenci-el-servei-de-vi\/\" class=\"more-link\">Read More<\/a><\/p>\n","protected":false},"author":4,"featured_media":24461,"comment_status":"closed","ping_status":"closed","sticky":false,"template":"","format":"standard","meta":[],"categories":[8,4149],"tags":[459,393,46,3305,4690,5444],"_links":{"self":[{"href":"https:\/\/bisbalpenedes.com\/web\/wp-json\/wp\/v2\/posts\/24460"}],"collection":[{"href":"https:\/\/bisbalpenedes.com\/web\/wp-json\/wp\/v2\/posts"}],"about":[{"href":"https:\/\/bisbalpenedes.com\/web\/wp-json\/wp\/v2\/types\/post"}],"author":[{"embeddable":true,"href":"https:\/\/bisbalpenedes.com\/web\/wp-json\/wp\/v2\/users\/4"}],"replies":[{"embeddable":true,"href":"https:\/\/bisbalpenedes.com\/web\/wp-json\/wp\/v2\/comments?post=24460"}],"version-history":[{"count":1,"href":"https:\/\/bisbalpenedes.com\/web\/wp-json\/wp\/v2\/posts\/24460\/revisions"}],"predecessor-version":[{"id":24462,"href":"https:\/\/bisbalpenedes.com\/web\/wp-json\/wp\/v2\/posts\/24460\/revisions\/24462"}],"wp:featuredmedia":[{"embeddable":true,"href":"https:\/\/bisbalpenedes.com\/web\/wp-json\/wp\/v2\/media\/24461"}],"wp:attachment":[{"href":"https:\/\/bisbalpenedes.com\/web\/wp-json\/wp\/v2\/media?parent=24460"}],"wp:term":[{"taxonomy":"category","embeddable":true,"href":"https:\/\/bisbalpenedes.com\/web\/wp-json\/wp\/v2\/categories?post=24460"},{"taxonomy":"post_tag","embeddable":true,"href":"https:\/\/bisbalpenedes.com\/web\/wp-json\/wp\/v2\/tags?post=24460"}],"curies":[{"name":"wp","href":"https:\/\/api.w.org\/{rel}","templated":true}]}}