{"id":2445,"date":"2017-05-22T01:06:48","date_gmt":"2017-05-21T19:06:48","guid":{"rendered":"http:\/\/bisbalpenedes.com\/web\/?p=2445"},"modified":"2017-05-22T01:06:48","modified_gmt":"2017-05-21T19:06:48","slug":"diumenge-28-de-maig-un-monstre-em-ve-a-veure-es-projectara-a-la-bisbal-del-penedes","status":"publish","type":"post","link":"https:\/\/bisbalpenedes.com\/web\/2017\/05\/22\/diumenge-28-de-maig-un-monstre-em-ve-a-veure-es-projectara-a-la-bisbal-del-penedes\/","title":{"rendered":"Diumenge 28 de maig &#8220;Un monstre em ve a veure&#8221; es projectar\u00e0 a La Bisbal del Pened\u00e8s"},"content":{"rendered":"<p><a href=\"http:\/\/bisbalpenedes.com\/web\/wp-content\/uploads\/2017\/05\/VISUAL_A3_MONSTER_CALLS_LA_BISBAL_PENEDES.jpg\"><img loading=\"lazy\" class=\"aligncenter size-medium wp-image-2446\" title=\"VISUAL_A3_MONSTER_CALLS_LA_BISBAL_PENEDES\" src=\"http:\/\/bisbalpenedes.com\/web\/wp-content\/uploads\/2017\/05\/VISUAL_A3_MONSTER_CALLS_LA_BISBAL_PENEDES-213x300.jpg\" alt=\"\" width=\"213\" height=\"300\" srcset=\"https:\/\/bisbalpenedes.com\/web\/wp-content\/uploads\/2017\/05\/VISUAL_A3_MONSTER_CALLS_LA_BISBAL_PENEDES-213x300.jpg 213w, https:\/\/bisbalpenedes.com\/web\/wp-content\/uploads\/2017\/05\/VISUAL_A3_MONSTER_CALLS_LA_BISBAL_PENEDES-600x843.jpg 600w, https:\/\/bisbalpenedes.com\/web\/wp-content\/uploads\/2017\/05\/VISUAL_A3_MONSTER_CALLS_LA_BISBAL_PENEDES-729x1024.jpg 729w, https:\/\/bisbalpenedes.com\/web\/wp-content\/uploads\/2017\/05\/VISUAL_A3_MONSTER_CALLS_LA_BISBAL_PENEDES.jpg 1147w\" sizes=\"(max-width: 213px) 100vw, 213px\" \/><\/a><\/p>\n<p>&nbsp;<\/p>\n<p>La segona pel\u00b7l\u00edcula del Cicle Gaud\u00ed a La Bisbal del Pened\u00e8s es projectar\u00e0 el diumenge 28 de maig a les 19h i \u00e9s \u201cUn monstre em ve a veure&#8221; de J. A. Bayona, premiada amb 8 Premis Gaud\u00ed, 9 Premis Goya, 1 Premi Feroz i nominada en dues categories dels Critics Choice Awards.<\/p>\n<h3><span style=\"text-decoration: underline;\">Sinopsi<\/span><\/h3>\n<p>Conor O\u2019Malley (Lewis MacDougall) \u00e9s un noi de 13 anys que, a causa de l\u2019assetjament escolar que pateix a l\u2019escola, a m\u00e9s de la greu malaltia que pateix la seva mare, ha desenvolupat un m\u00f3n de fantasia al voltant de fades, follets i altres criatures meravelloses, que li permet escapar de la seva rutina i superar les seves pors.<br \/>\nA trav\u00e9s de la finestra de la seva habitaci\u00f3, el protagonista pot albirar un arbre que s\u2019ha mantingut en peu des de fa milers d\u2019anys. Uns minuts despr\u00e9s de la mitjanit, Conor desperta i es troba un monstre a la finestra. Per\u00f2 no \u00e9s el monstre que ell esperava, el del malson que t\u00e9 gaireb\u00e9 totes les nits des que la seva mare va comen\u00e7ar el dur i inacabable tractament. No, aquest monstre \u00e9s una mica diferent, i vol el m\u00e9s perill\u00f3s de tot: la veritat. Podr\u00e0 aquest incre\u00efble arbre que ha cobrat vida en la seva imaginaci\u00f3 ajudar-lo a superar els seus problemes?<\/p>\n<p><strong>Tr\u00e0iler:<\/strong>\u00a0<a href=\"https:\/\/www.youtube.com\/watch?v=AxQ0KBBiryM&amp;t=1s\" target=\"_blank\">https:\/\/www.youtube.com\/watch?v=AxQ0KBBiryM&amp;t=1s<\/a><\/p>\n<p><strong>Falca radiof\u00f2nica<\/strong>: <a href=\"https:\/\/soundcloud.com\/user-240484202\/el-28-de-maig-un-monstre-em-ve-a-veure-es-projectara-a-la-bisbal-del-penedes\" target=\"_blank\">https:\/\/soundcloud.com\/user-240484202\/el-28-de-maig-un-monstre-em-ve-a-veure-es-projectara-a-la-bisbal-del-penedes<\/a><\/p>\n<p>El mateix Juan Antonio Bayona ens convida a assistir a les sessions del Cicle Gaud\u00ed a veure la seva pel\u00b7l\u00edcula:\u00a0<a href=\"https:\/\/www.youtube.com\/watch?v=GNg3iDZs6hE\" target=\"_blank\">https:\/\/www.youtube.com\/watch?v=GNg3iDZs6hE<\/a><\/p>\n<div>\n<h2>Fitxa t\u00e8cnica<\/h2>\n<\/div>\n<div>\n<h4>Direcci\u00f3:\u00a0<strong>J.A. Bayona<br \/>\n<\/strong>Gui\u00f3:\u00a0Patrick Ness<br \/>\nM\u00fasica:\u00a0<strong style=\"font-size: 1em;\">Fernando Vel\u00e1zquez<br \/>\n<\/strong>Estrena:<strong style=\"font-size: 1em;\">\u00a07 d\u2019octubre de 2016<br \/>\n<\/strong>Durada:\u00a0<strong style=\"font-size: 1em;\">100\u00a0min.<br \/>\n<\/strong>G\u00e8nere:\u00a0<strong style=\"font-size: 1em;\">Drama fant\u00e0stic<\/strong><\/h4>\n<h3>Int\u00e8rprets:<\/h3>\n<p>Lewis MacDougall<br \/>\nSigourney Weaver<br \/>\nFelicity Jones<br \/>\nLiam Neeson<br \/>\nToby Kebbell<br \/>\nGeraldin Chaplin<br \/>\nJames Melville<br \/>\nGarry Marriott<br \/>\nJoe Curtis<br \/>\nKai Arnthal<br \/>\nMax Gabbay<\/p>\n<\/div>\n<p>L\u2019entrada al cinema t\u00e9 un preu de 4,5\u20ac per al p\u00fablic general i 3\u20ac per als usuaris de la Biblioteca Municipal de La Bisbal (presentant el carnet). Les entrades s\u00f3n limitades. Els beneficis recaptats aniran a parar a entitats bisbalenques. L\u2019Ajuntament va fer arribar una carta a les entitats del municipi amb la finalitat que les entitats que volguessin es poguessin encarregar de la taquilla i vendre les entrades a canvi de quedar-se amb la recaptaci\u00f3. En aquesta primera convocat\u00f2ria (se\u2019n far\u00e0 una altra per a les projeccions dels mesos de setembre, octubre i novembre) van presentar-se tres entitats i el sorteig, que es va fer el passat dimecres 26 d\u2019abril, va donar els seg\u00fcents resultats:<\/p>\n<p style=\"padding-left: 30px;\">-30 d\u2019abril: Pel\u00b7l\u00edcula \u201cEspanya en dues trinxeres\u201d. Entitat: Associaci\u00f3 de Dones La Roca Foradada.<\/p>\n<p style=\"padding-left: 30px;\"><strong>-28 de maig: Pel\u00b7l\u00edcula \u201cUn monstre em ve a veure\u201d. Entitat: Grup de Geganters i Grallers de La Societat.<\/strong><\/p>\n<p style=\"padding-left: 30px;\">-25 de juny: Pel\u00b7l\u00edcula \u201cIncerta gl\u00f2ria\u201d. Entitat: Ball de Gitanes de La Bisbal.<\/p>\n<p>El Cicle Gaud\u00ed va n\u00e9ixer el setembre de 2016 i, uns mesos despr\u00e9s, va experimentar un creixement amb la finalitat d\u2019arribar a m\u00e9s espectadors. Entre aquests espectadors hi ha els bisbalencs i les bisbalenques que ara poden gaudir de bon cinema a la seva vila, l\u2019\u00fanic municipi de la comarca del Baix Pened\u00e8s que ofereix pel\u00b7l\u00edcules d\u2019aquest cicle el darrer diumenge dels mesos d\u2019abril, maig, juny, setembre, octubre i novembre. El Cicle Gaud\u00ed compta amb el suport del Departament de Cultura de la Generalitat de Catalunya i de les quatre diputacions. En l\u2019actualitat s\u00f3n 33 els municipis adherits al Cicle Gaud\u00ed, el circuit estable de cinema en catal\u00e0. Per a m\u00e9s informaci\u00f3 podeu entrar al web:\u00a0<a href=\"http:\/\/ciclegaudi.cat\/sales\/centre-municipal-de-cultura-de-la-bisbal-de-penedes\/\">http:\/\/ciclegaudi.cat\/sales\/centre-municipal-de-cultura-de-la-bisbal-de-penedes\/<\/a><\/p>\n","protected":false},"excerpt":{"rendered":"<p>&nbsp; La segona pel\u00b7l\u00edcula del Cicle Gaud\u00ed a La Bisbal del Pened\u00e8s es projectar\u00e0 el diumenge 28 de maig a les 19h i \u00e9s \u201cUn monstre em ve a veure&#8221; &hellip; <a href=\"https:\/\/bisbalpenedes.com\/web\/2017\/05\/22\/diumenge-28-de-maig-un-monstre-em-ve-a-veure-es-projectara-a-la-bisbal-del-penedes\/\" class=\"more-link\">Read More<\/a><\/p>\n","protected":false},"author":4,"featured_media":2446,"comment_status":"closed","ping_status":"closed","sticky":false,"template":"","format":"standard","meta":[],"categories":[13],"tags":[406,308,307,225,318,393,405,310],"_links":{"self":[{"href":"https:\/\/bisbalpenedes.com\/web\/wp-json\/wp\/v2\/posts\/2445"}],"collection":[{"href":"https:\/\/bisbalpenedes.com\/web\/wp-json\/wp\/v2\/posts"}],"about":[{"href":"https:\/\/bisbalpenedes.com\/web\/wp-json\/wp\/v2\/types\/post"}],"author":[{"embeddable":true,"href":"https:\/\/bisbalpenedes.com\/web\/wp-json\/wp\/v2\/users\/4"}],"replies":[{"embeddable":true,"href":"https:\/\/bisbalpenedes.com\/web\/wp-json\/wp\/v2\/comments?post=2445"}],"version-history":[{"count":2,"href":"https:\/\/bisbalpenedes.com\/web\/wp-json\/wp\/v2\/posts\/2445\/revisions"}],"predecessor-version":[{"id":2448,"href":"https:\/\/bisbalpenedes.com\/web\/wp-json\/wp\/v2\/posts\/2445\/revisions\/2448"}],"wp:featuredmedia":[{"embeddable":true,"href":"https:\/\/bisbalpenedes.com\/web\/wp-json\/wp\/v2\/media\/2446"}],"wp:attachment":[{"href":"https:\/\/bisbalpenedes.com\/web\/wp-json\/wp\/v2\/media?parent=2445"}],"wp:term":[{"taxonomy":"category","embeddable":true,"href":"https:\/\/bisbalpenedes.com\/web\/wp-json\/wp\/v2\/categories?post=2445"},{"taxonomy":"post_tag","embeddable":true,"href":"https:\/\/bisbalpenedes.com\/web\/wp-json\/wp\/v2\/tags?post=2445"}],"curies":[{"name":"wp","href":"https:\/\/api.w.org\/{rel}","templated":true}]}}