{"id":24445,"date":"2022-12-23T10:28:15","date_gmt":"2022-12-23T08:28:15","guid":{"rendered":"https:\/\/bisbalpenedes.com\/web\/?p=24445"},"modified":"2022-12-23T10:39:57","modified_gmt":"2022-12-23T08:39:57","slug":"sobre-la-convocatoria-duna-placa-dinspector-a-a-lajuntament-de-la-bisbal-del-penedes-per-merits","status":"publish","type":"post","link":"https:\/\/bisbalpenedes.com\/web\/2022\/12\/23\/sobre-la-convocatoria-duna-placa-dinspector-a-a-lajuntament-de-la-bisbal-del-penedes-per-merits\/","title":{"rendered":"S\u2019obre la convocat\u00f2ria d\u2019una pla\u00e7a d\u2019inspector\/a a l\u2019Ajuntament de la Bisbal del Pened\u00e8s per m\u00e8rits"},"content":{"rendered":"\n<p>Avui divendres 23 de desembre s\u2019obre la convocat\u00f2ria d\u2019una pla\u00e7a d\u2019inspector\/a, en r\u00e8gim funcionari de carrera i subgrup C2, inclosa en l\u2019oferta p\u00fablica d\u2019ocupaci\u00f3 per a l\u2019estabilitzaci\u00f3 de l\u2019ocupaci\u00f3 temporal. El termini per presentar ofertes finalitzar\u00e0 el dilluns 23 de gener (incl\u00f2s).<\/p>\n\n\n\n<p><strong>FUNCIONS<\/strong><\/p>\n\n\n\n<ul><li>Inspecci\u00f3 de l&#8217;espai p\u00fablic, en l&#8217;\u00e0mbit de les compet\u00e8ncies municipals, en mat\u00e8ries com urbanisme, medi ambient, via p\u00fablica, instal\u00b7lacions i equipaments municipals i activitats.<\/li><li>Seguiment i comprovaci\u00f3 d&#8217;obres i activitats respecte al compliment de la normativa i les ordenances municipals vigents, aix\u00ed com les llic\u00e8ncies municipals concedides.<\/li><li>Emissi\u00f3 d&#8217;actes d&#8217;inspecci\u00f3.<\/li><li>Coordinaci\u00f3 amb els Serveis T\u00e8cnics municipals.<\/li><li>Suport administratiu en les tasques derivades del desenvolupament del servei.<\/li><li>Qualsevol altra funci\u00f3 que li sigui encomanada d&#8217;acord amb el seu nivell de titulaci\u00f3 i grup de classificaci\u00f3 professional.<\/li><\/ul>\n\n\n\n<p>Enlla\u00e7 al Diari Oficial de la Generalitat (DOGC) amb tota la informaci\u00f3:&nbsp;<a href=\"https:\/\/dogc.gencat.cat\/ca\/document-del-dogc\/?documentId=946198\">https:\/\/dogc.gencat.cat\/ca\/document-del-dogc\/?documentId=946198<\/a><\/p>\n\n\n\n<p>Es crear\u00e0 una borsa de treball amb les persones aspirants que hagin superat el proc\u00e9s selectiu i no resultin nomenades. Ser\u00e0 una borsa per cobrir vacants temporals (com per exemple baixes) o per atendre necessitats urgents.<\/p>\n\n\n\n<hr class=\"wp-block-separator has-alpha-channel-opacity\"\/>\n\n\n\n<p><strong>CASTELLANO |<\/strong>&nbsp;Hoy viernes 23 de diciembre se abre la convocatoria de una plaza de inspector\/a, en r\u00e9gimen de funcionario de carrera y subgrupo C2, incluida en la oferta p\u00fablica de ocupaci\u00f3n para la estabilizaci\u00f3n de la ocupaci\u00f3n temporal. El plazo para presentar ofertas finalizar\u00e1 el lunes 23 de enero (incluido).<\/p>\n\n\n\n<p>FUNCIONES<\/p>\n\n\n\n<ul><li>Inspecci\u00f3n del espacio p\u00fablico, en el \u00e1mbito de las competencias municipales, en materias como urbanismo, medio ambiente, v\u00eda p\u00fablica, instalaciones y equipamientos municipales y actividades.<\/li><li>Seguimiento y comprobaci\u00f3n de obras y actividades respecto al cumplimiento de la normativa y las ordenanzas municipales vigentes, as\u00ed como las licencias municipales concedidas.<br>Emisi\u00f3n de actas de inspecci\u00f3n.<\/li><li>Coordinaci\u00f3n con los Servicios T\u00e9cnicos municipales.<\/li><li>Apoyo administrativo en las tareas derivadas del desarrollo del servicio.<\/li><li>Cualquier otra funci\u00f3n que le sea encomendada de acuerdo con su nivel de titulaci\u00f3n y grupo de clasificaci\u00f3n profesional.<\/li><\/ul>\n\n\n\n<p>Enlace al Diario Oficial de la Generalitat (DOGC) con toda la informaci\u00f3n:&nbsp;<a href=\"https:\/\/dogc.gencat.cat\/ca\/document-del-dogc\/?documentId=946198\">https:\/\/dogc.gencat.cat\/ca\/document-del-dogc\/?documentId=946198<\/a><\/p>\n\n\n\n<p>Se crear\u00e1 una bolsa de trabajo con las personas aspirantes que hayan superado el proceso selectivo y no resulten nombradas. Ser\u00e1 una bolsa para cubrir vacantes temporales (como por ejemplo bajas) o para atender necesidades urgentes.<\/p>\n","protected":false},"excerpt":{"rendered":"<p>Avui divendres 23 de desembre s\u2019obre la convocat\u00f2ria d\u2019una pla\u00e7a d\u2019inspector\/a, en r\u00e8gim funcionari de carrera i subgrup C2, inclosa en l\u2019oferta p\u00fablica d\u2019ocupaci\u00f3 per a l\u2019estabilitzaci\u00f3 de l\u2019ocupaci\u00f3 temporal. &hellip; <a href=\"https:\/\/bisbalpenedes.com\/web\/2022\/12\/23\/sobre-la-convocatoria-duna-placa-dinspector-a-a-lajuntament-de-la-bisbal-del-penedes-per-merits\/\" class=\"more-link\">Read More<\/a><\/p>\n","protected":false},"author":4,"featured_media":24454,"comment_status":"closed","ping_status":"closed","sticky":false,"template":"","format":"standard","meta":[],"categories":[2402,8,9],"tags":[5699,5701,393,5372],"_links":{"self":[{"href":"https:\/\/bisbalpenedes.com\/web\/wp-json\/wp\/v2\/posts\/24445"}],"collection":[{"href":"https:\/\/bisbalpenedes.com\/web\/wp-json\/wp\/v2\/posts"}],"about":[{"href":"https:\/\/bisbalpenedes.com\/web\/wp-json\/wp\/v2\/types\/post"}],"author":[{"embeddable":true,"href":"https:\/\/bisbalpenedes.com\/web\/wp-json\/wp\/v2\/users\/4"}],"replies":[{"embeddable":true,"href":"https:\/\/bisbalpenedes.com\/web\/wp-json\/wp\/v2\/comments?post=24445"}],"version-history":[{"count":1,"href":"https:\/\/bisbalpenedes.com\/web\/wp-json\/wp\/v2\/posts\/24445\/revisions"}],"predecessor-version":[{"id":24446,"href":"https:\/\/bisbalpenedes.com\/web\/wp-json\/wp\/v2\/posts\/24445\/revisions\/24446"}],"wp:featuredmedia":[{"embeddable":true,"href":"https:\/\/bisbalpenedes.com\/web\/wp-json\/wp\/v2\/media\/24454"}],"wp:attachment":[{"href":"https:\/\/bisbalpenedes.com\/web\/wp-json\/wp\/v2\/media?parent=24445"}],"wp:term":[{"taxonomy":"category","embeddable":true,"href":"https:\/\/bisbalpenedes.com\/web\/wp-json\/wp\/v2\/categories?post=24445"},{"taxonomy":"post_tag","embeddable":true,"href":"https:\/\/bisbalpenedes.com\/web\/wp-json\/wp\/v2\/tags?post=24445"}],"curies":[{"name":"wp","href":"https:\/\/api.w.org\/{rel}","templated":true}]}}