{"id":24442,"date":"2022-12-23T10:28:05","date_gmt":"2022-12-23T08:28:05","guid":{"rendered":"https:\/\/bisbalpenedes.com\/web\/?p=24442"},"modified":"2022-12-23T10:41:59","modified_gmt":"2022-12-23T08:41:59","slug":"sobre-la-convocatoria-duna-placa-dinformador-a-de-carrer-a-lajuntament-de-la-bisbal-per-merits","status":"publish","type":"post","link":"https:\/\/bisbalpenedes.com\/web\/2022\/12\/23\/sobre-la-convocatoria-duna-placa-dinformador-a-de-carrer-a-lajuntament-de-la-bisbal-per-merits\/","title":{"rendered":"S\u2019obre la convocat\u00f2ria d\u2019una pla\u00e7a d\u2019informador\/a de carrer a l\u2019Ajuntament de la Bisbal per m\u00e8rits"},"content":{"rendered":"\n<p>Avui divendres 23 de desembre s\u2019obre la convocat\u00f2ria d\u2019una pla\u00e7a d\u2019informador\/a de carrer, en r\u00e8gim funcionari de carrera i subgrup AP, inclosa en l\u2019oferta p\u00fablica d\u2019ocupaci\u00f3 per a l\u2019estabilitzaci\u00f3 de l\u2019ocupaci\u00f3 temporal. El termini per presentar ofertes finalitzar\u00e0 el dilluns 23 de gener (incl\u00f2s).<\/p>\n\n\n\n<p><strong><u>FUNCIONS<\/u><\/strong><\/p>\n\n\n\n<ul><li>Atenci\u00f3 al p\u00fablic.<\/li><li>Campanyes informatives i de sensibilitzaci\u00f3 destinades al ve\u00efnat sobre temes diversos d&#8217;inter\u00e8s municipal.<\/li><li>Benvinguda als\/les nous\/ves empadronats\/des al municipi, donant-los a con\u00e8ixer els equipaments i els serveis municipals.&nbsp;<\/li><li>Regulaci\u00f3 del tr\u00e0nsit a l&#8217;entrada i la sortida dels centres escolars i similars.<\/li><li>Suport a les tasques de vigil\u00e0ncia i inspecci\u00f3 de l&#8217;espai p\u00fablic.<\/li><li>Suport i col\u00b7laboraci\u00f3 amb la resta de serveis municipals.<\/li><li>Qualsevol altra funci\u00f3 que li sigui encomanada d&#8217;acord amb el seu nivell de titulaci\u00f3 i grup de classificaci\u00f3 professional.<\/li><\/ul>\n\n\n\n<p>Enlla\u00e7 al Diari Oficial de la Generalitat (DOGC) amb tota la informaci\u00f3:&nbsp;<a href=\"https:\/\/dogc.gencat.cat\/ca\/document-del-dogc\/?documentId=946307\">https:\/\/dogc.gencat.cat\/ca\/document-del-dogc\/?documentId=946307<\/a><\/p>\n\n\n\n<p>Es crear\u00e0 una borsa de treball amb les persones aspirants que hagin superat el proc\u00e9s selectiu i no resultin nomenades. Ser\u00e0 una borsa per cobrir vacants temporals (com per exemple baixes) o per atendre necessitats urgents.<\/p>\n\n\n\n<hr class=\"wp-block-separator has-alpha-channel-opacity\"\/>\n\n\n\n<p><strong>CASTELLANO |&nbsp;<\/strong>Hoy viernes 23 de diciembre se abre la convocatoria de una plaza de informador\/a de calle, en r\u00e9gimen de funcionario de carrera y sub grupo AP, incluida en la oferta p\u00fablica de ocupaci\u00f3n para la estabilizaci\u00f3n de la ocupaci\u00f3n temporal. El plazo para presentar ofertas finalizar\u00e1 el lunes 23 de enero (incluido).<\/p>\n\n\n\n<p><strong><u>FUNCIONES<\/u><\/strong><\/p>\n\n\n\n<ul><li>Atenci\u00f3n al p\u00fablico.<\/li><li>Campa\u00f1as informativas y de sensibilizaci\u00f3n destinadas al vecindario sobre temas varios de inter\u00e9s municipal.<\/li><li>Bienvenida a los\/las nuevos\/vas empadronados\/as en el municipio, d\u00e1ndoles a conocer los equipamientos y los servicios municipales.<\/li><li>Regulaci\u00f3n del tr\u00e1fico a la entrada y la salida de los centros escolares y similares.<\/li><li>Apoyo en tareas de vigilancia e inspecci\u00f3n del espacio p\u00fablico.<\/li><li>Apoyo y colaboraci\u00f3n con el resto de los servicios municipales.<\/li><li>Cualquier otra funci\u00f3n que le sea encomendada de acuerdo con su nivel de titulaci\u00f3n y grupo de clasificaci\u00f3n profesional.<\/li><\/ul>\n\n\n\n<p>Enlace al Diario Oficial de la Generalitat (DOGC) con toda la informaci\u00f3n:&nbsp;<a href=\"https:\/\/dogc.gencat.cat\/ca\/document-del-dogc\/?documentId=946307\">https:\/\/dogc.gencat.cat\/ca\/document-del-dogc\/?documentId=946307<\/a><\/p>\n\n\n\n<p>Se crear\u00e1 una bolsa de trabajo con las personas aspirantes que hayan superado el proceso selectivo y no resulten nombradas. Ser\u00e1 una bolsa para cubrir vacantes temporales (como por ejemplo bajas) o para atender necesidades urgentes.<\/p>\n","protected":false},"excerpt":{"rendered":"<p>Avui divendres 23 de desembre s\u2019obre la convocat\u00f2ria d\u2019una pla\u00e7a d\u2019informador\/a de carrer, en r\u00e8gim funcionari de carrera i subgrup AP, inclosa en l\u2019oferta p\u00fablica d\u2019ocupaci\u00f3 per a l\u2019estabilitzaci\u00f3 de &hellip; <a href=\"https:\/\/bisbalpenedes.com\/web\/2022\/12\/23\/sobre-la-convocatoria-duna-placa-dinformador-a-de-carrer-a-lajuntament-de-la-bisbal-per-merits\/\" class=\"more-link\">Read More<\/a><\/p>\n","protected":false},"author":4,"featured_media":24457,"comment_status":"closed","ping_status":"closed","sticky":false,"template":"","format":"standard","meta":[],"categories":[2402,8],"tags":[393],"_links":{"self":[{"href":"https:\/\/bisbalpenedes.com\/web\/wp-json\/wp\/v2\/posts\/24442"}],"collection":[{"href":"https:\/\/bisbalpenedes.com\/web\/wp-json\/wp\/v2\/posts"}],"about":[{"href":"https:\/\/bisbalpenedes.com\/web\/wp-json\/wp\/v2\/types\/post"}],"author":[{"embeddable":true,"href":"https:\/\/bisbalpenedes.com\/web\/wp-json\/wp\/v2\/users\/4"}],"replies":[{"embeddable":true,"href":"https:\/\/bisbalpenedes.com\/web\/wp-json\/wp\/v2\/comments?post=24442"}],"version-history":[{"count":1,"href":"https:\/\/bisbalpenedes.com\/web\/wp-json\/wp\/v2\/posts\/24442\/revisions"}],"predecessor-version":[{"id":24443,"href":"https:\/\/bisbalpenedes.com\/web\/wp-json\/wp\/v2\/posts\/24442\/revisions\/24443"}],"wp:featuredmedia":[{"embeddable":true,"href":"https:\/\/bisbalpenedes.com\/web\/wp-json\/wp\/v2\/media\/24457"}],"wp:attachment":[{"href":"https:\/\/bisbalpenedes.com\/web\/wp-json\/wp\/v2\/media?parent=24442"}],"wp:term":[{"taxonomy":"category","embeddable":true,"href":"https:\/\/bisbalpenedes.com\/web\/wp-json\/wp\/v2\/categories?post=24442"},{"taxonomy":"post_tag","embeddable":true,"href":"https:\/\/bisbalpenedes.com\/web\/wp-json\/wp\/v2\/tags?post=24442"}],"curies":[{"name":"wp","href":"https:\/\/api.w.org\/{rel}","templated":true}]}}