{"id":24437,"date":"2022-12-23T10:28:40","date_gmt":"2022-12-23T08:28:40","guid":{"rendered":"https:\/\/bisbalpenedes.com\/web\/?p=24437"},"modified":"2022-12-23T10:41:15","modified_gmt":"2022-12-23T08:41:15","slug":"sobre-la-convocatoria-duna-placa-de-notificador-a-a-lajuntament-de-la-bisbal-del-penedes-per-merits","status":"publish","type":"post","link":"https:\/\/bisbalpenedes.com\/web\/2022\/12\/23\/sobre-la-convocatoria-duna-placa-de-notificador-a-a-lajuntament-de-la-bisbal-del-penedes-per-merits\/","title":{"rendered":"S\u2019obre la convocat\u00f2ria d\u2019una pla\u00e7a de notificador\/a a \u00a0l\u2019Ajuntament de la Bisbal del Pened\u00e8s, per m\u00e8rits"},"content":{"rendered":"\n<p>Avui divendres 23 de desembre s\u2019obre la convocat\u00f2ria d\u2019una pla\u00e7a de notificador\/a, en r\u00e8gim funcionari de carrera i subgrup AP, inclosa en l\u2019oferta p\u00fablica d\u2019ocupaci\u00f3 per a l\u2019estabilitzaci\u00f3 de l\u2019ocupaci\u00f3 temporal. El termini per presentar ofertes finalitzar\u00e0 el dilluns 23 de gener (incl\u00f2s).<\/p>\n\n\n\n<p><strong>FUNCIONS<\/strong><\/p>\n\n\n\n<ul><li>Practicar les notificacions dels actes administratius adoptats pels \u00f2rgans municipals, d&#8217;acord amb la normativa reguladora d&#8217;aquesta mat\u00e8ria.<\/li><li>Deixar const\u00e0ncia fefaent, mitjan\u00e7ant la corresponent dilig\u00e8ncia, de la recepci\u00f3 o rebuig de la notificaci\u00f3, o, en el seu cas, de les circumst\u00e0ncies que hagin impossibilitat la seva pr\u00e0ctica.<\/li><li>Suport administratiu b\u00e0sic.<\/li><li>Qualsevol altra funci\u00f3 que li sigui encomanada d&#8217;acord amb el seu nivell de titulaci\u00f3 i grup de classificaci\u00f3 professional.<\/li><\/ul>\n\n\n\n<p>Enlla\u00e7 al Diari Oficial de la Generalitat (DOGC) amb tota la informaci\u00f3: <a href=\"https:\/\/dogc.gencat.cat\/ca\/document-del-dogc\/?documentId=946215\">https:\/\/dogc.gencat.cat\/ca\/document-del-dogc\/?documentId=946215<\/a><\/p>\n\n\n\n<p>Es crear\u00e0 una borsa de treball amb les persones aspirants que hagin superat el proc\u00e9s selectiu i no resultin nomenades. Ser\u00e0 una borsa per cobrir vacants temporals (com per exemple baixes) o per atendre necessitats urgents.<\/p>\n\n\n\n<hr class=\"wp-block-separator has-alpha-channel-opacity\"\/>\n\n\n\n<p><strong>CASTELLANO |<\/strong> Hoy viernes 23 de diciembre se abre la convocatoria de una plaza de notificador\/a, en r\u00e9gimen funcionario de carrera y sub grupo AP, incluida en la oferta p\u00fablica de ocupaci\u00f3n para la estabilizaci\u00f3n temporal. El plazo para presentar ofertas finalizar\u00e1 el lunes 23 de enero (incluido).<\/p>\n\n\n\n<p><strong>FUNCIONES<\/strong><\/p>\n\n\n\n<ul><li>Practicar las notificaciones de los actos administrativos adoptados por los \u00f3rganos municipales, de acuerdo con la normativa reguladora de esta materia.<\/li><li>Dejar constancia fehaciente, mediante la correspondiente diligencia, de la recepci\u00f3n o rechazo de la notificaci\u00f3n, o en su caso, de las circunstancias que hayan imposibilitado su pr\u00e1ctica.<\/li><li>Apoyo administrativo b\u00e1sico.<\/li><li>Cualquier otra funci\u00f3n que le sea encomendada de acuerdo con su nivel de titulaci\u00f3n y grupo de clasificaci\u00f3n profesional.<\/li><\/ul>\n\n\n\n<p>Enlace al Diario Oficial de la Generalitat (DOGC) con toda la informaci\u00f3n: <a href=\"https:\/\/dogc.gencat.cat\/ca\/document-del-dogc\/?documentId=946215\">https:\/\/dogc.gencat.cat\/ca\/document-del-dogc\/?documentId=946215<\/a><\/p>\n\n\n\n<p>Se crear\u00e1 una bolsa de trabajo con las personas aspirantes que hayan superado el proceso selectivo y no resulten nombradas. Ser\u00e1 una bolsa para cubrir vacantes temporales (como por ejemplo bajas) o para atender necesidades urgentes.<\/p>\n","protected":false},"excerpt":{"rendered":"<p>Avui divendres 23 de desembre s\u2019obre la convocat\u00f2ria d\u2019una pla\u00e7a de notificador\/a, en r\u00e8gim funcionari de carrera i subgrup AP, inclosa en l\u2019oferta p\u00fablica d\u2019ocupaci\u00f3 per a l\u2019estabilitzaci\u00f3 de l\u2019ocupaci\u00f3 &hellip; <a href=\"https:\/\/bisbalpenedes.com\/web\/2022\/12\/23\/sobre-la-convocatoria-duna-placa-de-notificador-a-a-lajuntament-de-la-bisbal-del-penedes-per-merits\/\" class=\"more-link\">Read More<\/a><\/p>\n","protected":false},"author":4,"featured_media":24456,"comment_status":"closed","ping_status":"closed","sticky":false,"template":"","format":"standard","meta":[],"categories":[8],"tags":[],"_links":{"self":[{"href":"https:\/\/bisbalpenedes.com\/web\/wp-json\/wp\/v2\/posts\/24437"}],"collection":[{"href":"https:\/\/bisbalpenedes.com\/web\/wp-json\/wp\/v2\/posts"}],"about":[{"href":"https:\/\/bisbalpenedes.com\/web\/wp-json\/wp\/v2\/types\/post"}],"author":[{"embeddable":true,"href":"https:\/\/bisbalpenedes.com\/web\/wp-json\/wp\/v2\/users\/4"}],"replies":[{"embeddable":true,"href":"https:\/\/bisbalpenedes.com\/web\/wp-json\/wp\/v2\/comments?post=24437"}],"version-history":[{"count":2,"href":"https:\/\/bisbalpenedes.com\/web\/wp-json\/wp\/v2\/posts\/24437\/revisions"}],"predecessor-version":[{"id":24439,"href":"https:\/\/bisbalpenedes.com\/web\/wp-json\/wp\/v2\/posts\/24437\/revisions\/24439"}],"wp:featuredmedia":[{"embeddable":true,"href":"https:\/\/bisbalpenedes.com\/web\/wp-json\/wp\/v2\/media\/24456"}],"wp:attachment":[{"href":"https:\/\/bisbalpenedes.com\/web\/wp-json\/wp\/v2\/media?parent=24437"}],"wp:term":[{"taxonomy":"category","embeddable":true,"href":"https:\/\/bisbalpenedes.com\/web\/wp-json\/wp\/v2\/categories?post=24437"},{"taxonomy":"post_tag","embeddable":true,"href":"https:\/\/bisbalpenedes.com\/web\/wp-json\/wp\/v2\/tags?post=24437"}],"curies":[{"name":"wp","href":"https:\/\/api.w.org\/{rel}","templated":true}]}}