{"id":24434,"date":"2022-12-23T10:28:50","date_gmt":"2022-12-23T08:28:50","guid":{"rendered":"https:\/\/bisbalpenedes.com\/web\/?p=24434"},"modified":"2022-12-23T10:40:31","modified_gmt":"2022-12-23T08:40:31","slug":"sobre-la-convocatoria-duna-placa-de-tecnic-a-docupacio-formacio-i-joventut-a-lajuntament-de-la-bisbal-del-penedes-per-concurs-oposicio","status":"publish","type":"post","link":"https:\/\/bisbalpenedes.com\/web\/2022\/12\/23\/sobre-la-convocatoria-duna-placa-de-tecnic-a-docupacio-formacio-i-joventut-a-lajuntament-de-la-bisbal-del-penedes-per-concurs-oposicio\/","title":{"rendered":"S\u2019obre la convocat\u00f2ria d\u2019una pla\u00e7a de t\u00e8cnic\/a d\u2019ocupaci\u00f3, formaci\u00f3 i joventut a l\u2019Ajuntament de la Bisbal del Pened\u00e8s, per concurs oposici\u00f3"},"content":{"rendered":"\n<p>Avui divendres 23 de desembre s\u2019obre la convocat\u00f2ria d\u2019una pla\u00e7a de t\u00e8cnic\/a d\u2019ocupaci\u00f3, formaci\u00f3 i joventut, en r\u00e8gim laboral fix i grup A1, inclosa en l\u2019oferta p\u00fablica d\u2019ocupaci\u00f3 per a l\u2019estabilitzaci\u00f3 de l\u2019ocupaci\u00f3 temporal. El termini per presentar ofertes finalitzar\u00e0 el dilluns 23 de gener (incl\u00f2s).<\/p>\n\n\n\n<p><strong>FUNCIONS<\/strong><\/p>\n\n\n\n<p>OCUPACI\u00d3:<\/p>\n\n\n\n<ul><li>An\u00e0lisi, disseny i planificaci\u00f3 de les pol\u00edtiques actives d&#8217;ocupaci\u00f3.<\/li><li>Prospecci\u00f3 del mercat de treball local.<\/li><li>Impuls de la contractaci\u00f3 laboral en determinats sectors i activitats.<\/li><li>Millora de l&#8217;ocupabilitat de les persones en situaci\u00f3 d&#8217;atur.<\/li><li>Promoci\u00f3 de la qualificaci\u00f3 professional de les persones en situaci\u00f3 d&#8217;atur.<\/li><li>Impuls de programes formatius.<\/li><li>Promoci\u00f3 d&#8217;una major diversificaci\u00f3 professional de les dones.<\/li><\/ul>\n\n\n\n<p>FORMACI\u00d3 INTERNA:<\/p>\n\n\n\n<ul><li>An\u00e0lisi, disseny i planificaci\u00f3 de l&#8217;oferta formativa destinada als\/les empleats\/des municipals.<\/li><li>Organitzaci\u00f3 de cursos de formaci\u00f3 per als\/les empleats\/des municipals.<\/li><\/ul>\n\n\n\n<p>JOVENTUT:<\/p>\n\n\n\n<ul><li>An\u00e0lisi, disseny i planificaci\u00f3 de les pol\u00edtiques de joventut.<\/li><li>Elaboraci\u00f3, execuci\u00f3 i avaluaci\u00f3 del Pla local de joventut i dels corresponents Projectes d&#8217;actuaci\u00f3.<\/li><li>Sol\u00b7licitud, gesti\u00f3 i seguiment de les subvencions convocades per la Direcci\u00f3 general de joventut i altres organismes.<\/li><li>Coordinaci\u00f3 amb l&#8217;\u00c0rea de joventut del Consell Comarcal del Baix Pened\u00e8s, participant en la Taula comarcal de joventut i fent seguiment de l&#8217;execuci\u00f3 del Programa \u00abJove Baix Pened\u00e8s\u00bb al municipi.<\/li><li>Informaci\u00f3 i assessorament als\/les joves sobre els diferents eixos.<\/li><li>Dinamitzaci\u00f3 d&#8217;activitats i suport als\/les joves i\/o entitats juvenils del municipi.<\/li><li>Foment de l&#8217;associacionisme, la participaci\u00f3 i l&#8217;autonomia juvenils.<\/li><li>Promoci\u00f3 dels diferents serveis de l&#8217;\u00e0rea de joventut.<\/li><\/ul>\n\n\n\n<p>Enlla\u00e7 al Diari Oficial de la Generalitat (DOGC) amb tota la informaci\u00f3:<\/p>\n\n\n\n<p><a href=\"https:\/\/dogc.gencat.cat\/ca\/document-del-dogc\/?documentId=946318\">https:\/\/dogc.gencat.cat\/ca\/document-del-dogc\/?documentId=946318<\/a><\/p>\n\n\n\n<p>Es crear\u00e0 una borsa de treball amb les persones aspirants que hagin superat el proc\u00e9s selectiu i no resultin nomenades. Ser\u00e0 una borsa per cobrir vacants temporals (com per exemple baixes) o per atendre necessitats urgents.<\/p>\n\n\n\n<hr class=\"wp-block-separator has-alpha-channel-opacity\"\/>\n\n\n\n<p><strong>CASTELLANO |<\/strong> Hoy viernes 23 de diciembre se abre la convocatoria de una plaza de t\u00e9cnico\/a de ocupaci\u00f3n, formaci\u00f3n y juventud, en r\u00e9gimen laboral fijo y grupo A1, incluida en la oferta p\u00fablica de ocupaci\u00f3n para la estabilizaci\u00f3n de la ocupaci\u00f3n temporal. El plazo para presentar ofertas finalizar\u00e1 el lunes 23 de enero (incluido).<\/p>\n\n\n\n<p><strong>FUNCIONES<\/strong><\/p>\n\n\n\n<p>OCUPACI\u00d3N:<\/p>\n\n\n\n<ul><li>An\u00e1lisis, dise\u00f1o y planificaci\u00f3n de las pol\u00edticas activas de ocupaci\u00f3n.<\/li><li>Prospecci\u00f3n del mercado de trabajo local.<\/li><li>Impuso de la contrataci\u00f3n laboral en determinados sectores y actividades.<\/li><li>Mejora de la ocupaci\u00f3n de las personas en situaci\u00f3n de paro.<\/li><li>Promoci\u00f3n de la cualificaci\u00f3n profesional de las personas en situaci\u00f3n de paro.<\/li><li>Impulso de programas formativos.<\/li><li>Promoci\u00f3n de una mayor diversificaci\u00f3n profesional de las mujeres.<\/li><\/ul>\n\n\n\n<p>FORMACI\u00d3N INTERNA:<\/p>\n\n\n\n<ul><li>An\u00e1lisis, dise\u00f1o y planificaci\u00f3n de la oferta formativa destinada a los\/las empleados\/das municipales.<\/li><li>Organizaci\u00f3n de cursos de formaci\u00f3n para los\/las empleados\/as municipales.<\/li><\/ul>\n\n\n\n<p>JUVENTUD<\/p>\n\n\n\n<ul><li>An\u00e1lisis, dise\u00f1o y planificaci\u00f3n de las pol\u00edticas de juventud.<\/li><li>Elaboraci\u00f3n, ejecuci\u00f3n y evaluaci\u00f3n del Plan local de juventud y de los correspondientes Proyectos de actuaci\u00f3n.<\/li><li>Solicitud, gesti\u00f3n y seguimiento de las subvenciones convocadas por la Direcci\u00f3n general de juventud y otros organismos.<\/li><li>Coordinaci\u00f3n con el \u00c1rea de juventud del Consell Comarcal del Baix Pened\u00e8s, participando en la Mesa comarcal de juventud y haciendo seguimiento de la ejecuci\u00f3n del Programa \u00abJove Baix Pened\u00e8s\u00bb en el municipio.<\/li><li>Informaci\u00f3n y asesor\u00eda a los j\u00f3venes sobre los distintos ejes.<\/li><li>Dinamizaci\u00f3n de actividades y apoyo a los\/las j\u00f3venes y\/o entidades juveniles del municipio.<\/li><li>Fomento del asociacionismo, la participaci\u00f3n y la autonom\u00eda juveniles.<\/li><li>Promoci\u00f3n de los distintos servicios del \u00e1rea de juventud.<\/li><\/ul>\n\n\n\n<p>Enlace al Diario Oficial de la Generalitat (DOGC) con toda la informaci\u00f3n: <a href=\"https:\/\/dogc.gencat.cat\/ca\/document-del-dogc\/?documentId=946318\">https:\/\/dogc.gencat.cat\/ca\/document-del-dogc\/?documentId=946318<\/a><\/p>\n\n\n\n<p>Se crear\u00e1 una bolsa de trabajo con las personas aspirantes que hayan superado el proceso selectivo y no resulten nombradas. Ser\u00e1 una bolsa para cubrir vacantes temporales (como por ejemplo bajas) o para atender necesidades urgentes.<\/p>\n","protected":false},"excerpt":{"rendered":"<p>Avui divendres 23 de desembre s\u2019obre la convocat\u00f2ria d\u2019una pla\u00e7a de t\u00e8cnic\/a d\u2019ocupaci\u00f3, formaci\u00f3 i joventut, en r\u00e8gim laboral fix i grup A1, inclosa en l\u2019oferta p\u00fablica d\u2019ocupaci\u00f3 per a &hellip; <a href=\"https:\/\/bisbalpenedes.com\/web\/2022\/12\/23\/sobre-la-convocatoria-duna-placa-de-tecnic-a-docupacio-formacio-i-joventut-a-lajuntament-de-la-bisbal-del-penedes-per-concurs-oposicio\/\" class=\"more-link\">Read More<\/a><\/p>\n","protected":false},"author":4,"featured_media":24455,"comment_status":"closed","ping_status":"closed","sticky":false,"template":"","format":"standard","meta":[],"categories":[8],"tags":[12,210,393,5697,5696],"_links":{"self":[{"href":"https:\/\/bisbalpenedes.com\/web\/wp-json\/wp\/v2\/posts\/24434"}],"collection":[{"href":"https:\/\/bisbalpenedes.com\/web\/wp-json\/wp\/v2\/posts"}],"about":[{"href":"https:\/\/bisbalpenedes.com\/web\/wp-json\/wp\/v2\/types\/post"}],"author":[{"embeddable":true,"href":"https:\/\/bisbalpenedes.com\/web\/wp-json\/wp\/v2\/users\/4"}],"replies":[{"embeddable":true,"href":"https:\/\/bisbalpenedes.com\/web\/wp-json\/wp\/v2\/comments?post=24434"}],"version-history":[{"count":1,"href":"https:\/\/bisbalpenedes.com\/web\/wp-json\/wp\/v2\/posts\/24434\/revisions"}],"predecessor-version":[{"id":24435,"href":"https:\/\/bisbalpenedes.com\/web\/wp-json\/wp\/v2\/posts\/24434\/revisions\/24435"}],"wp:featuredmedia":[{"embeddable":true,"href":"https:\/\/bisbalpenedes.com\/web\/wp-json\/wp\/v2\/media\/24455"}],"wp:attachment":[{"href":"https:\/\/bisbalpenedes.com\/web\/wp-json\/wp\/v2\/media?parent=24434"}],"wp:term":[{"taxonomy":"category","embeddable":true,"href":"https:\/\/bisbalpenedes.com\/web\/wp-json\/wp\/v2\/categories?post=24434"},{"taxonomy":"post_tag","embeddable":true,"href":"https:\/\/bisbalpenedes.com\/web\/wp-json\/wp\/v2\/tags?post=24434"}],"curies":[{"name":"wp","href":"https:\/\/api.w.org\/{rel}","templated":true}]}}