{"id":24421,"date":"2022-12-22T12:51:09","date_gmt":"2022-12-22T10:51:09","guid":{"rendered":"https:\/\/bisbalpenedes.com\/web\/?p=24421"},"modified":"2022-12-22T12:53:34","modified_gmt":"2022-12-22T10:53:34","slug":"aquest-dilluns-19-de-desembre-sha-celebrat-el-darrer-ple-ordinari-de-lany-de-lajuntament-de-la-bisbal-del-penedes","status":"publish","type":"post","link":"https:\/\/bisbalpenedes.com\/web\/2022\/12\/22\/aquest-dilluns-19-de-desembre-sha-celebrat-el-darrer-ple-ordinari-de-lany-de-lajuntament-de-la-bisbal-del-penedes\/","title":{"rendered":"Aquest dilluns 19 de desembre s\u2019ha celebrat el darrer Ple ordinari de l\u2019any de l\u2019Ajuntament de la Bisbal del Pened\u00e8s"},"content":{"rendered":"\n<figure class=\"wp-block-embed is-type-video is-provider-youtube wp-block-embed-youtube wp-embed-aspect-16-9 wp-has-aspect-ratio\"><div class=\"wp-block-embed__wrapper\">\n<iframe loading=\"lazy\" title=\"Ajuntament de la Bisbal del Pened\u00e8s. Ple ordinari de 19 de desembre de 2022\" width=\"1170\" height=\"658\" src=\"https:\/\/www.youtube.com\/embed\/MQjE4u6rgRc?feature=oembed\" frameborder=\"0\" allow=\"accelerometer; autoplay; clipboard-write; encrypted-media; gyroscope; picture-in-picture\" allowfullscreen><\/iframe>\n<\/div><\/figure>\n\n\n\n<p>Aquest dilluns 19 de desembre, a les 19h, la sala de Plens ha acollit la celebraci\u00f3 del Ple ordinari de l\u2019Ajuntament de la Bisbal del Pened\u00e8s corresponent al darrer trimestre de 2022.<\/p>\n\n\n\n<p>A l\u2019inici del Ple, s\u2019ha disculpat l\u2019assist\u00e8ncia de la regidora S\u00edlvia Monfort (ERC-AM).<\/p>\n\n\n\n<p>Al Ple, s\u2019hi han tractat els punts seg\u00fcents:<\/p>\n\n\n\n<p><strong>PART RESOLUTIVA<\/strong><\/p>\n\n\n\n<p><strong>1.-Acta del Ple ordinari del 19\/09\/2022.<\/strong><\/p>\n\n\n\n<p>S\u2019ha aprovat per unanimitat (el regidor Xavier Faura, d\u2019Units per la Bisbal-FIC no va assistir en aquell Ple i no votava en aquest punt).<\/p>\n\n\n\n<p><strong>2.-Acta del Ple extraordinari del 31\/10\/2022.<\/strong><\/p>\n\n\n\n<p>S\u2019ha aprovat per unanimitat (les regidores Maguy Antol\u00edn, d\u2019Ara la Bisbal, i S\u00edlvia Monfort, d\u2019ERC-AM, no van assistir en aquest Ple i no votaven en aquest punt).<\/p>\n\n\n\n<p><strong>3.-Acta del Ple extraordinari del 29\/11\/2022.<\/strong><\/p>\n\n\n\n<p>S\u2019ha aprovat per unanimitat dels assistents.<\/p>\n\n\n\n<p><strong>4.-Calendari fiscal del 2023.<\/strong><\/p>\n\n\n\n<p>S\u2019ha aprovat per unanimitat.<\/p>\n\n\n\n<p>El calendari fiscal per a l\u2019any 2023, ser\u00e0 el seg\u00fcent:<\/p>\n\n\n\n<figure class=\"wp-block-table\"><table><tbody><tr><td><strong>CONCEPTE<\/strong><\/td><td class=\"has-text-align-center\" data-align=\"center\"><strong>PER\u00cdODE DE PAGAMENT<\/strong><\/td><\/tr><tr><td>Taxa conservaci\u00f3 cementiri<\/td><td class=\"has-text-align-center\" data-align=\"center\">31\/01\/2023 \u2013 31\/03\/2023<\/td><\/tr><tr><td>Taxa escombraries (1r rebut)<\/td><td class=\"has-text-align-center\" data-align=\"center\">31\/03\/2023 \u2013 31\/05\/2023<\/td><\/tr><tr><td>Impost vehicles tracci\u00f3 mec\u00e0nica<\/td><td class=\"has-text-align-center\" data-align=\"center\">31\/03\/2023 \u2013 31\/05\/2023<\/td><\/tr><tr><td>IBI urbana (1r rebut)<\/td><td class=\"has-text-align-center\" data-align=\"center\">28\/04\/2023 \u2013 30\/06\/2023<\/td><\/tr><tr><td>IBI caracter\u00edstiques especials<\/td><td class=\"has-text-align-center\" data-align=\"center\">28\/04\/2023 \u2013 30\/06\/2023<\/td><\/tr><tr><td>IBI r\u00fastica<\/td><td class=\"has-text-align-center\" data-align=\"center\">30\/06\/2023 \u2013 31\/08\/2023<\/td><\/tr><tr><td>Taxa d\u2019ocupaci\u00f3 domini p\u00fablic<\/td><td class=\"has-text-align-center\" data-align=\"center\">30\/06\/2023 \u2013 31\/08\/2023<\/td><\/tr><tr><td>IAE<\/td><td class=\"has-text-align-center\" data-align=\"center\">28\/07\/2023 \u2013 29\/09\/2023<\/td><\/tr><tr><td>Taxa d\u2019escombraries (2n rebut)<\/td><td class=\"has-text-align-center\" data-align=\"center\">28\/07\/2023 \u2013 29\/09\/2023<\/td><\/tr><tr><td>IBI urbana (2n rebut)<\/td><td class=\"has-text-align-center\" data-align=\"center\">31\/08\/2023 \u2013 31\/10\/2023<\/td><\/tr><\/tbody><\/table><\/figure>\n\n\n\n<p><strong>5.-Pla estrat\u00e8gic de subvencions del 2023<\/strong><\/p>\n\n\n\n<p>S\u2019ha aprovat amb els vots a favor de Comprom\u00eds amb la Bisbal (6), les abstencions del PSC (2) i Units per la Bisbal-FIC (1) i el vot en contra d\u2019Ara la Bisbal (1).<\/p>\n\n\n\n<p>S\u2019aprova el Pla estrat\u00e8gic de subvencions per al 2023 amb un total de 174.620\u20ac. Aquest import es destinar\u00e0 a concedir subvencions a favor de persones o entitats privades amb l\u2019objectiu de fomentar la realitzaci\u00f3 d\u2019activitats d\u2019utilitat p\u00fablica o d\u2019inter\u00e8s local. Les subvencions, per al 2023, es divideixen en set \u00e0rees:<\/p>\n\n\n\n<p><span style=\"text-decoration: underline;\">Prevenci\u00f3 i extinci\u00f3 d\u2019incendis: <\/span>5.000\u20ac<\/p>\n\n\n\n<p>Conveni amb l\u2019ADF Clot de Bou.<\/p>\n\n\n\n<p><span style=\"text-decoration: underline;\">Assist\u00e8ncia Social Prim\u00e0ria:<\/span> 10.000\u20ac<\/p>\n\n\n\n<p>Ajuts a fam\u00edlies vulnerables: 10.000\u20ac<\/p>\n\n\n\n<p>Ajudes econ\u00f2miques d\u2019urg\u00e8ncia social per atendre necessitats puntuals i b\u00e0siques de subsist\u00e8ncia de persones en situaci\u00f3 de vulnerabilitat i exclusi\u00f3 social. S\u00f3n de concessi\u00f3 directa, pr\u00e8via valoraci\u00f3 de serveis socials.<\/p>\n\n\n\n<p><span style=\"text-decoration: underline;\">Foment de l\u2019ocupaci\u00f3: <\/span>20.000\u20ac<\/p>\n\n\n\n<p>-Subvenci\u00f3 per a la creaci\u00f3 de llocs de treball: 10.000\u20ac<\/p>\n\n\n\n<p>Subvenci\u00f3 per a la creaci\u00f3 de llocs de treball durant el 2022, per part d\u2019empreses ubicades al terme municipal de la Bisbal. \u00c9s per concurr\u00e8ncia competitiva i la convocat\u00f2ria s\u2019aprovar\u00e0 durant el 2023.<\/p>\n\n\n\n<p>-Subvenci\u00f3 per a nous aut\u00f2noms: 10.000\u20ac<\/p>\n\n\n\n<p>Subvenci\u00f3 per a bisbalencs i bisbalenques que s\u2019hagin establert com a aut\u00f2noms\/es durant el 2022. S\u2019aprovar\u00e0 la convocat\u00f2ria durant el 2023.<\/p>\n\n\n\n<p><span style=\"text-decoration: underline;\">Ensenyament:<\/span> 62.620\u20ac<\/p>\n\n\n\n<p>-Subvenci\u00f3 per a l\u2019Escola Ull de Vent: 16.620\u20ac<\/p>\n\n\n\n<p>Subvenci\u00f3 nominativa a l\u2019Escola Ull de Vent de la Bisbal del Pened\u00e8s per al curs 2022\/23, per a material escolar.<\/p>\n\n\n\n<p>-Subvencions escolars de prim\u00e0ria de l\u2019Escola Ull de Vent: llibres, transport escolar i menjador escolar: 36.000\u20ac<\/p>\n\n\n\n<p>Amb aquestes subvencions es pret\u00e9n ajudar les fam\u00edlies de la Bisbal del Pened\u00e8s a fer front a les despeses derivades de l\u2019adquisici\u00f3 dels llibres de text de prim\u00e0ria, i dels serveis de transport i menjador escolars, aix\u00ed com afavorir la socialitzaci\u00f3 d\u2019aquests llibres, fomentar l\u2019\u00fas del transport escolar del Consell Comarcal del Baix Pened\u00e8s i facilitar la conciliaci\u00f3 de la vida familiar i laboral.<\/p>\n\n\n\n<p>-Subvenci\u00f3 per als llibres escolars de l\u2019Institut Coster de la Torre: 10.000\u20ac<\/p>\n\n\n\n<p>Subvencions en mat\u00e8ria d\u2019ensenyament per a l\u2019adquisici\u00f3 dels llibres de text de l\u2019Institut Coster de la Torre per al curs 2022\/23.<\/p>\n\n\n\n<p><span style=\"text-decoration: underline;\">Promoci\u00f3 Cultural:<\/span> 49.000\u20ac<\/p>\n\n\n\n<p>-Premis del concurs literari de Sant Jordi: 1.500\u20ac<\/p>\n\n\n\n<p>-Subvencions per a entitats i associacions: 5.000\u20ac<\/p>\n\n\n\n<p>Subvencions per a entitats culturals i associacions de ve\u00efns del municipi, destinades al finan\u00e7ament de les activitats que organitzin i de les despeses ordin\u00e0ries que suportin durant l\u2019exercici 2023.<\/p>\n\n\n\n<p>-Convenis amb entitats per al 2023: 42.500\u20ac<\/p>\n\n\n\n<ul><li>La Societat: 12.000\u20ac<\/li><li>Ball de Diables: 15.000\u20ac<\/li><li>Colla Castellera de la Bisbal del Pened\u00e8s (Bous): 11.500\u20ac<\/li><li>Cors Antistiana: 4.000\u20ac<\/li><\/ul>\n\n\n\n<p><span style=\"text-decoration: underline;\">Promoci\u00f3 de l\u2019esport:<\/span> 25.000\u20ac<\/p>\n\n\n\n<ul><li>Patrocinis esportius: 2.000\u20ac<\/li><li>Conveni amb Joventut Bisbalenca CF: 23.000\u20ac<\/li><\/ul>\n\n\n\n<p><span style=\"text-decoration: underline;\">Subvencions a la natalitat i adopci\u00f3:<\/span> 3.000\u20ac<\/p>\n\n\n\n<p>Subvencions a les fam\u00edlies que hagin tingut o adoptat un\/a fill\/a durant l\u2019any 2022, consistents en un ajut de car\u00e0cter econ\u00f2mic, d\u2019import de 100\u20ac, en 10 vals de compra de 10\u20ac cadascun, per a ser bescanviats -per b\u00e9ns i serveis- en els comer\u00e7os adherits a la campanya.<\/p>\n\n\n\n<p><strong>6.-Modificaci\u00f3 de la retribuci\u00f3 de l\u2019alcaldessa<\/strong><\/p>\n\n\n\n<p>S\u2019ha aprovat amb els vots a favor de Comprom\u00eds amb la Bisbal (6), PSC (2) i Units per la Bisbal \u2013 FIC (1) i l\u2019abstenci\u00f3 d\u2019Ara la Bisbal (1).<\/p>\n\n\n\n<p>L\u2019alcaldessa de la Bisbal del Pened\u00e8s, Agn\u00e8s Ferr\u00e9, va prendre possessi\u00f3 com a diputada de la Diputaci\u00f3 de Tarragona el passat 16 de desembre. Els Diputats i Diputades del govern, reben retribuci\u00f3 en dedicaci\u00f3 parcial o exclusiva. L\u2019alcaldessa bisbalenca ha escollit retribuci\u00f3 en dedicaci\u00f3 parcial a la Diputaci\u00f3 i indemnitzacions per assist\u00e8ncies als \u00f2rgans col\u00b7legiats de l\u2019Ajuntament i, per aquest motiu, ha renunciat a la retribuci\u00f3 de dedicaci\u00f3 exclusiva de l\u2019Ajuntament des del 16 de desembre.<\/p>\n\n\n\n<p><strong>7.-Aprovaci\u00f3 inicial del Pla director del subministrament d\u2019aigua potable i clavegueram.<\/strong><\/p>\n\n\n\n<p>S\u2019ha aprovat per unanimitat.<\/p>\n\n\n\n<p>El contracte del servei d\u2019abastament d\u2019aigua potable i clavegueram amb Aqualia inclou la redacci\u00f3 del Pla director del servei per part de l\u2019empresa, efectuant una diagnosi i una an\u00e0lisi de les necessitats actuals i futures i proposant actuacions encaminades a la planificaci\u00f3 del creixement, adequaci\u00f3 i millora de les xarxes i de les instal\u00b7lacions. Segons la regidora del Servei d\u2019Abastament d\u2019Aigua, Leo Uceda, <em>\u201ca l\u2019Ajuntament no hi havia cap estudi de l\u2019estat de les xarxes d\u2019aigua ni de quines inversions s\u2019havien de fer per millorar el servei\u201d.<\/em> Per aquest motiu, s\u2019ha redactat i s\u2019ha elevat al Ple aquest Pla director, que permet <em>\u201ccon\u00e8ixer l\u2019estat de les xarxes i, a partir d\u2019aqu\u00ed, donar soluci\u00f3 a les mancances existents\u201d.<\/em><\/p>\n\n\n\n<p>Els objectius del Pla director s\u00f3n els seg\u00fcents:<\/p>\n\n\n\n<ul><li>Inventariar la xarxa de subministrament d\u2019aigua i de clavegueram existent dels nuclis urbans del municipi.<\/li><li>Estudiar l\u2019estat actual de les xarxes de subministrament d\u2019aigua i clavegueram del municipi.<\/li><li>Analitzar el funcionament de les xarxes en un horitz\u00f3 temporal fixat en el 2023, tenint en compte el creixement urban\u00edstic, demogr\u00e0fic i econ\u00f2mic previst.<\/li><li>Realitzar anualment una proposta de pla d\u2019inversions necess\u00e0ries per garantir el correcte funcionament de les xarxes de subministrament i clavegueram.<\/li><\/ul>\n\n\n\n<p>Uceda ha explicat que <em>\u201cen les comissions de seguiment del servei d\u2019aigua i clavegueram dels darrers mesos, hem treballat les inversions a realitzar el 2023 en les millores a la xarxa d\u2019aigua, que s\u00f3n les que consten al pressupost\u201d.<\/em> L\u2019import d\u2019aquestes ascendeix a m\u00e9s d\u2019un mili\u00f3 d\u2019euros. S\u00f3n les seg\u00fcents:<\/p>\n\n\n\n<p>-Actuaci\u00f3 de millora a la xarxa del Priorat:<\/p>\n\n\n\n<ul><li>Canviar i soterrar 437 metres de tubs als carrer Zamora, Cuenca, Teruel, C\u00f3rdoba i la Coru\u00f1a.<\/li><li>Canviar les v\u00e0lvules reguladores al carrer Huesca i a la intersecci\u00f3 del carrer Huesca amb l\u2019avinguda del Priorat.<\/li><li>Fer les unions a la xarxa de l\u2019avinguda del Priorat, en els punts on la canonada no t\u00e9 continu\u00eftat (S\u00f2ria, Guadalajara, Cuenca, Zamora, San Sebasti\u00e1n, Burgos i Badajoz), per evitar punts cecs d\u2019acumulaci\u00f3 de brut\u00edcia i millorar les pressions a la xarxa.<\/li><\/ul>\n\n\n\n<p>-Actuaci\u00f3 de millora a la xarxa de Can Gordei:<\/p>\n\n\n\n<ul><li>Canviar i soterrar 693 metres de tub als carrers Llobregat, Ebre, Tordera i Bes\u00f2s.<\/li><li>Instal\u00b7lar 3 v\u00e0lvules reguladores al carrer Cinca amb el carrer Noguera Pallaresa, carrer Segre amb l\u2019avinguda Can Gordei i carrer Ter amb carrer Gai\u00e0, on tamb\u00e9 s\u2019hi instal\u00b7lar\u00e0 un comptador volum\u00e8tric.<\/li><\/ul>\n\n\n\n<p>-Telecontrol i altres inversions al pou de l\u2019Esplai per a la recepci\u00f3 d\u2019aquest per part d\u2019Aqualia.<\/p>\n\n\n\n<p>-Instal\u00b7laci\u00f3 de reguladora de pressi\u00f3 a la Masieta.<\/p>\n\n\n\n<p>-Canvi de la xarxa d\u2019aigua del barri de la Riba.<\/p>\n\n\n\n<p>A partir d\u2019aquest Pla director, el 2023 es marcaran i pressupostaran les inversions a realitzar durant el 2024 i, aix\u00ed, successivament.<\/p>\n\n\n\n<p><strong>8.-Reconeixement extrajudicial de cr\u00e8dits.<\/strong><\/p>\n\n\n\n<p>S\u2019ha aprovat per unanimitat.<\/p>\n\n\n\n<p>S\u2019aprova el pagament d\u2019una factura de material d\u2019enllumenat p\u00fablic del 30 de novembre de 2018 per un import de 245\u20ac.<\/p>\n\n\n\n<p>Segons ha explicat l\u2019alcaldessa del municipi, Agn\u00e8s Ferr\u00e9, <em>\u201cla factura no va arribar a l\u2019Ajuntament fins al mar\u00e7 de 2022, a l\u2019inici de la pand\u00e8mia, i no es va tramitar, va quedar pendent\u201d.<\/em><\/p>\n\n\n\n<p>Enguany, l\u2019empresa ha reclamat aquest pagament i com que es tracta d\u2019un pagament d\u2019un altre exercici, calia fer l\u2019aprovaci\u00f3&nbsp; per ple, per poder aprovar la factura i el pagament.<\/p>\n\n\n\n<p><strong>9.-Modificaci\u00f3 de les bases reguladores de les subvencions en mat\u00e8ria d\u2019ensenyament.<\/strong><\/p>\n\n\n\n<p>S\u2019ha aprovat amb els vots a favor de Comprom\u00eds amb la Bisbal (6), PSC (2) i Units per la Bisbal-FIC (1) i el vot en contra d\u2019Ara la Bisbal (1).<\/p>\n\n\n\n<p>L\u2019AMPA de l\u2019Escola Ull de vent ha comunicat a l\u2019Ajuntament de la Bisbal del Pened\u00e8s que no s\u2019encarregar\u00e0 directament del reciclatge ni de la socialitzaci\u00f3 dels llibres de text i que ho gestionar\u00e0 una empresa, de la mateixa manera que es fa a l\u2019Institut Coster de la Torre. Per aquest motiu, s\u2019ha elevat al Ple la modificaci\u00f3 de les bases de subvencions d\u2019ensenyament, tornant a incloure la subvenci\u00f3 per als llibres de l\u2019escola. Segons ha explicat la regidora d\u2019Ensenyament, Leo Uceda, \u201c<em>aprofitem aquesta modificaci\u00f3 per simplificar les bases\u201d.<\/em> Aix\u00ed, en comptes de quatre convocat\u00f2ries de subvencions per a les fam\u00edlies en mat\u00e8ria d\u2019ensenyament (convocat\u00f2ria de subvencions per als llibres de l\u2019escola Ull de Vent, dins del programa de socialitzaci\u00f3 de llibres; convocat\u00f2ria de subvencions per al menjador escolar de l\u2019Escola Ull de Vent; convocat\u00f2ria de subvencions per al transport escolar de l\u2019Escola Ull de Vent; i convocat\u00f2ria de subvencions per als llibres d\u2019ESO de l\u2019Institut Coster de la Torre, dins del programa de socialitzaci\u00f3 de llibres), es proposen dues \u00faniques convocat\u00f2ries de subvencions per a les fam\u00edlies, en mat\u00e8ria d\u2019ensenyament:<\/p>\n\n\n\n<ul><li><strong>1.-Convocat\u00f2ria de subvencions als\/les alumnes de prim\u00e0ria de l\u2019Escola Ull de Vent.<\/strong><br>Inclour\u00e0: transport escolar, transport escolar intramunicipal (prestat pel Consell Comarcal del Baix Pened\u00e8s), llibres de text dins del programa de socialitzaci\u00f3 de llibres i menjador escolar.<br>Les fam\u00edlies sol\u00b7liciten la subvenci\u00f3 i es concedir\u00e0 per un m\u00e0xim de 500\u20ac per alumne\/a i curs acad\u00e8mic. Leo Uceda ha explicat que <em>\u201cl\u2019import s\u2019ha calculat sumant els llibres, el menjador escolar i els transport i, per tant, se segueix subvencionant el mateix que en anys anteriors\u201d.<\/em><\/li><li><strong>2.-Convocat\u00f2ria de subvencions als\/les alumnes de la secund\u00e0ria obligat\u00f2ria de l\u2019Institut Coster de la Torre, per&nbsp; als llibres de text dins del programa de socialitzaci\u00f3 de llibres. L\u2019import m\u00e0xim a subvencionar \u00e9s de 200\u20ac i no varia respecte als anys anteriors.<\/strong><br>Aquestes convocat\u00f2ries ja seran d\u2019aplicaci\u00f3 per a aquest curs 2022\/23 i s\u2019aprovaran a final de curs.<\/li><\/ul>\n\n\n\n<p><strong>10.-Pr\u00f2rroga per al 2023 de la delegaci\u00f3 de la recollida, tractament i eliminaci\u00f3 de residus al Consell Comarcal del Baix Pened\u00e8s.<\/strong><\/p>\n\n\n\n<p>S\u2019ha aprovat amb els vots a favor de Comprom\u00eds amb la Bisbal (6), PSC (2) i Units per la Bisbal-FIC (1) i l\u2019abstenci\u00f3 d\u2019Ara la Bisbal (1).<\/p>\n\n\n\n<p>El 31 de desembre de 2022 finalitzava el conveni amb el Consell Comarcal del Baix Pened\u00e8s per a la recollida, tractament i eliminaci\u00f3 de residus. A principis de desembre, el Consell Comarcal del Baix Pened\u00e8s va comunicar a l\u2019Ajuntament de la Bisbal del Pened\u00e8s la pr\u00f2rroga del contracte del servei de recollida, transport, tractament i\/o eliminaci\u00f3 de residus un any m\u00e9s, fins al 31 de desembre de 2023. Des del Consell Comarcal del Baix Pened\u00e8s s\u2019aprovar\u00e0 properament la licitaci\u00f3 del nou servei i, per aquest motiu, es prorroga el servei actual durant el 2023.<\/p>\n\n\n\n<p>L\u2019import del servei de recollida, transport i eliminaci\u00f3 de residus per al 2023 ascendeix a 605.931,22\u20ac. El conveni millora i incrementa alguns serveis (com ara els dies de la recollida porta a porta) i el preu ha patit un augment, en part per la millora de serveis i, en part, per l\u2019increment del preu dels carburants i de les taxes per no separar correctament els residus als contenidors.<\/p>\n\n\n\n<p><strong>PART DE CONTROL<\/strong><\/p>\n\n\n\n<p><strong>11.-Donar compte dels Decrets d\u2019alcaldia<\/strong><\/p>\n\n\n\n<p>Es dona compte al Ple dels decrets d\u2019alcaldia des de l\u2019anterior Ple ordinari fins a la convocat\u00f2ria d\u2019aquest darrer Ple ordinari.<\/p>\n\n\n\n<p><strong>12.-Donar compte dels acords de la Junta de Govern.<\/strong><\/p>\n\n\n\n<p>Es dona compte al Ple dels acords de la Junta de Govern des de l\u2019anterior Ple ordinari fins a la convocat\u00f2ria d\u2019aquest darrer Ple ordinari.<\/p>\n\n\n\n<p><strong>13.-Moci\u00f3 per a la realitzaci\u00f3 d\u2019una consulta popular per via de refer\u00e8ndum, presentada per Units per la Bisbal-FIC i ERC-AM.<\/strong><\/p>\n\n\n\n<p>No s\u2019aprova. Vots a favor: Units per la Bisbal-FIC (1). Vots en contra: Comprom\u00eds amb la Bisbal (6), PSC (2) i Ara la Bisbal (1).<\/p>\n\n\n\n<p>En relaci\u00f3 amb la consulta p\u00fablica que es va dur a terme, des de l\u2019Ajuntament de la Bisbal del Pened\u00e8s, sobre la modificaci\u00f3 del planejament municipal per a la construcci\u00f3 d\u2019un nou pol\u00edgon industrial de 84 hect\u00e0rees, ERC-AM i Units per la Bisbal-FIC han presentat aquesta moci\u00f3 per a la realitzaci\u00f3 d\u2019una consulta popular per via de refer\u00e8ndum. Es proposava aprovar els seg\u00fcents acords:<\/p>\n\n\n\n<div class=\"wp-container-1 wp-block-group\"><div class=\"wp-block-group__inner-container\">\n<p>\u201cPRIMER. Convocar un refer\u00e8ndum municipal, amb una pregunta clara: \u201cEst\u00e0 a favor de la requalificaci\u00f3 de 84 hect\u00e0rees de sol no urbanitzable en urbanitzable en l\u2019\u00e0mbit dels Masos per a la instal\u00b7laci\u00f3 d\u2019un pol\u00edgon log\u00edstic?\u201d<\/p>\n\n\n\n<p>SEGON. No realitzar cap tr\u00e0mit relacionat amb la modificaci\u00f3 del planejament fins a l\u2019escrutini i resultat final del refer\u00e8ndum\u201d.<\/p>\n<\/div><\/div>\n\n\n\n<p><strong>14.-Moci\u00f3 contra el projecte de modificaci\u00f3 de normes subsidi\u00e0ries (els Masos), presentada per Ara la Bisbal.<\/strong><\/p>\n\n\n\n<p>No s\u2019aprova. Vots a favor: Units per la Bisbal-FIC (1) i Ara la Bisbal (1). Vots en contra: Comprom\u00eds amb la Bisbal (6) i PSC (2).<\/p>\n\n\n\n<p>En relaci\u00f3 amb la consulta p\u00fablica que es va dur a terme, des de l\u2019Ajuntament de la Bisbal del Pened\u00e8s, sobre la modificaci\u00f3 del planejament municipal per a la construcci\u00f3 d\u2019un nou pol\u00edgon industrial de 84 hect\u00e0rees, Ara la Bisbal ha presentat aquesta moci\u00f3 \u201ccontra el projecte de modificaci\u00f3 de les normes subsidi\u00e0ries i en ref\u00fas contundent d\u2019aquest projecte\u201d. Es proposava aprovar els seg\u00fcents acords:<\/p>\n\n\n\n<p>\u201cPRIMER. No es doni tr\u00e0mit a cap modificaci\u00f3 de les normes subsidi\u00e0ries per a la modificaci\u00f3 del sol no urbanitzable a urbanitzable.<\/p>\n\n\n\n<p>SEGON. No s\u2019inici\u00efn els tr\u00e0mits per a la revisi\u00f3 general del planejament a trav\u00e9s d\u2019un Pla d\u2019ordenaci\u00f3 urban\u00edstica municipal (POUM), que \u00e9s el que correspon legalment en aquesta situaci\u00f3, que ha de ser d\u2019iniciativa p\u00fablica i que vetlli per l\u2019inter\u00e8s del municipi i dels seus ciutadans i no als dels promotors privats\u201d.<\/p>\n\n\n\n<p><strong>15.-Donar compte de l\u2019informe final de l\u2019auditoria h\u00eddrica del sistema de prove\u00efment d\u2019aigua.<\/strong><\/p>\n\n\n\n<p>Juntament amb el Pla director del subministrament d\u2019aigua potable i clavegueram, l\u2019Ajuntament de la Bisbal del Pened\u00e8s va demanar a Aqualia que fes una auditoria h\u00eddrica del sistema de prove\u00efment de l\u2019aigua i, Aqualia, va encarregar-li al bisbalenc Josep Ma. Campanera.<\/p>\n\n\n\n<p>Segons ha explicat l\u2019alcaldessa Agn\u00e8s Ferr\u00e9 <em>\u201ces tracta d\u2019un m\u00e8tode per quantificar tots els cabals d\u2019aigua -tant els d\u2019entrada com els de sortida- d\u2019un sistema de prove\u00efment d\u2019aigua potable per entendre\u2019n l\u2019\u00fas, reduir-ne les p\u00e8rdues i, en definitiva, millorar l\u2019efici\u00e8ncia del sistema de prove\u00efment. La diagnosi t\u00e9 un doble objectiu: determinar els indicadors d\u2019efici\u00e8ncia del sistema de prove\u00efment i avaluar el potencial estalviador del sistema en el marc de la previsi\u00f3 de les demandes d\u2019aigua en el mitj\u00e0 termini\u201d.<\/em><\/p>\n\n\n\n<p>Ferr\u00e9 ha afegit que <em>\u201cles auditories h\u00eddriques i els plans de conservaci\u00f3 de l\u2019aigua s\u00f3n el cam\u00ed per reduir les necessitats d\u2019aigua subministrada en un sistema de prove\u00efment municipal amb totes les implicacions positives associades com ara les ambientals, les econ\u00f2miques i les socials. Es tracta d\u2019un document molt interessant que acompanya el Pla director i que ens servir\u00e0 per establir, durant el 2023, diverses mesures d\u2019estalvi d\u2019aigua\u201d.<\/em><\/p>\n\n\n\n<p><strong>16.-Donar compte de l\u2019informe d\u2019Intervenci\u00f3 de l\u2019execuci\u00f3 del pressupost del 3r trimestre de 2022.<\/strong><\/p>\n\n\n\n<p>El passat 28 d\u2019octubre, l\u2019Ajuntament va fer arribar al Ministeri d\u2019Hisenda i Administracions P\u00fabliques un resum de l\u2019estat d\u2019execuci\u00f3 del pressupost acumulat al final de cada trimestre.<\/p>\n\n\n\n<p><strong>17.-Donar compte de l\u2019informe d\u2019intervenci\u00f3 del per\u00edode mitj\u00e0 de pagament del 3r trimestre de 2022<\/strong><\/p>\n\n\n\n<p>Es dona compte al Ple que el per\u00edode mitj\u00e0 de pagament del 3r trimestre \u00e9s de 17,04 dies. L\u2019Ajuntament no supera el l\u00edmit el per\u00edode mitj\u00e0 de pagament a prove\u00efdors legalment previst.<\/p>\n\n\n\n<p><strong>18.-Donar compte de l\u2019informe d\u2019intervenci\u00f3 del c\u00e0lcul de l\u2019estabilitat pressupost\u00e0ria de la modificaci\u00f3 de cr\u00e8dit 1PLE\/2022<\/strong><\/p>\n\n\n\n<p>Es dona compte al Ple de l\u2019informe d\u2019intervenci\u00f3 del 13 d\u2019abril, del c\u00e0lcul de l\u2019estabilitat pressupost\u00e0ria de la modificaci\u00f3 de cr\u00e8dit 1PLE\/2022.<\/p>\n\n\n\n<p><strong>19.-Donar compte de l&#8217;informe d&#8217;Intervenci\u00f3 del c\u00e0lcul de l&#8217;estabilitat pressupost\u00e0ria de la modificaci\u00f3 de cr\u00e8dit 2PLE\/2022<\/strong><\/p>\n\n\n\n<p>Es dona compte al Ple de l\u2019informe d\u2019intervenci\u00f3 del 13 d\u2019abril, del c\u00e0lcul de l\u2019estabilitat pressupost\u00e0ria de la modificaci\u00f3 de cr\u00e8dit 2PLE\/2022.<\/p>\n\n\n\n<p><strong>20.-<\/strong><strong> Donar compte de l&#8217;informe d&#8217;Intervenci\u00f3 del c\u00e0lcul de l&#8217;estabilitat pressupost\u00e0ria de la modificaci\u00f3 de cr\u00e8dit 4PLE\/2022<\/strong><\/p>\n\n\n\n<p>Es dona compte al Ple de l\u2019informe d\u2019intervenci\u00f3 del 26 d\u2019octubre, del c\u00e0lcul de l\u2019estabilitat pressupost\u00e0ria de la modificaci\u00f3 de cr\u00e8dit 4PLE\/2022.<\/p>\n\n\n\n<p><strong>21.-<\/strong><strong> Donar compte de l&#8217;informe d&#8217;Intervenci\u00f3 del c\u00e0lcul de l&#8217;estabilitat pressupost\u00e0ria de la modificaci\u00f3 de cr\u00e8dit 5PLE\/2022<\/strong><\/p>\n\n\n\n<p>Es dona compte al Ple de l\u2019informe d\u2019intervenci\u00f3 del 24 de novembre, del c\u00e0lcul de l\u2019estabilitat pressupost\u00e0ria de la modificaci\u00f3 de cr\u00e8dit 5PLE\/2022.<\/p>\n\n\n\n<p><strong>22.-Donar compte al Ple del Pla anual de control financer 2023.<\/strong><\/p>\n\n\n\n<p>Es dona compte al Ple del Pla anual de control financer de 2023. Aquest Pla estableix la distribuci\u00f3 de les actuacions a realitzar entre personal de la mateixa intervenci\u00f3 i la contractaci\u00f3 externa d\u2019empreses d\u2019auditoria, tenint en compte el l\u00edmit temporal imposat per l\u2019article 37 del RD 424\/2017, el qual estableix que els resultats del Pla hauran d\u2019estar elaborats i lliurats abans del 30 d\u2019abril.<\/p>\n\n\n\n<p><strong>23.-Precs i preguntes.<\/strong><\/p>\n\n\n\n<hr class=\"wp-block-separator has-alpha-channel-opacity\"\/>\n\n\n\n<p><strong>CASTELLANO |<\/strong> <strong>Este lunes 19 de diciembre se ha celebrado el \u00faltimo Pleno ordinario del a\u00f1o del Ayuntamiento de la Bisbal del Pened\u00e8s<\/strong><\/p>\n\n\n\n<p>Este lunes 19 de diciembre, a las 19h, la sala de Plenos ha acogido la celebraci\u00f3n del Pleno ordinario del Ayuntamiento de la Bisbal del Pened\u00e8s correspondiente al \u00faltimo trimestre del 2022.<\/p>\n\n\n\n<p>Al iniciar el Pleno, se ha disculpado la asistencia de la regidora S\u00edlvia Monfort (ERC-AM).<\/p>\n\n\n\n<p>En el Pleno, se han tratado los puntos siguientes:<\/p>\n\n\n\n<p><strong>PARTE RESOLUTIVA<\/strong><\/p>\n\n\n\n<p><strong>1.-Acta del Pleno ordinario del 19\/09\/2022.<\/strong><\/p>\n\n\n\n<p>Se ha aprobado por unanimidad (el regidor Xavier Faura, de Units per la Bisbal-FIC no asisti\u00f3 a aquel Pleno y no votaba en este punto).<\/p>\n\n\n\n<p><strong>2.-Acta del Pleno extraordinario del 31\/10\/2022.<\/strong><\/p>\n\n\n\n<p>Se ha aprobado por unanimidad (las concejalas Maguy Antol\u00edn, de Ara la Bisbal, y S\u00edlvia Monfort, de ERC-AM, no asistieron a este Pleno y no votaban en este punto).<\/p>\n\n\n\n<p><strong>3.-Acta del Pleno extraordinario del 29\/11\/2022.<\/strong><\/p>\n\n\n\n<p>Se ha aprobado por unanimidad de los asistentes.<\/p>\n\n\n\n<p><strong>4.-Calendario fiscal del 2023.<\/strong><\/p>\n\n\n\n<p>Se ha aprobado por unanimidad.<\/p>\n\n\n\n<p>El calendario fiscal para el a\u00f1o 2023, ser\u00e1 el siguiente:<\/p>\n\n\n\n<figure class=\"wp-block-table\"><table><tbody><tr><td><strong>CONCEPTO<\/strong><strong><\/strong><\/td><td class=\"has-text-align-center\" data-align=\"center\"><strong>PERIODO DE PAGO<\/strong><strong><\/strong><\/td><\/tr><tr><td>Tasa conservaci\u00f3n cementerio<\/td><td class=\"has-text-align-center\" data-align=\"center\">31\/01\/2023 \u2013 31\/03\/2023<\/td><\/tr><tr><td>Tasa basuras (1\u00ba recibo)<\/td><td class=\"has-text-align-center\" data-align=\"center\">31\/03\/2023 \u2013 31\/05\/2023<\/td><\/tr><tr><td>Impuesto Veh\u00edculos Tracci\u00f3n Mec\u00e1nica<\/td><td class=\"has-text-align-center\" data-align=\"center\">31\/03\/2023 \u2013 31\/05\/2023<\/td><\/tr><tr><td>IBI urbana (1\u00ba recibo)<\/td><td class=\"has-text-align-center\" data-align=\"center\">28\/04\/2023 \u2013 30\/06\/2023<\/td><\/tr><tr><td>IBI caracter\u00edsticas especiales<\/td><td class=\"has-text-align-center\" data-align=\"center\">28\/04\/2023 \u2013 30\/06\/2023<\/td><\/tr><tr><td>IBI r\u00fastica<\/td><td class=\"has-text-align-center\" data-align=\"center\">30\/06\/2023 \u2013 31\/08\/2023<\/td><\/tr><tr><td>Tasa de ocupaci\u00f3n de dominio p\u00fablico<\/td><td class=\"has-text-align-center\" data-align=\"center\">30\/06\/2023 \u2013 31\/08\/2023<\/td><\/tr><tr><td>IAE<\/td><td class=\"has-text-align-center\" data-align=\"center\">28\/07\/2023 \u2013 29\/09\/2023<\/td><\/tr><tr><td>Tasa de basuras (2\u00ba recibo)<\/td><td class=\"has-text-align-center\" data-align=\"center\">28\/07\/2023 \u2013 29\/09\/2023<\/td><\/tr><tr><td>IBI urbana (2\u00ba recibo)<\/td><td class=\"has-text-align-center\" data-align=\"center\">31\/08\/2023 \u2013 31\/10\/2023<\/td><\/tr><\/tbody><\/table><\/figure>\n\n\n\n<p><strong>5.-Plan estrat\u00e9gico de subvenciones del 2023<\/strong><\/p>\n\n\n\n<p>Se ha aprobado con los votos a favor de Comprom\u00eds amb la Bisbal (6), las abstenciones del PSC (2) y Units per la Bisbal-FIC (1) y el voto en contra de Ara la Bisbal (1).<\/p>\n\n\n\n<p>Se aprueba el Plan estrat\u00e9gico de subvenciones para el 2023 con un total de 174.620\u20ac. Este importe se destinar\u00e1 a conceder subvenciones a favor de personas o entidades privadas con el objetivo de fomentar la realizaci\u00f3n de actividades de utilidad p\u00fablica o de inter\u00e9s local. Las subvenciones, para el 2023, se dividen en siete \u00e1reas:<\/p>\n\n\n\n<p><span style=\"text-decoration: underline;\">Prevenci\u00f3n y extinci\u00f3n de incendios:<\/span> 5.000\u20ac<\/p>\n\n\n\n<p>Convenio con la ADF Clot de Bou.<\/p>\n\n\n\n<p><span style=\"text-decoration: underline;\">Asistencia Social Primaria:<\/span> 10.000\u20ac<\/p>\n\n\n\n<p>Ayudas a familias vulnerables: 10.000\u20ac<\/p>\n\n\n\n<p>Ayudas econ\u00f3micas de urgencia social para atender necesidades puntuales y b\u00e1sicas de subsistencia de personas en situaci\u00f3n de vulnerabilidad y exclusi\u00f3n social. Son de concesi\u00f3n directa, previa valoraci\u00f3n de servicios sociales.<\/p>\n\n\n\n<p><span style=\"text-decoration: underline;\">Fomento de la ocupaci\u00f3n:<\/span> 20.000\u20ac<\/p>\n\n\n\n<p>-Subvenci\u00f3n para la creaci\u00f3n de puestos de trabajo: 10.000\u20ac<\/p>\n\n\n\n<p>Subvenci\u00f3n para la creaci\u00f3n de puestos de trabajo durante el 2022, por parte de empresas ubicadas al t\u00e9rmino municipal de la Bisbal. Es por concurrencia competitiva y la convocatoria se aprobar\u00e1 durante el 2023.<\/p>\n\n\n\n<p>-Subvenci\u00f3n para nuevos aut\u00f3nomos: 10.000\u20ac<\/p>\n\n\n\n<p>Subvenci\u00f3n para <em>bisbalencs<\/em> y <em>bisbalenques<\/em> que se hayan establecido como aut\u00f3nomos\/se durante el 2022. Se aprobar\u00e1 la convocatoria durante el 2023.<\/p>\n\n\n\n<p><span style=\"text-decoration: underline;\">Educaci\u00f3n: <\/span>62.620\u20ac<\/p>\n\n\n\n<p>-Subvenci\u00f3n para la Escuela Ull de Vent: 16.620\u20ac<\/p>\n\n\n\n<p>Subvenci\u00f3n nominativa en la Escuela Ull de Vent de la Bisbal del Pened\u00e8s para el curso 2022\/23, para material escolar.<\/p>\n\n\n\n<p>-Subvenciones escolares de primaria de la Escuela Ull de Vent: libros, transporte escolar y comedor escolar: 36.000\u20ac<\/p>\n\n\n\n<p>Con estas subvenciones se pretende ayudar las familias de la Bisbal del Pened\u00e8s a hacer frente a los gastos derivados de la adquisici\u00f3n de los libros de texto de primaria, y de los servicios de transporte y comedor escolares, as\u00ed como favorecer la socializaci\u00f3n de estos libros, fomentar el uso del transporte escolar del Consell Comarcal del Baix Pened\u00e8s y facilitar la conciliaci\u00f3n de la vida familiar y laboral.<\/p>\n\n\n\n<p>-Subvenci\u00f3n para los libros escolares del Instituto Coster de la Torre: 10.000\u20ac<\/p>\n\n\n\n<p>Subvenciones en materia de ense\u00f1anza para la adquisici\u00f3n de los libros de texto del Instituto Coster de la Torre para el curso 2022\/23.<\/p>\n\n\n\n<p><span style=\"text-decoration: underline;\">Promoci\u00f3n Cultural:<\/span> 49.000\u20ac<\/p>\n\n\n\n<p>-Premios del concurso literario de San Jordi: 1.500\u20ac<\/p>\n\n\n\n<p>-Subvenciones para entidades y asociaciones: 5.000\u20ac<\/p>\n\n\n\n<p>Subvenciones para entidades culturales y asociaciones de vecinos del municipio, destinadas a la financiaci\u00f3n de las actividades que organicen y de los gastos ordinarios que soporten durante el ejercicio 2023.<\/p>\n\n\n\n<p>-Convenios con entidades para el 2023: 42.500\u20ac<\/p>\n\n\n\n<ul><li>La Societat: 12.000\u20ac<\/li><li>Ball de Diables: 15.000\u20ac<\/li><li>Colla Castellera de la Bisbal del Pened\u00e8s (Bous): 11.500\u20ac<\/li><li>Cors Antistiana: 4.000\u20ac<\/li><\/ul>\n\n\n\n<p><span style=\"text-decoration: underline;\">Promoci\u00f3n del deporte: <\/span>25.000\u20ac<\/p>\n\n\n\n<ul><li>Patrocinios deportivos: 2.000\u20ac<\/li><li>Convenio con Joventut Bisbalenca CF: 23.000\u20ac<\/li><\/ul>\n\n\n\n<p><span style=\"text-decoration: underline;\">Subvenciones a la natalidad y adopci\u00f3n:<\/span> 3.000\u20ac<\/p>\n\n\n\n<p>Subvenciones a las familias que hayan tenido o adoptado uno\/a hijo\/a durante el a\u00f1o 2022, consistentes en una ayuda de car\u00e1cter econ\u00f3mico, de importe de 100\u20ac, en 10 vales de compra de 10\u20ac cada uno, para ser intercambiados -por bienes y servicios- en los comercios adheridos a la campa\u00f1a.<\/p>\n\n\n\n<p><strong>6.-Modificaci\u00f3n de la retribuci\u00f3n de la alcaldesa<\/strong><\/p>\n\n\n\n<p>Se ha aprobado con los votos a favor de Comprom\u00eds amb la Bisbal (6), PSC (2) y Units per la Bisbal \u2013 FIC (1) y la abstenci\u00f3n de Ara la Bisbal (1).<\/p>\n\n\n\n<p>La alcaldesa de la Bisbal del Pened\u00e8s, Agn\u00e8s Ferr\u00e9, tom\u00f3 posesi\u00f3n como diputada de la Diputaci\u00f3n de Tarragona el pasado 16 de diciembre. Los Diputados y Diputadas del gobierno, reciben retribuci\u00f3n en dedicaci\u00f3n parcial o exclusiva. La alcaldesa <em>bisbalenca<\/em> ha escogido retribuci\u00f3n en dedicaci\u00f3n parcial en la Diputaci\u00f3n e indemnizaciones por asistencias a los \u00f3rganos colegiados del Ayuntamiento y, por este motivo, ha renunciado a la retribuci\u00f3n de dedicaci\u00f3n exclusiva del Ayuntamiento desde el 16 de diciembre.<\/p>\n\n\n\n<p><strong>7.-Aprobaci\u00f3n inicial del Plan director del suministro de agua potable y alcantarillado.<\/strong><\/p>\n\n\n\n<p>Se ha aprobado por unanimidad.<\/p>\n\n\n\n<p>El contrato del servicio de abastecimiento de agua potable y alcantarillado con Aqualia incluye la redacci\u00f3n del Plan director del servicio por parte de la empresa, efectuando una diagnosis y un an\u00e1lisis de las necesidades actuales y futuras y proponiendo actuaciones encaminadas a la planificaci\u00f3n del crecimiento, adecuaci\u00f3n y mejora de las redes y de las instalaciones. Seg\u00fan la concejala del Servicio de Abastecimiento de Agua, Leo Uceda, <em>\u201cen el Ayuntamiento no hab\u00eda ning\u00fan estudio del estado de las redes de agua ni de qu\u00e9 inversiones se ten\u00edan que hacer para mejorar el servicio\u201d.<\/em> Por este motivo, se ha redactado y se ha elevado al Pleno este Plan director, que permite <em>\u201cconocer el estado de las redes y, a partir de aqu\u00ed, dar soluci\u00f3n a las carencias existentes\u201d.<\/em><\/p>\n\n\n\n<p>Los objetivos del Plan director son los siguientes:<\/p>\n\n\n\n<ul><li>Inventariar la red de suministro de agua y de alcantarillado existente de los n\u00facleos urbanos del municipio.<\/li><li>Estudiar el estado actual de las redes de suministro de agua y alcantarillado del municipio.<\/li><li>Analizar el funcionamiento de las redes en un horizonte temporal fijado en el 2023, teniendo en cuenta el crecimiento urban\u00edstico, demogr\u00e1fico y econ\u00f3mico previsto.<\/li><li>Realizar anualmente una propuesta de plan de inversiones necesarias para garantizar el correcto funcionamiento de las redes de suministro y alcantarillado.<\/li><\/ul>\n\n\n\n<p>Uceda ha explicado que <em>\u201cen las comisiones de seguimiento del servicio de agua y alcantarillado de los \u00faltimos meses, hemos trabajado las inversiones a realizar el 2023 en las mejoras en la red de agua, que son las que constan en el presupuesto\u201d<\/em>. El importe de estas asciende adem\u00e1s de un mill\u00f3n de euros. Son las siguientes:<\/p>\n\n\n\n<p>-Actuaci\u00f3n de mejora en la red del Priorat:<\/p>\n\n\n\n<ul><li>Cambiar y soterrar 437 metros de tubos en las calles Zamora, Cuenca, Teruel, C\u00f3rdoba y la Coru\u00f1a.<\/li><li>Cambiar las v\u00e1lvulas reguladoras en la calle Huesca y en la intersecci\u00f3n de la calle Huesca con la avenida del Priorat.<\/li><li>Hacer las uniones en la red de la avenida del Priorat, en los puntos donde la ca\u00f1er\u00eda no tiene continuidad (Soria, Guadalajara, Cuenca, Zamora, San Sebasti\u00e1n, Burgos y Badajoz), para evitar puntos ciegos de acumulaci\u00f3n de suciedad y mejorar las presiones en la red.<\/li><\/ul>\n\n\n\n<p>-Actuaci\u00f3n de mejora en la red de Can Gordei:<\/p>\n\n\n\n<ul><li>Cambiar y soterrar 693 metros de tubo en las calles Llobregat, Ebro, Tordera y Bes\u00f2s.<\/li><li>Instalar 3 v\u00e1lvulas reguladoras en la calle Cinca con la calle Noguera Pallaresa, calle Segre con la avenida Can Gordei y calle Ter con calle Gai\u00e0, donde tambi\u00e9n se instalar\u00e1 un contador volum\u00e9trico.<\/li><\/ul>\n\n\n\n<p>-Telecontrol y otras inversiones al pozo del Esplai para la recepci\u00f3n de este por parte de Aqualia.<\/p>\n\n\n\n<p>-Instalaci\u00f3n de reguladora de presi\u00f3n a la Masieta.<\/p>\n\n\n\n<p>-Cambio de la red de agua del barrio de la Riba.<\/p>\n\n\n\n<p>A partir de este Plan director, en el 2023 se marcar\u00e1n y presupuestar\u00e1n las inversiones a realizar durante el 2024 y, as\u00ed, sucesivamente.<\/p>\n\n\n\n<p><strong>8.-Reconocimiento extrajudicial de cr\u00e9ditos.<\/strong><\/p>\n\n\n\n<p>Se ha aprobado por unanimidad.<\/p>\n\n\n\n<p>Se aprueba el pago de una factura de material de alumbrado p\u00fablico del 30 de noviembre de 2018 por un importe de 245\u20ac.<\/p>\n\n\n\n<p>Seg\u00fan ha explicado la alcaldesa del municipio, Agn\u00e8s Ferr\u00e9, <em>\u201cla factura no lleg\u00f3 al Ayuntamiento hasta marzo de 2022, al inicio de la pandemia, y no se tramit\u00f3, qued\u00f3 pendiente\u201d.<\/em><\/p>\n\n\n\n<p>Este a\u00f1o, la empresa ha reclamado este pago y como que se trata de un pago de otro ejercicio, hab\u00eda que hacer la aprobaci\u00f3n por pleno, para poder aprobar la factura y el pago.<\/p>\n\n\n\n<p><strong>9.-Modificaci\u00f3n de las bases reguladoras de las subvenciones en materia de ense\u00f1anza.<\/strong><\/p>\n\n\n\n<p>Se ha aprobado con los votos a favor de Comprom\u00eds amb la Bisbal (6), PSC (2) y Units per la Bisbal-FIC (1) y el voto en contra de Ara la Bisbal (1).<\/p>\n\n\n\n<p>El AMPA de la Escuela Ull de Vent le ha comunicado al Ayuntamiento de la Bisbal del Pened\u00e8s que no se encargar\u00e1 directamente del reciclaje ni de la socializaci\u00f3n de los libros de texto y que lo gestionar\u00e1 una empresa, del mismo modo que se hace en el Instituto Coster de la Torre. Por este motivo, se ha elevado al Pleno la modificaci\u00f3n de las bases de subvenciones de ense\u00f1anza, volviendo a incluir la subvenci\u00f3n para los libros de la escuela. Seg\u00fan ha explicado la concejala de Educaci\u00f3n, Leo Uceda, <em>\u201caprovechamos esta modificaci\u00f3n para simplificar las bases\u201d. <\/em>As\u00ed, en vez de cuatro convocatorias de subvenciones para las familias en materia de ense\u00f1anza (convocatoria de subvenciones para los libros de la escuela Ull de Vent, dentro del programa de socializaci\u00f3n de libros; convocatoria de subvenciones para el comedor escolar de la Escuela Ull de Vent; convocatoria de subvenciones para el transporte escolar de la Escuela Ull de Vent; y convocatoria de subvenciones para los libros de ESO del Instituto Coster de la Torre, dentro del programa de socializaci\u00f3n de libros), se proponen dos \u00fanicas convocatorias de subvenciones para las familias, en materia de ense\u00f1anza:<\/p>\n\n\n\n<ul><li><strong>1.-Convocatoria de subvenciones a los\/las alumnas de primaria de la Escuela Ull de Vent.<\/strong><br>Incluir\u00e1: transporte escolar, transporte escolar intramunicipal (prestado por el Consell Comarcal del Baix Pened\u00e8s), libros de texto dentro del programa de socializaci\u00f3n de libros y comedor escolar.<br>Las familias solicitan la subvenci\u00f3n y se conceder\u00e1 por un m\u00e1ximo de 500\u20ac por alumno\/a y curso acad\u00e9mico. Leo Uceda ha explicado que <em>\u201cel importe se ha calculado sumando los libros, el comedor escolar y los transporte y, por lo tanto, se sigue subvencionando el mismo que en a\u00f1os anteriores\u201d.<\/em><\/li><li><strong>2.-Convocatoria de subvenciones a los\/las alumnas de la secundaria obligatoria del Instituto Coster de la Torre, para los\u00a0 libros de texto dentro del programa de socializaci\u00f3n de libros. El importe m\u00e1ximo a subvencionar es de 200\u20ac y no var\u00eda respecto a los a\u00f1os anteriores.<\/strong><br>Estas convocatorias ya ser\u00e1n de aplicaci\u00f3n para este curso 2022\/23 y se aprobar\u00e1n a final de curso.<\/li><\/ul>\n\n\n\n<p><strong>10.-Pr\u00f3rroga para el 2023 de la delegaci\u00f3n de la recogida, tratamiento y eliminaci\u00f3n de residuos al Consell Comarcal del Baix Pened\u00e8s.<\/strong><\/p>\n\n\n\n<p>Se ha aprobado con los votos a favor de Comprom\u00eds amb la Bisbal (6), PSC (2) y Units per la Bisbal-FIC (1) y la abstenci\u00f3n de Ara la Bisbal (1).<\/p>\n\n\n\n<p>El 31 de diciembre de 2022 finalizaba el convenio con el Consell Comarcal del Baix Pened\u00e8s para la recogida, tratamiento y eliminaci\u00f3n de residuos. A principios de diciembre, el Consell Comarcal del Baix Pened\u00e8s &nbsp;le comunic\u00f3 al Ayuntamiento de la Bisbal del Pened\u00e8s la pr\u00f3rroga del contrato del servicio de recogida, transporte, tratamiento y\/o eliminaci\u00f3n de residuos un a\u00f1o m\u00e1s, hasta el 31 de diciembre de 2023. Desde el Consell Comarcal del Baix Pened\u00e8s se aprobar\u00e1 pr\u00f3ximamente la licitaci\u00f3n del nuevo servicio y, por este motivo, se prorroga el servicio actual durante el 2023.<\/p>\n\n\n\n<p>El importe del servicio de recogida, transporte y eliminaci\u00f3n de residuos para el 2023 asciende a 605.931,22\u20ac. El convenio mejora e incrementa algunos servicios (como por ejemplo los d\u00edas de la recogida puerta a puerta) y el precio ha sufrido un aumento, en parte por la mejora de servicios y, en parte, por el incremento del precio de los carburantes y de las tasas por no separar correctamente los residuos a los contenedores.<\/p>\n\n\n\n<p><strong>PARTE DE CONTROL<\/strong><\/p>\n\n\n\n<p><strong>11.-Dar cuenta de los Decretos de alcald\u00eda<\/strong><\/p>\n\n\n\n<p>Se da cuenta al Pleno de los decretos de alcald\u00eda desde el anterior Pleno ordinario hasta la convocatoria de este \u00faltimo Pleno ordinario.<\/p>\n\n\n\n<p><strong>12.-Dar cuenta de los acuerdos de la Junta de Gobierno.<\/strong><\/p>\n\n\n\n<p>Se da cuenta al Pleno de los acuerdos de la Junta de Gobierno desde el anterior Pleno ordinario hasta la convocatoria de este \u00faltimo Pleno ordinario.<\/p>\n\n\n\n<p><strong>13.-Moci\u00f3n para la realizaci\u00f3n de una consulta popular por v\u00eda de refer\u00e9ndum, presentada por Units per la Bisbal-FIC y ERC-AM.<\/strong><\/p>\n\n\n\n<p>No se aprueba. Votos a favor: Units per la Bisbal-FIC (1). Votos en contra: Comprom\u00eds amb la Bisbal (6), PSC (2) y Ara la Bisbal (1).<\/p>\n\n\n\n<p>En relaci\u00f3n con la consulta p\u00fablica que se llev\u00f3 a cabo, desde el Ayuntamiento de la Bisbal del Pened\u00e8s, sobre la modificaci\u00f3n del planeamiento municipal para la construcci\u00f3n de un nuevo pol\u00edgono industrial de 84 hect\u00e1reas, ERC-AM y Units per la Bisbal-FIC han presentado esta moci\u00f3n para la realizaci\u00f3n de una consulta popular por v\u00eda de refer\u00e9ndum. Se propon\u00eda aprobar los siguientes acuerdos:<\/p>\n\n\n\n<p>\u201cPRIMERO. Convocar un refer\u00e9ndum municipal, con una pregunta clara: \u201c\u00bfEst\u00e1 a favor de la recalificaci\u00f3n de 84 hect\u00e1reas de sol no urbanizable en urbanizable en el \u00e1mbito de los Masos para la instalaci\u00f3n de un pol\u00edgono log\u00edstico?\u201d<\/p>\n\n\n\n<p>SEGUNDO. No realizar ning\u00fan tr\u00e1mite relacionado con la modificaci\u00f3n del planeamiento hasta el escrutinio y resultado final del refer\u00e9ndum\u201d.<\/p>\n\n\n\n<p><strong>14.-Moci\u00f3n contra el proyecto de modificaci\u00f3n de normas subsidiarias (els Masos), presentada por Ara la Bisbal.<\/strong><\/p>\n\n\n\n<p>No se aprueba. Votos a favor: Units per la Bisbal-FIC (1) y Ara la Bisbal (1). Votos en contra: Comprom\u00eds amb la Bisbal (6) y PSC (2).<\/p>\n\n\n\n<p>En relaci\u00f3n con la consulta p\u00fablica que se llev\u00f3 a cabo, desde el Ayuntamiento de la Bisbal del Pened\u00e8s, sobre la modificaci\u00f3n del planeamiento municipal para la construcci\u00f3n de un nuevo pol\u00edgono industrial de 84 hect\u00e1reas, Ara la Bisbal ha presentado esta moci\u00f3n \u201ccontra el proyecto de modificaci\u00f3n de las normas subsidiarias y en rechazo contundente a este proyecto\u201d. Se propon\u00eda aprobar los siguientes acuerdos:<\/p>\n\n\n\n<p>\u201cPRIMERO. No se d\u00e9 tr\u00e1mite a ninguna modificaci\u00f3n de las normas subsidiarias para la modificaci\u00f3n del suelo no urbanizable a urbanizable.<\/p>\n\n\n\n<p>SEGUNDO. No se inicien los tr\u00e1mites para la revisi\u00f3n general del planeamiento a trav\u00e9s de un Plan de ordenaci\u00f3n urban\u00edstica municipal (POUM), que es lo que corresponde legalmente en esta situaci\u00f3n, que debe ser de iniciativa p\u00fablica y que vele por el inter\u00e9s del municipio y de sus ciudadanos y no a los de los promotores privados\u201d.<\/p>\n\n\n\n<p><strong>15.-Dar cuenta del informe final de la auditor\u00eda h\u00eddrica del sistema de abastecimiento de agua.<\/strong><\/p>\n\n\n\n<p>Junto con el Plan director del suministro de agua potable y alcantarillado, el Ayuntamiento de la Bisbal del Pened\u00e8s pidi\u00f3 a Aqualia que hiciera una auditor\u00eda h\u00eddrica del sistema de abastecimiento del agua y, Aqualia, le encarg\u00f3 al <em>bisbalenc<\/em> Josep Ma. Campanera.<\/p>\n\n\n\n<p>Seg\u00fan ha explicado la alcaldesa Agn\u00e8s Ferr\u00e9 <em>\u201cse trata de un m\u00e9todo para cuantificar todos los caudales de agua -tanto los de entrada como los de salida- de un sistema de abastecimiento de agua potable para entender el uso, reducir las p\u00e9rdidas y, en definitiva, mejorar la eficiencia del sistema de abastecimiento. La diagnosis tiene un doble objetivo: determinar los indicadores de eficiencia del sistema de abastecimiento y evaluar el potencial ahorrador del sistema en el marco de la previsi\u00f3n de las demandas de agua en el mediano plazo\u201d.<\/em><\/p>\n\n\n\n<p>Ferr\u00e9 ha a\u00f1adido que <em>\u201clas auditor\u00edas h\u00eddricas y los planes de conservaci\u00f3n del agua son el camino para reducir las necesidades de agua suministrada en un sistema de abastecimiento municipal con todas las implicaciones positivas asociadas como por ejemplo las ambientales, las econ\u00f3micas y las sociales. Se trata de un documento muy interesante que acompa\u00f1a el Plan director y que nos servir\u00e1 para establecer, durante el 2023, varias medidas de ahorro de agua\u201d.<\/em><\/p>\n\n\n\n<p><strong>16.-Dar cuenta del informe de Intervenci\u00f3n de la ejecuci\u00f3n del presupuesto del 3.\u00ba trimestre de 2022.<\/strong><\/p>\n\n\n\n<p>El pasado 28 de octubre, el Ayuntamiento hizo llegar al Ministerio de Hacienda y Administraciones P\u00fablicas un resumen del estado de ejecuci\u00f3n del presupuesto acumulado al final de cada trimestre.<\/p>\n\n\n\n<p><strong>17.-Dar cuenta del informe de intervenci\u00f3n del periodo medio de pago del 3.\u00ba trimestre de 2022<\/strong><\/p>\n\n\n\n<p>Se da cuenta al Pleno que el periodo medio de pago del 3.\u00ba trimestre es de 17,04 d\u00edas. El Ayuntamiento no supera el l\u00edmite el periodo medio de pago a proveedores legalmente previsto.<\/p>\n\n\n\n<p><strong>18.-Dar cuenta del informe de intervenci\u00f3n del c\u00e1lculo de la estabilidad presupuestaria de la modificaci\u00f3n de cr\u00e9dito 1PLE\/2022<\/strong><\/p>\n\n\n\n<p>Se da cuenta al Pleno del informe de intervenci\u00f3n del 13 de abril, del c\u00e1lculo de la estabilidad presupuestaria de la modificaci\u00f3n de cr\u00e9dito 1PLE\/2022.<\/p>\n\n\n\n<p><strong>19.-Dar cuenta del informe de Intervenci\u00f3n del c\u00e1lculo de la estabilidad presupuestaria de la modificaci\u00f3n de cr\u00e9dito 2PLE\/2022<\/strong><\/p>\n\n\n\n<p>Se da cuenta al Pleno del informe de intervenci\u00f3n del 13 de abril, del c\u00e1lculo de la estabilidad presupuestaria de la modificaci\u00f3n de cr\u00e9dito 2PLE\/2022.<\/p>\n\n\n\n<p><strong>20.- Dar cuenta del informe de Intervenci\u00f3n del c\u00e1lculo de la estabilidad presupuestaria de la modificaci\u00f3n de cr\u00e9dito 4PLE\/2022<\/strong><\/p>\n\n\n\n<p>Se da cuenta al Pleno del informe de intervenci\u00f3n del 26 de octubre, del c\u00e1lculo de la estabilidad presupuestaria de la modificaci\u00f3n de cr\u00e9dito 4PLE\/2022.<\/p>\n\n\n\n<p><strong>21.- Dar cuenta del informe de Intervenci\u00f3n del c\u00e1lculo de la estabilidad presupuestaria de la modificaci\u00f3n de cr\u00e9dito 5PLE\/2022<\/strong><\/p>\n\n\n\n<p>Se da cuenta al Pleno del informe de intervenci\u00f3n del 24 de noviembre, del c\u00e1lculo de la estabilidad presupuestaria de la modificaci\u00f3n de cr\u00e9dito 5PLE\/2022.<\/p>\n\n\n\n<p><strong>22.-Dar cuenta al Pleno del Plan anual de control financiero 2023.<\/strong><\/p>\n\n\n\n<p>Se da cuenta al Pleno del Plan anual de control financiero de 2023. Este Plan establece la distribuci\u00f3n de las actuaciones a realizar entre personal de la misma intervenci\u00f3n y la contrataci\u00f3n externa de empresas de auditor\u00eda, teniendo en cuenta el l\u00edmite temporal impuesto por el art\u00edculo 37 del RD 424\/2017, el cual establece que los resultados del Pla tendr\u00e1n que estar elaborados y librados antes del 30 de abril.<\/p>\n\n\n\n<p><strong>23.-Ruegos y preguntas.<\/strong><\/p>\n","protected":false},"excerpt":{"rendered":"<p>Aquest dilluns 19 de desembre, a les 19h, la sala de Plens ha acollit la celebraci\u00f3 del Ple ordinari de l\u2019Ajuntament de la Bisbal del Pened\u00e8s corresponent al darrer trimestre &hellip; <a href=\"https:\/\/bisbalpenedes.com\/web\/2022\/12\/22\/aquest-dilluns-19-de-desembre-sha-celebrat-el-darrer-ple-ordinari-de-lany-de-lajuntament-de-la-bisbal-del-penedes\/\" class=\"more-link\">Read More<\/a><\/p>\n","protected":false},"author":4,"featured_media":24423,"comment_status":"closed","ping_status":"closed","sticky":false,"template":"","format":"standard","meta":[],"categories":[8,2251,2250],"tags":[459,5690,393,249],"_links":{"self":[{"href":"https:\/\/bisbalpenedes.com\/web\/wp-json\/wp\/v2\/posts\/24421"}],"collection":[{"href":"https:\/\/bisbalpenedes.com\/web\/wp-json\/wp\/v2\/posts"}],"about":[{"href":"https:\/\/bisbalpenedes.com\/web\/wp-json\/wp\/v2\/types\/post"}],"author":[{"embeddable":true,"href":"https:\/\/bisbalpenedes.com\/web\/wp-json\/wp\/v2\/users\/4"}],"replies":[{"embeddable":true,"href":"https:\/\/bisbalpenedes.com\/web\/wp-json\/wp\/v2\/comments?post=24421"}],"version-history":[{"count":5,"href":"https:\/\/bisbalpenedes.com\/web\/wp-json\/wp\/v2\/posts\/24421\/revisions"}],"predecessor-version":[{"id":24428,"href":"https:\/\/bisbalpenedes.com\/web\/wp-json\/wp\/v2\/posts\/24421\/revisions\/24428"}],"wp:featuredmedia":[{"embeddable":true,"href":"https:\/\/bisbalpenedes.com\/web\/wp-json\/wp\/v2\/media\/24423"}],"wp:attachment":[{"href":"https:\/\/bisbalpenedes.com\/web\/wp-json\/wp\/v2\/media?parent=24421"}],"wp:term":[{"taxonomy":"category","embeddable":true,"href":"https:\/\/bisbalpenedes.com\/web\/wp-json\/wp\/v2\/categories?post=24421"},{"taxonomy":"post_tag","embeddable":true,"href":"https:\/\/bisbalpenedes.com\/web\/wp-json\/wp\/v2\/tags?post=24421"}],"curies":[{"name":"wp","href":"https:\/\/api.w.org\/{rel}","templated":true}]}}